{"id":153494,"date":"2025-12-16T07:38:07","date_gmt":"2025-12-16T07:38:07","guid":{"rendered":"https:\/\/www.europesays.com\/pl\/153494\/"},"modified":"2025-12-16T07:38:07","modified_gmt":"2025-12-16T07:38:07","slug":"tusk-po-szczycie-w-berlinie-w-sprawie-pokoju-w-ukrainie-widac-jednosc-usa-europy-i-ukrainy-wyborcza-pl","status":"publish","type":"post","link":"https:\/\/www.europesays.com\/pl\/153494\/","title":{"rendered":"Tusk po szczycie w Berlinie w sprawie pokoju w Ukrainie: wida\u0107 jedno\u015b\u0107 USA, Europy i Ukrainy &#8211; Wyborcza.pl"},"content":{"rendered":"<ol>\n<li><a href=\"https:\/\/news.google.com\/rss\/articles\/CBMiYEFVX3lxTFBjOHhTeER5aWdiS0ZDUVhReWtTLS1EU1ZxLUNFWjVib1lLdk9aMkkxeUluckkzNm5LUmpOdG9MTkVaa0ItXzhTak5CRTRHd1l2bjVuYVBvd1B1eWp0U1F2dQ?oc=5\" target=\"_blank\" rel=\"nofollow noopener\">Tusk po szczycie w Berlinie w sprawie pokoju w Ukrainie: wida\u0107 jedno\u015b\u0107 USA, Europy i Ukrainy<\/a>&nbsp;&nbsp;Wyborcza.pl<\/li>\n<li><a href=\"https:\/\/news.google.com\/rss\/articles\/CBMiogFBVV95cUxQQ1FZT0FyWVp0OVh6Q3hPQV82bER1V2MxR2p5QWtNenY3V2FHZEh2d0tjNUU4cnNsNXJCSk9CV09xd2htQkwyN2o2N3BTNVQ3ZHVWQk9QclVXcVdjWUR1d09XXzV2cHoxOWl4RkVQVjRJanFrV3hCSHZyejBUaEF5Vl9lRlZpWE5faFpZaDAyNEJZRW1OV0JfSTROSEhtZEhENFE?oc=5\" target=\"_blank\" rel=\"nofollow noopener\">Donald Tusk po szczycie w Berlinie: po raz pierwszy us\u0142ysza\u0142em to z ust ameryka\u0144skich negocjator\u00f3w<\/a>&nbsp;&nbsp;Onet Wiadomo\u015bci<\/li>\n<li><a href=\"https:\/\/news.google.com\/rss\/articles\/CBMiiwFBVV95cUxNQi1MdGlpYlZhRU9EZ0w2ZHVZUVYxRk5JVXJDcmJVdGU1R2lwMkRQd0IweE1sdmU5S0QtZmhaNVdiNGZTYlVvZlZpdUUyX3RyQkoyMjUzeFF6RG9CV3JSX0x1alY1bm44TS1IckFzQ1Jtdi13R0tkOVZFT1FlSDhrWVM0UTAzVTBteElF?oc=5\" target=\"_blank\" rel=\"nofollow noopener\">Dwa dni rozm\u00f3w w sprawie Ukrainy. &#8222;Mina, kt\u00f3ra grozi wysadzeniem ca\u0142ego przedsi\u0119wzi\u0119cia&#8221;<\/a>&nbsp;&nbsp;TVN24<\/li>\n<li><a href=\"https:\/\/news.google.com\/rss\/articles\/CBMivAFBVV95cUxNVmh3dE1PMU81NmpVR1cxN1FqVDZEVGtGT1MwT3R4Mk13NWpSMWZSajFmN0VkY1ZaZTlOLWRNbEZKRVNJMmNPVnlvWHFjX0lHMkhDYUoxaGNYX3hXVXAxQk4tdjhjdzlfeGZMRVg3UEpSZmo2MnVhdnVUWUgxancyTTJQS1JHVktYY2x1cThqSG1EUy04QUV3dXpqM0hfVTRQaHlvbVBZZ0tDRU5JMjdpaUxxZVRkS2hEdnJCSw?oc=5\" target=\"_blank\" rel=\"nofollow noopener\">\u015awiatowi liderzy ujawniaj\u0105 ustalenia z Berlina. &#8222;Jeste\u015bmy blisko&#8221;<\/a>&nbsp;&nbsp;Gazeta<\/li>\n<li><a href=\"https:\/\/news.google.com\/rss\/articles\/CBMirAFBVV95cUxQUEFFcEEyQUZUN3VaM0F1eGFqTVc5Ni1TU2t1anlSeG1KQWgwemFMM0hpZXNjT3ZYaFNBSWhxbGRVZy1OVncxbnBBak5uc25ld3FRY1pkMXVqTWR6X0V4dlBzOTV3Y20xa0QxUTdyQVlNekR0MW5HSWJoSXcxZHVsVUg4dHg5Mi04emt0MVBLclpZcVpxeHZROGF3cDk3SnVtbDFfWF9zT0VVVW5V?oc=5\" target=\"_blank\" rel=\"nofollow noopener\">Zach\u00f3d tworzy wsp\u00f3lny front wobec Rosji. Tusk m\u00f3wi o prze\u0142omie<\/a>&nbsp;&nbsp;Business Insider Polska<\/li>\n<\/ol>\n","protected":false},"excerpt":{"rendered":"Tusk po szczycie w Berlinie w sprawie pokoju w Ukrainie: wida\u0107 jedno\u015b\u0107 USA, Europy i Ukrainy&nbsp;&nbsp;Wyborcza.pl Donald Tusk&hellip;\n","protected":false},"author":2,"featured_media":153495,"comment_status":"","ping_status":"","sticky":false,"template":"","format":"standard","meta":{"footnotes":""},"categories":[5],"tags":[32,33,36,37,27,34,35,28,31,25,42,38,40,39,41,29,30,26],"class_list":{"0":"post-153494","1":"post","2":"type-post","3":"status-publish","4":"format-standard","5":"has-post-thumbnail","7":"category-naglowki","8":"tag-breaking-news","9":"tag-breakingnews","10":"tag-featured-news","11":"tag-featurednews","12":"tag-headlines","13":"tag-latest-news","14":"tag-latestnews","15":"tag-naglowki","16":"tag-najwazniejsze-artykuly","17":"tag-news","18":"tag-pl","19":"tag-poland","20":"tag-polish","21":"tag-polska","22":"tag-polski","23":"tag-top-stories","24":"tag-topstories","25":"tag-wiadomosci"},"share_on_mastodon":{"url":"https:\/\/pubeurope.com\/@pl\/115728109067618781","error":""},"_links":{"self":[{"href":"https:\/\/www.europesays.com\/pl\/wp-json\/wp\/v2\/posts\/153494","targetHints":{"allow":["GET"]}}],"collection":[{"href":"https:\/\/www.europesays.com\/pl\/wp-json\/wp\/v2\/posts"}],"about":[{"href":"https:\/\/www.europesays.com\/pl\/wp-json\/wp\/v2\/types\/post"}],"author":[{"embeddable":true,"href":"https:\/\/www.europesays.com\/pl\/wp-json\/wp\/v2\/users\/2"}],"replies":[{"embeddable":true,"href":"https:\/\/www.europesays.com\/pl\/wp-json\/wp\/v2\/comments?post=153494"}],"version-history":[{"count":0,"href":"https:\/\/www.europesays.com\/pl\/wp-json\/wp\/v2\/posts\/153494\/revisions"}],"wp:featuredmedia":[{"embeddable":true,"href":"https:\/\/www.europesays.com\/pl\/wp-json\/wp\/v2\/media\/153495"}],"wp:attachment":[{"href":"https:\/\/www.europesays.com\/pl\/wp-json\/wp\/v2\/media?parent=153494"}],"wp:term":[{"taxonomy":"category","embeddable":true,"href":"https:\/\/www.europesays.com\/pl\/wp-json\/wp\/v2\/categories?post=153494"},{"taxonomy":"post_tag","embeddable":true,"href":"https:\/\/www.europesays.com\/pl\/wp-json\/wp\/v2\/tags?post=153494"}],"curies":[{"name":"wp","href":"https:\/\/api.w.org\/{rel}","templated":true}]}}