{"id":153504,"date":"2025-12-16T07:43:10","date_gmt":"2025-12-16T07:43:10","guid":{"rendered":"https:\/\/www.europesays.com\/pl\/153504\/"},"modified":"2025-12-16T07:43:10","modified_gmt":"2025-12-16T07:43:10","slug":"w-europie-odradza-sie-nazizm-absurdalne-oskarzenia-lawrowa-po-ruchach-ue","status":"publish","type":"post","link":"https:\/\/www.europesays.com\/pl\/153504\/","title":{"rendered":"&#8222;W Europie odradza si\u0119 nazizm&#8221;. Absurdalne oskar\u017cenia \u0141awrowa po ruchach UE"},"content":{"rendered":"<p class=\"ods-c-paragraph \">\u2014 Politycy w Niemczech i w innych krajach europejskich zaczynaj\u0105 wspomina\u0107 swoich przodk\u00f3w, kt\u00f3rzy byli aktywnymi cz\u0142onkami partii nazistowskiej, co budzi powa\u017cne zaniepokojenie \u2014 opowiada\u0142 \u0141awrow w wywiadzie dla ira\u0144skiego nadawcy publicznego IRIB, dodaj\u0105c, \u017ce w Europie od\u017cywaj\u0105 &#8222;idee i praktyki nazizmu&#8221;. Jak zapewnia\u0142, chodzi o podejmowanie wysi\u0142k\u00f3w, by zjednoczy\u0107 si\u0119 i walczy\u0107 przeciwko Rosji. \u2014 Tak jak robili to w przesz\u0142o\u015bci Hitler i Napoleon \u2014 przekonywa\u0142.<\/p>\n<p>Dalszy ci\u0105g artyku\u0142u pod materia\u0142em wideo<\/p>\n<p> Co stwierdzi\u0142 Siergiej \u0141awrow o Unii Europejskiej? <\/p>\n<p> Jakie s\u0105 oskar\u017cenia \u0141awrowa wobec europejskich polityk\u00f3w? <\/p>\n<p> Jak \u0141awrow ocenia sytuacj\u0119 z zamro\u017conymi rosyjskimi aktywami? <\/p>\n<p> Jakie dzia\u0142ania maj\u0105 doprowadzi\u0107 do rozejmu w Ukrainie? <\/p>\n<p class=\"ods-c-paragraph \">\u2014 Chodzi o otwarcie nazistowskie podej\u015bcie i ra\u017c\u0105ce lekcewa\u017cenie dzia\u0142a\u0144 re\u017cimu nazistowskiego w Ukrainie. Europa, zjednoczona pod flag\u0105 nazistowsk\u0105, po raz kolejny toczy wojn\u0119 z Rosj\u0105, w kt\u00f3r\u0105 zaanga\u017cowane s\u0105 europejskie pieni\u0105dze i europejscy instruktorzy, ale Ukrai\u0144cy s\u0105 wykorzystywani jako jej pe\u0142nomocnicy \u2014 k\u0142ama\u0142 \u0141awrow.<\/p>\n<p>   &#8222;Sk\u0142onno\u015b\u0107 do kradzie\u017cy w genach&#8221;<\/p>\n<p class=\"ods-c-paragraph \">Jak dodawa\u0142 rosyjski minister, sytuacja wok\u00f3\u0142 zamro\u017conych aktyw\u00f3w Rosji jasno dowodzi, \u017ce &#8222;kradzie\u017c jest we krwi Europejczyk\u00f3w&#8221;. \u2014 Nasi zachodni &#8222;koledzy&#8221; zdaj\u0105 si\u0119 mie\u0107 sk\u0142onno\u015b\u0107 do kradzie\u017cy w genach. Wiele \u015bwiatowych medi\u00f3w nie zwraca si\u0119 do przewodnicz\u0105cej Komisji Europejskiej Ursuli von der Leyen inaczej ni\u017c &#8222;Fuhrer Ursula&#8221; \u2014 zapewnia\u0142. Przypomnijmy, kilka dni temu <a href=\"https:\/\/wiadomosci.onet.pl\/swiat\/ue-podjela-decyzje-w-sprawie-rosyjskich-aktywow-dwa-kraje-byly-przeciw\/x9zh550\" id=\"b1eaf838-1335-4957-a2f3-cf26ef687f7a\" rel=\"nofollow noopener\" target=\"_blank\">pa\u0144stwa cz\u0142onkowskie UE podj\u0119\u0142y decyzj\u0119 o zamro\u017ceniu na sta\u0142e rosyjskich aktyw\u00f3w przechowywanych na terenie wsp\u00f3lnoty.<\/a><\/p>\n<p class=\"ods-c-paragraph \">Stwierdzi\u0142 r\u00f3wnie\u017c, \u017ce &#8222;Europa mia\u0142a wiele okazji, by w\u0142\u0105czy\u0107 si\u0119 w proces rozwi\u0105zania konfliktu na Ukrainie, ale zignorowa\u0142a je wszystkie&#8221; i Rosja obecnie &#8222;nie ma o czym rozmawia\u0107 z obecnymi europejskimi liderami&#8221;.<\/p>\n<p class=\"ods-c-paragraph \">W niedziel\u0119 i poniedzia\u0142ek w Berlinie odby\u0142a si\u0119 seria rozm\u00f3w dotycz\u0105cych dzia\u0142a\u0144, kt\u00f3re maj\u0105 doprowadzi\u0107 do rozejmu w Ukrainie. W\u015br\u00f3d gwarancji bezpiecze\u0144stwa dla Ukrainy, uzgodnionych mi\u0119dzy USA i Europ\u0105, znajduje si\u0119 kierowana przez Europ\u0119 i wspierana przez USA wojskowa misja ch\u0119tnych do tego kraj\u00f3w, dzia\u0142aj\u0105ca tak\u017ce na terytorium Ukrainy \u2014 <a href=\"https:\/\/wiadomosci.onet.pl\/swiat\/gwarancje-bezpieczenstwa-dla-ukrainy-znamy-szczegoly-misji-wojskowej\/9q2t50m\" id=\"037af498-c144-4586-ba5f-949ce8388c02\" rel=\"nofollow noopener\" target=\"_blank\">wynika z opublikowanego przez europejskich lider\u00f3w o\u015bwiadczenia<\/a>.<\/p>\n","protected":false},"excerpt":{"rendered":"\u2014 Politycy w Niemczech i w innych krajach europejskich zaczynaj\u0105 wspomina\u0107 swoich przodk\u00f3w, kt\u00f3rzy byli aktywnymi cz\u0142onkami partii&hellip;\n","protected":false},"author":2,"featured_media":153505,"comment_status":"","ping_status":"","sticky":false,"template":"","format":"standard","meta":{"footnotes":""},"categories":[14],"tags":[32,33,189,27,34,35,28,31,48,16650,25,295,46,40,41,87,47,5189,80,29,30,415,86,26,82,83,84],"class_list":{"0":"post-153504","1":"post","2":"type-post","3":"status-publish","4":"format-standard","5":"has-post-thumbnail","7":"category-swiat","8":"tag-breaking-news","9":"tag-breakingnews","10":"tag-europa","11":"tag-headlines","12":"tag-latest-news","13":"tag-latestnews","14":"tag-naglowki","15":"tag-najwazniejsze-artykuly","16":"tag-nat_styl","17":"tag-nazizm","18":"tag-news","19":"tag-niemcy","20":"tag-omp","21":"tag-polish","22":"tag-polski","23":"tag-rosja","24":"tag-screening_general","25":"tag-siergiej_lawrow","26":"tag-swiat","27":"tag-top-stories","28":"tag-topstories","29":"tag-ukraina","30":"tag-unia_europejska","31":"tag-wiadomosci","32":"tag-world","33":"tag-world-news","34":"tag-worldnews"},"share_on_mastodon":{"url":"https:\/\/pubeurope.com\/@pl\/115728128722858066","error":""},"_links":{"self":[{"href":"https:\/\/www.europesays.com\/pl\/wp-json\/wp\/v2\/posts\/153504","targetHints":{"allow":["GET"]}}],"collection":[{"href":"https:\/\/www.europesays.com\/pl\/wp-json\/wp\/v2\/posts"}],"about":[{"href":"https:\/\/www.europesays.com\/pl\/wp-json\/wp\/v2\/types\/post"}],"author":[{"embeddable":true,"href":"https:\/\/www.europesays.com\/pl\/wp-json\/wp\/v2\/users\/2"}],"replies":[{"embeddable":true,"href":"https:\/\/www.europesays.com\/pl\/wp-json\/wp\/v2\/comments?post=153504"}],"version-history":[{"count":0,"href":"https:\/\/www.europesays.com\/pl\/wp-json\/wp\/v2\/posts\/153504\/revisions"}],"wp:featuredmedia":[{"embeddable":true,"href":"https:\/\/www.europesays.com\/pl\/wp-json\/wp\/v2\/media\/153505"}],"wp:attachment":[{"href":"https:\/\/www.europesays.com\/pl\/wp-json\/wp\/v2\/media?parent=153504"}],"wp:term":[{"taxonomy":"category","embeddable":true,"href":"https:\/\/www.europesays.com\/pl\/wp-json\/wp\/v2\/categories?post=153504"},{"taxonomy":"post_tag","embeddable":true,"href":"https:\/\/www.europesays.com\/pl\/wp-json\/wp\/v2\/tags?post=153504"}],"curies":[{"name":"wp","href":"https:\/\/api.w.org\/{rel}","templated":true}]}}