{"id":153516,"date":"2025-12-16T07:49:17","date_gmt":"2025-12-16T07:49:17","guid":{"rendered":"https:\/\/www.europesays.com\/pl\/153516\/"},"modified":"2025-12-16T07:49:17","modified_gmt":"2025-12-16T07:49:17","slug":"13-emerytura-w-2026-r-moze-zaskoczyc-jest-kwota-i-jest-haczyk","status":"publish","type":"post","link":"https:\/\/www.europesays.com\/pl\/153516\/","title":{"rendered":"13. emerytura w 2026 r. mo\u017ce zaskoczy\u0107. Jest kwota i jest haczyk"},"content":{"rendered":"<p><img decoding=\"async\" loading=\"eager\" fetchpriority=\"high\" class=\"atomsArticleGalleryImage__mainImg\" src=\"https:\/\/www.europesays.com\/pl\/wp-content\/uploads\/2025\/12\/il423f71da_673406925_medium.jpg\" alt=\"13. emerytura podlega ustawowym potr&#x105;ceniom o sk&#x142;adk&#x119; zdrowotn&#x105; i podatek PIT.\" width=\"1920\" height=\"1280\"\/><\/p>\n<p>\n        13. emerytura podlega ustawowym potr\u0105ceniom o sk\u0142adk\u0119 zdrowotn\u0105 i podatek PIT.<\/p>\n<p>          fot. FILIP KOWALKOWSKI\/POLSKA PRESS\n        <\/p>\n<p>W 2026 r. zmieni si\u0119 wysoko\u015b\u0107 13. emerytury. B\u0119dzie to korekta w g\u00f3r\u0119. Zgodnie z prognozowanym wska\u017anikiem waloryzacji, \u015bwiadczenie wyniesie 1970,98 z\u0142 brutto, czyli 1800 z\u0142 netto. Jednak jego ostateczn\u0105 wysoko\u015b\u0107 poznamy dopiero na pocz\u0105tku lutego.<\/p>\n","protected":false},"excerpt":{"rendered":"13. emerytura podlega ustawowym potr\u0105ceniom o sk\u0142adk\u0119 zdrowotn\u0105 i podatek PIT. fot. FILIP KOWALKOWSKI\/POLSKA PRESS W 2026 r.&hellip;\n","protected":false},"author":2,"featured_media":153517,"comment_status":"","ping_status":"","sticky":false,"template":"","format":"standard","meta":{"footnotes":""},"categories":[16],"tags":[113,112,102,42,38,40,39,41,30780,30779,11252,660],"class_list":{"0":"post-153516","1":"post","2":"type-post","3":"status-publish","4":"format-standard","5":"has-post-thumbnail","7":"category-biznes","8":"tag-biznes","9":"tag-business","10":"tag-opinie","11":"tag-pl","12":"tag-poland","13":"tag-polish","14":"tag-polska","15":"tag-polski","16":"tag-sila-wieku","17":"tag-trzynasta-emerytura-2026","18":"tag-trzynastka","19":"tag-zus"},"share_on_mastodon":{"url":"https:\/\/pubeurope.com\/@pl\/115728153002870786","error":""},"_links":{"self":[{"href":"https:\/\/www.europesays.com\/pl\/wp-json\/wp\/v2\/posts\/153516","targetHints":{"allow":["GET"]}}],"collection":[{"href":"https:\/\/www.europesays.com\/pl\/wp-json\/wp\/v2\/posts"}],"about":[{"href":"https:\/\/www.europesays.com\/pl\/wp-json\/wp\/v2\/types\/post"}],"author":[{"embeddable":true,"href":"https:\/\/www.europesays.com\/pl\/wp-json\/wp\/v2\/users\/2"}],"replies":[{"embeddable":true,"href":"https:\/\/www.europesays.com\/pl\/wp-json\/wp\/v2\/comments?post=153516"}],"version-history":[{"count":0,"href":"https:\/\/www.europesays.com\/pl\/wp-json\/wp\/v2\/posts\/153516\/revisions"}],"wp:featuredmedia":[{"embeddable":true,"href":"https:\/\/www.europesays.com\/pl\/wp-json\/wp\/v2\/media\/153517"}],"wp:attachment":[{"href":"https:\/\/www.europesays.com\/pl\/wp-json\/wp\/v2\/media?parent=153516"}],"wp:term":[{"taxonomy":"category","embeddable":true,"href":"https:\/\/www.europesays.com\/pl\/wp-json\/wp\/v2\/categories?post=153516"},{"taxonomy":"post_tag","embeddable":true,"href":"https:\/\/www.europesays.com\/pl\/wp-json\/wp\/v2\/tags?post=153516"}],"curies":[{"name":"wp","href":"https:\/\/api.w.org\/{rel}","templated":true}]}}