{"id":153518,"date":"2025-12-16T07:50:11","date_gmt":"2025-12-16T07:50:11","guid":{"rendered":"https:\/\/www.europesays.com\/pl\/153518\/"},"modified":"2025-12-16T07:50:11","modified_gmt":"2025-12-16T07:50:11","slug":"ma-piecioro-dzieci-z-byla-zona-syn-donalda-trumpa-w-bialym-domu-oglasza-zareczyny","status":"publish","type":"post","link":"https:\/\/www.europesays.com\/pl\/153518\/","title":{"rendered":"Ma pi\u0119cioro dzieci z by\u0142\u0105 \u017con\u0105. Syn Donalda Trumpa w Bia\u0142ym Domu og\u0142asza zar\u0119czyny"},"content":{"rendered":"<p class=\"Paragraph_desktopParagraph__U31Gm\"><a href=\"https:\/\/plejada.pl\/temat\/donald-trump-jr-syn-donalda\/b63l914\" id=\"b389767b-1be3-415e-a69a-5ada0e3ff495\" rel=\"nofollow noopener\" target=\"_blank\">Donald Trump Jr.<\/a> i Bettina Anderson s\u0105 zar\u0119czeni.<\/p>\n<p class=\"Paragraph_desktopParagraph__U31Gm\">W poniedzia\u0142ek, 15 grudnia, prezydent <a href=\"https:\/\/plejada.pl\/temat\/donald-trump-prezydent-usa\/tfyb98s\" id=\"2326ea55-d412-49ba-b033-8de28b563104\" rel=\"nofollow noopener\" target=\"_blank\">Donald Trump<\/a> og\u0142osi\u0142 w Bia\u0142ym Domu, \u017ce jego najstarszy syn i znana bywalczyni salon\u00f3w s\u0105 zar\u0119czeni \u2014 wynika z nagrania opublikowanego na platformie X.<\/p>\n<p class=\"Paragraph_desktopParagraph__U31Gm\">&#8222;Zwykle nie brakuje mi s\u0142\u00f3w, bo zazwyczaj ca\u0142kiem dobrze radz\u0119 sobie z tyradami i przem\u00f3wieniami&#8221; \u2014 powiedzia\u0142 47-letni Donald Jr. podczas og\u0142oszenia. <\/p>\n<blockquote>\n<p class=\"Paragraph_desktopParagraph__U31Gm\">Chc\u0119 podzi\u0119kowa\u0107 Bettinie za to jedno s\u0142owo: &#8222;tak&#8221;.<\/p>\n<\/blockquote>\n<p class=\"Paragraph_desktopParagraph__U31Gm\">Anderson r\u00f3wnie\u017c zabra\u0142a g\u0142os, m\u00f3wi\u0105c: &#8222;To by\u0142 najbardziej niezapomniany weekend w moim \u017cyciu. Po\u015blubi\u0119 mi\u0142o\u015b\u0107 mojego \u017cycia i czuj\u0119 si\u0119 najszcz\u0119\u015bliwsz\u0105 dziewczyn\u0105 na \u015bwiecie. Dzi\u0119kuj\u0119&#8221;.<\/p>\n<p class=\"Paragraph_desktopParagraph__U31Gm\">Donald Jr. by\u0142 wcze\u015bniej \u017conaty z Vaness\u0105 Trump. Ma\u0142\u017ce\u0144stwo trwa\u0142o 12 lat, zanim w 2018 r. z\u0142o\u017cy\u0142a ona pozew o rozw\u00f3d. Para ma pi\u0119cioro dzieci: Kai (18 lat), Donalda III (16), Tristana (14), Spencera (13) oraz Chloe (11).<\/p>\n<p class=\"Paragraph_desktopParagraph__U31Gm\">W 2018 ro. Donald Jr. zacz\u0105\u0142 spotyka\u0107 si\u0119 z Kimberly Guilfoyle, z kt\u00f3r\u0105 zar\u0119czy\u0142 si\u0119 w 2020 r. Cho\u0107 nigdy oficjalnie nie og\u0142oszono ich rozstania, magazyn &#8222;People&#8221; poinformowa\u0142 w grudniu 2024 r., \u017ce Trump Jr. i Bettina Anderson spotykali si\u0119 od oko\u0142o sze\u015bciu miesi\u0119cy.<\/p>\n<ul class=\"OchatFollowUps_wrapper__1ry7X\">\n<li class=\"OchatFollowUps_item__Dhyly OchatFollowUps_itemDesktop__R6aBv\">Kto jest zar\u0119czony z Donaldem Trumpem Jr.?<\/li>\n<li class=\"OchatFollowUps_item__Dhyly OchatFollowUps_itemDesktop__R6aBv\">Kiedy Donald Trump og\u0142osi\u0142 zar\u0119czyny swojego syna?<\/li>\n<li class=\"OchatFollowUps_item__Dhyly OchatFollowUps_itemDesktop__R6aBv\">Ile dzieci ma Donald Trump Jr.?<\/li>\n<li class=\"OchatFollowUps_item__Dhyly OchatFollowUps_itemDesktop__R6aBv\">Z kim wcze\u015bniej by\u0142 \u017conaty Donald Trump Jr.?<\/li>\n<\/ul>\n<p>Donald Trump jr. zn\u00f3w we\u017amie \u015blub <\/p>\n<p class=\"Paragraph_desktopParagraph__U31Gm\">Najstarszy syn Donalda Trumpa jest w USA dosy\u0107 kontrowersyjn\u0105 postaci\u0105. Wszystko za spraw\u0105 polowa\u0144, w kt\u00f3rych bierze udzia\u0142. By\u0142 bardzo mocno krytykowany za zdj\u0119cia z martwymi zwierz\u0119tami w Afryce, kt\u00f3re udost\u0119pni\u0142.<\/p>\n<p class=\"Paragraph_desktopParagraph__U31Gm\">Nie jest tajemnic\u0105, \u017ce <a href=\"https:\/\/plejada.pl\/temat\/donald-trump\/w9rxe37\" id=\"72991a26-bc46-4726-b72c-cb6bf033f553\" rel=\"nofollow noopener\" target=\"_blank\">Donald Trump<\/a> zdo\u0142a\u0142 znacz\u0105co <a href=\"https:\/\/plejada.pl\/newsy\/jak-wybory-wplynely-na-majatek-donalda-trumpa-niezwykly-wzrost-w-miesiac\/tlqspz1\" id=\"5708a031-4d0e-433f-ab97-88d3fee4c96c\" rel=\"nofollow noopener\" target=\"_blank\">pomno\u017cy\u0107 sw\u00f3j maj\u0105tek za spraw\u0105 wygranej w wyborach prezydenckich<\/a>. Wed\u0142ug naj\u015bwie\u017cszych szacunk\u00f3w fortuna wynosi mi\u0119dzy 6,8 mld dol. (zdaniem &#8222;Forbesa&#8221;) a 7,08 mld dol. (wed\u0142ug serwisu Bloomberg). Bran\u017cowe media nie doliczaj\u0105 do tych szacunk\u00f3w pieni\u0119dzy &#8222;zarobionych&#8221; przez Trumpa przy pomoc\u0105 nowej kryptowaluty, gdy\u017c uwa\u017caj\u0105 ten doch\u00f3d za trudny do oszacowania i niezbyt wiarygodny.<\/p>\n<p class=\"Paragraph_desktopParagraph__U31Gm\">Podobne problemy, jakie znajdziemy przy pr\u00f3bach jednoznacznego wskazania, ile jest wart Donald Trump, dotycz\u0105 r\u00f3wnie\u017c jego najbli\u017cszej rodziny. Najwi\u0119kszym maj\u0105tkiem osobistym spo\u015br\u00f3d ca\u0142ej pi\u0105tki potomk\u00f3w miliardera mog\u0105 si\u0119 poszczyci\u0107 dzieci <a href=\"https:\/\/plejada.pl\/newsy\/ivana-trump-nie-zyje-donald-trump-zdobyl-jej-serce-kwiatami-i-wycinkami-o-sobie\/vrs8khd\" id=\"c52aab1e-f356-4f58-ae27-401caba0fccf\" rel=\"nofollow noopener\" target=\"_blank\">zmar\u0142ej w 2022 r. Ivany Trump<\/a>. Wed\u0142ug najbardziej ostro\u017cnych szacunk\u00f3w Donald Trump Jr, Eric Trump i Ivanka Trump mog\u0105 si\u0119 poszczyci\u0107 fortun\u0105 na poziomie 50 mln dol. na g\u0142ow\u0119.<\/p>\n<p><img decoding=\"async\" class=\"Image_image__0tuHp Image_autoHeight__f2n87 \" height=\"587\" width=\"880\" src=\"https:\/\/www.europesays.com\/pl\/wp-content\/uploads\/2025\/12\/3Mzk9kuTURBXy8zN2FiYjY2Yi03MTU4LTRiY2ItOGVkYi0zYTVjZTJkMTVmZTguanBlZ5OVAwAAzQ-gzQprlQLNA6wAwsOVAgDNA.jpeg\" alt=\"Donald Trump\" loading=\"lazy\" \/>PAP\/EPA\/BONNIE CASH \/ POOL<\/p>\n<p>Donald Trump<\/p>\n<p><img decoding=\"async\" class=\"Image_image__0tuHp Image_autoHeight__f2n87 \" height=\"587\" width=\"880\" src=\"https:\/\/www.europesays.com\/pl\/wp-content\/uploads\/2025\/12\/L2bk9kuTURBXy8zNjk4YjJiNS0zOWFmLTRhZDYtOTU4Mi03NGVlYzhhNzA3ZTEuanBlZ5OVAwAAzRdwzQ-glQLNA6wAwsOVAgDNA.jpeg\" alt=\"Donald Trump\" loading=\"lazy\" \/>PAP\/EPA\/BONNIE CASH \/ POOL<\/p>\n<p>Donald Trump<\/p>\n<p class=\"Paragraph_desktopParagraph__U31Gm\">Dzi\u0119kujemy, \u017ce przeczyta\u0142a\u015b\/e\u015b nasz artyku\u0142 do ko\u0144ca. W serwisie Plejada.pl ka\u017cdego dnia piszemy o najwa\u017cniejszych wydarzeniach show-biznesowych. B\u0105d\u017a na bie\u017c\u0105co! <a rel=\"nofollow noopener\" href=\"https:\/\/profile.google.com\/cp\/Cg0vZy8xMWJ6X19wdHBx\" id=\"cf314adc-8d30-4e2d-810e-4ba4affac143\" target=\"_blank\">Obserwuj<\/a> Plejad\u0119 w Wiadomo\u015bciach Google. Odwied\u017a nas tak\u017ce na <a rel=\"nofollow noopener\" href=\"https:\/\/www.facebook.com\/plejadapl\" id=\"e32e2c3c-adac-4698-8794-cad46a1046b8\" target=\"_blank\">Facebooku<\/a>, <a rel=\"nofollow noopener\" href=\"https:\/\/www.instagram.com\/plejadapl\/\" id=\"76c50598-2446-4314-8db8-cc0552409654\" target=\"_blank\">Instagramie<\/a>, <a rel=\"nofollow noopener\" href=\"https:\/\/www.youtube.com\/c\/plejada\" id=\"26b3c15c-2a36-4f8d-ab46-e720f8b0e05c\" target=\"_blank\">YouTube<\/a> oraz <a rel=\"nofollow noopener\" href=\"https:\/\/www.tiktok.com\/@plejada_pl\" id=\"c5f14341-fbd7-421e-a9dd-bc62cd30d10d\" target=\"_blank\">TikToku<\/a>.<\/p>\n<p class=\"Paragraph_desktopParagraph__U31Gm\">Chcesz podzieli\u0107 si\u0119 ciekawym newsem lub zaproponowa\u0107 temat? Skontaktuj si\u0119 z nami, pisz\u0105c e-maila na adres: <a href=\"https:\/\/www.onet.pl\/styl-zycia\/plejada\/ma-piecioro-dzieci-z-byla-zona-syn-donalda-trumpa-w-bialym-domu-oglasza-zareczyny\/mailto:plejada@redakcjaonet.pl\" id=\"f9ee1e05-21e4-435d-a624-58556c1ad043\" rel=\"nofollow noopener\" target=\"_blank\">plejada@redakcjaonet.pl<\/a>.<\/p>\n<p><script async src=\"\/\/www.instagram.com\/embed.js\"><\/script><script async src=\"\/\/www.tiktok.com\/embed.js\"><\/script><\/p>\n","protected":false},"excerpt":{"rendered":"Donald Trump Jr. i Bettina Anderson s\u0105 zar\u0119czeni. W poniedzia\u0142ek, 15 grudnia, prezydent Donald Trump og\u0142osi\u0142 w Bia\u0142ym&hellip;\n","protected":false},"author":2,"featured_media":153519,"comment_status":"","ping_status":"","sticky":false,"template":"","format":"standard","meta":{"footnotes":""},"categories":[14],"tags":[32,33,25827,58,27,67,34,35,28,31,53,25,52,68,51,55,40,41,47,196,80,29,30,65,50,26,82,83,84],"class_list":{"0":"post-153518","1":"post","2":"type-post","3":"status-publish","4":"format-standard","5":"has-post-thumbnail","7":"category-swiat","8":"tag-breaking-news","9":"tag-breakingnews","10":"tag-donald_trump_jr_syn_donalda","11":"tag-donald_trump_prezydent_usa","12":"tag-headlines","13":"tag-intextvideo_splayer","14":"tag-latest-news","15":"tag-latestnews","16":"tag-naglowki","17":"tag-najwazniejsze-artykuly","18":"tag-new_header","19":"tag-news","20":"tag-onet3","21":"tag-onet3d","22":"tag-onet3d_2i","23":"tag-phx","24":"tag-polish","25":"tag-polski","26":"tag-screening_general","27":"tag-styl_zycia","28":"tag-swiat","29":"tag-top-stories","30":"tag-topstories","31":"tag-update_me","32":"tag-v2021","33":"tag-wiadomosci","34":"tag-world","35":"tag-world-news","36":"tag-worldnews"},"share_on_mastodon":{"url":"https:\/\/pubeurope.com\/@pl\/115728156390050919","error":""},"_links":{"self":[{"href":"https:\/\/www.europesays.com\/pl\/wp-json\/wp\/v2\/posts\/153518","targetHints":{"allow":["GET"]}}],"collection":[{"href":"https:\/\/www.europesays.com\/pl\/wp-json\/wp\/v2\/posts"}],"about":[{"href":"https:\/\/www.europesays.com\/pl\/wp-json\/wp\/v2\/types\/post"}],"author":[{"embeddable":true,"href":"https:\/\/www.europesays.com\/pl\/wp-json\/wp\/v2\/users\/2"}],"replies":[{"embeddable":true,"href":"https:\/\/www.europesays.com\/pl\/wp-json\/wp\/v2\/comments?post=153518"}],"version-history":[{"count":0,"href":"https:\/\/www.europesays.com\/pl\/wp-json\/wp\/v2\/posts\/153518\/revisions"}],"wp:featuredmedia":[{"embeddable":true,"href":"https:\/\/www.europesays.com\/pl\/wp-json\/wp\/v2\/media\/153519"}],"wp:attachment":[{"href":"https:\/\/www.europesays.com\/pl\/wp-json\/wp\/v2\/media?parent=153518"}],"wp:term":[{"taxonomy":"category","embeddable":true,"href":"https:\/\/www.europesays.com\/pl\/wp-json\/wp\/v2\/categories?post=153518"},{"taxonomy":"post_tag","embeddable":true,"href":"https:\/\/www.europesays.com\/pl\/wp-json\/wp\/v2\/tags?post=153518"}],"curies":[{"name":"wp","href":"https:\/\/api.w.org\/{rel}","templated":true}]}}