{"id":153520,"date":"2025-12-16T07:51:07","date_gmt":"2025-12-16T07:51:07","guid":{"rendered":"https:\/\/www.europesays.com\/pl\/153520\/"},"modified":"2025-12-16T07:51:07","modified_gmt":"2025-12-16T07:51:07","slug":"przyjechal-do-polski-i-oniemial-ludzie-sa-oschli-2","status":"publish","type":"post","link":"https:\/\/www.europesays.com\/pl\/153520\/","title":{"rendered":"Przyjecha\u0142 do Polski i oniemia\u0142. &#8222;Ludzie s\u0105 oschli&#8221;"},"content":{"rendered":"<p class=\"ods-c-paragraph \">Dla wielu obcokrajowc\u00f3w Polska jest wci\u0105\u017c krajem nieoczywistym. Dominika Michalak z zespo\u0142u ENTR zapyta\u0142a student\u00f3w w Warszawie, z czym kojarzy\u0142 im si\u0119 nasz kraj przed przyjazdem. Christian ze Szwajcarii bez wahania wskazuje na pi\u0142k\u0119 no\u017cn\u0105. \u2014 [Pierwsza my\u015bl to] prawdopodobnie pi\u0142karski geniusz Roberta Lewandowskiego \u2014 m\u00f3wi. Dla Nyashy z Zimbabwe Polska to przede wszystkim szansa na rozw\u00f3j.<\/p>\n<blockquote class=\"ods-o-quota\">\n<p class=\"ods-o-quota__paragraph\">\u2014 Kiedy my\u015bl\u0119 o Polsce, to [przychodz\u0105 mi do g\u0142owy] edukacja i nowe do\u015bwiadczenia, poniewa\u017c Polska otworzy\u0142a mi drzwi, by tu by\u0107, poznawa\u0107 nowych ludzi i uczy\u0107 si\u0119 nowej kultury.<\/p>\n<\/blockquote>\n<p class=\"ods-c-paragraph \">Jednak codzienne \u017cycie weryfikuje wyobra\u017cenia i przynosi sporo zaskocze\u0144.<\/p>\n<p> Jakie s\u0105 powody przeprowadzki obcokrajowc\u00f3w do Polski? <\/p>\n<p> Co s\u0105dz\u0105 zagraniczni studenci o polskiej komunikacji miejskiej? <\/p>\n<p> Jakie r\u00f3\u017cnice w kosztach \u017cycia zauwa\u017cy\u0142 Christian ze Szwajcarii? <\/p>\n<p> Jakie polskie potrawy przypad\u0142y do gustu zagranicznym studentom? <\/p>\n<p>  &#8222;Polacy s\u0105 oschli&#8221;<\/p>\n<p class=\"ods-c-paragraph \">Christian, kt\u00f3ry pochodzi z okolic Zurychu, przyznaje, \u017ce jedn\u0105 z najwi\u0119kszych r\u00f3\u017cnic, jakie odczu\u0142 po przyje\u017adzie, s\u0105 koszty \u017cycia. Dla Szwajcara Polska okaza\u0142a si\u0119 rajem zakupowym.<\/p>\n<blockquote class=\"ods-o-quota\">\n<p class=\"ods-o-quota__paragraph\">\u2014 Najwi\u0119ksz\u0105 r\u00f3\u017cnic\u0105 s\u0105 zdecydowanie ceny. W por\u00f3wnaniu do Szwajcarii, czuj\u0119, \u017ce Szwajcaria jest najdro\u017cszym krajem. A kiedy przyjecha\u0142em do Polski, jest \u015bwietnie. Mog\u0119 kupi\u0107 o wiele wi\u0119cej jedzenia ni\u017c zwykle \u2014 cieszy si\u0119 student.<\/p>\n<\/blockquote>\n<p class=\"ods-c-paragraph \">Kiedy rozmowa schodzi na temat mentalno\u015bci Polak\u00f3w, opinie staj\u0105 si\u0119 bardziej krytyczne. Rodrigo z Madrytu zauwa\u017ca dystans, jaki Polacy zachowuj\u0105 wobec nieznajomych.<\/p>\n<blockquote class=\"ods-o-quota\">\n<p class=\"ods-o-quota__paragraph\">\u2014 Nie wiem, jak oschli s\u0105 ludzie, ale powiedzia\u0142bym, \u017ce nigdy nie zostaniesz tak po prostu zaczepiony przez kogo\u015b, by porozmawia\u0107. S\u0105 mili, kiedy ich poznasz, wtedy s\u0105 mili \u2014 t\u0142umaczy Hiszpan.<\/p>\n<\/blockquote>\n<p class=\"ods-c-paragraph \">Zgadza si\u0119 z nim Ksenia z Ukrainy: \u2014 Zgodzi\u0142abym si\u0119 z Rodrigo, \u017ce ludzie s\u0105 naprawd\u0119 oschli.<\/p>\n<p class=\"ods-c-paragraph \">Najwi\u0119kszy szok kulturowy w tym aspekcie prze\u017cy\u0142a jednak Nyasha. Dla niej polska powaga na ulicach jest trudna do zaakceptowania.<\/p>\n<p class=\"ods-c-paragraph \">\u2014 Przywioz\u0142am z Zimbabwe ciep\u0142o i \u017cyczliwo\u015b\u0107. Idziesz ulicami w Zimbabwe i jedn\u0105 rzecz\u0105, kt\u00f3r\u0105 zobaczysz, jest to, \u017ce spotkasz si\u0119 z u\u015bmiechem, nawet od nieznajomego, kt\u00f3rego ledwo znasz. A tutaj ludzie s\u0105 zawsze tacy powa\u017cni i zaj\u0119ci swoimi sprawami \u2014 opowiada studentka z Afryki.<\/p>\n<p>Bezpiecze\u0144stwo, kt\u00f3re szokuje<\/p>\n<p class=\"ods-c-paragraph \">To, co dla Polak\u00f3w jest standardem, dla przyjezdnych bywa luksusem. Rodrigo z Hiszpanii nie mo\u017ce nachwali\u0107 si\u0119 poczucia bezpiecze\u0144stwa w Polsce, podaj\u0105c za przyk\u0142ad sytuacj\u0119 z si\u0142owni, kt\u00f3ra w jego ojczy\u017anie by\u0142aby nie do pomy\u015blenia.<\/p>\n<blockquote class=\"ods-o-quota\">\n<p class=\"ods-o-quota__paragraph\">\u2014 Chodz\u0119 tu na si\u0142owni\u0119 od roku. Nigdy nie kupi\u0142em k\u0142\u00f3dki do szafki. Nic nigdy nie zosta\u0142o skradzione. Nigdy. Je\u015bli zrobisz to w Hiszpanii, tw\u00f3j telefon zniknie. Wszystko. Twoje ubrania znikn\u0105. Wszystko zniknie \u2014 relacjonuje Rodrigo.<\/p>\n<\/blockquote>\n<p class=\"ods-c-paragraph \">Podobne odczucia ma Nyasha, dla kt\u00f3rej swoboda poruszania si\u0119 po mie\u015bcie noc\u0105 by\u0142a ogromnym zaskoczeniem.<\/p>\n<p class=\"ods-c-paragraph \">\u2014 W domu, w Zimbabwe, zazwyczaj mamy godzin\u0119, o kt\u00f3rej lepiej wr\u00f3ci\u0107 do domu. Jako dziecko mieszkaj\u0105ce z rodzicami, to pewnie by\u0142a sz\u00f3sta. A tutaj, kiedy wychodzisz o dziewi\u0105tej wieczorem, na zewn\u0105trz s\u0105 ludzie. To by\u0142 dla mnie najwi\u0119kszy szok kulturowy. I nawet je\u015bli wyjdziesz o p\u00f3\u0142nocy, na ulicach s\u0105 ludzie. Nie widuje si\u0119 czego\u015b takiego w Zimbabwe.<\/p>\n<p>   Transport na medal<\/p>\n<p class=\"ods-c-paragraph \">Wsp\u00f3lnym mianownikiem dla wszystkich rozm\u00f3wc\u00f3w okaza\u0142a si\u0119 polska komunikacja miejska. Studenci s\u0105 zachwyceni jej punktualno\u015bci\u0105 i czysto\u015bci\u0105.<\/p>\n<blockquote class=\"ods-o-quota\">\n<p class=\"ods-o-quota__paragraph\">\u2014 Transport. Uwielbiam go, zw\u0142aszcza nocny transport publiczny. Tak, jest du\u017co autobus\u00f3w. Maj\u0105 wiele tras \u2014 wymienia Wiktoria z Kijowa.<\/p>\n<\/blockquote>\n<p class=\"ods-c-paragraph \">Wt\u00f3ruje jej Rodrigo: \u2014 Transport publiczny jest tutaj naprawd\u0119 dobry. Dzia\u0142a. Jest faktycznie na czas. Nie ma wsz\u0119dzie \u015bmieci. Ludzie faktycznie przestrzegaj\u0105 zasad. To mi\u0142e.<\/p>\n<p class=\"ods-c-paragraph \">R\u00f3wnie\u017c dla Nyashy to jeden z najwi\u0119kszych atut\u00f3w Polski. \u2014 Mo\u017ce wydajno\u015b\u0107 transportu publicznego. To by\u0142a zdecydowanie niespodzianka, poniewa\u017c to co\u015b, co gdybym mog\u0142a zabra\u0107 do domu, na pewno bym zabra\u0142a.<\/p>\n<p>Przez \u017co\u0142\u0105dek do serca<\/p>\n<p class=\"ods-c-paragraph \">Na koniec nie mog\u0142o zabrakn\u0105\u0107 w\u0105tku kulinarnego i j\u0119zykowego. Cho\u0107 polski j\u0119zyk sprawia trudno\u015bci \u2014 Nyasha przyznaje, \u017ce ma problem z wymow\u0105 i mia\u0142a zabawn\u0105 sytuacj\u0119 z kierowc\u0105 Ubera, gdy pr\u00f3bowa\u0142a wyt\u0142umaczy\u0107 nazw\u0119 ulicy \u2014 to polska kuchnia \u0142\u0105czy wszystkich.<\/p>\n<p class=\"ods-c-paragraph \">Christian, za namow\u0105 kolegi ze studi\u00f3w, spr\u00f3bowa\u0142 polskiego klasyka. \u2014 Powiedzia\u0142 mi: id\u017a spr\u00f3buj pierog\u00f3w. I zrobi\u0142em to. I dla mnie to by\u0142o ca\u0142kiem spore do\u015bwiadczenie (&#8230;), pierogi s\u0105 naprawd\u0119, naprawd\u0119 niez\u0142e.<\/p>\n<p class=\"ods-c-paragraph \">Ksenia z Ukrainy ma innego faworyta: \u2014 W\u0142a\u015bciwie moim ulubionym polskim jedzeniem jest zupa \u017curek. Jad\u0142am j\u0105 tylko kilka razy, ale naprawd\u0119 mi smakowa\u0142a. Z kolei Wiktoria wskazuje na deser: \u2014 Powiedzia\u0142abym sernik. Uwielbiam go.<\/p>\n<p>    Og\u00f3lne samopoczucie<\/p>\n<p class=\"ods-c-paragraph \">Polacy nie zawsze wypadaj\u0105 na dobrych gospodarzy. M\u0142oda studentka Ksenia mia\u0142a nieprzyjemno\u015b\u0107 us\u0142ysze\u0107, by &#8222;wyp*******a do Ukrainy&#8221;. Z ironi\u0105 przyznaje jednak, \u017ce by\u0142o to &#8222;tylko kilka razy.&#8221;<\/p>\n<p class=\"ods-c-paragraph \">Mimo takich sytuacji, barier j\u0119zykowych i kulturowych r\u00f3\u017cnic, zagraniczni studenci czuj\u0105 si\u0119 w Polsce dobrze.<\/p>\n<p class=\"ods-c-paragraph \">Christian podsumowuje kr\u00f3tko:<\/p>\n<blockquote class=\"ods-o-quota\">\n<p class=\"ods-o-quota__paragraph\">\u2014 Czuj\u0119 si\u0119 jak w domu. Jedyn\u0105 rzecz\u0105 jest to, \u017ce nie m\u00f3wi\u0119 po polsku. To g\u0142\u00f3wna r\u00f3\u017cnica. Ale poza tym, wzi\u0105\u0142bym polski paszport natychmiast.<\/p>\n<\/blockquote>\n<p class=\"ods-c-paragraph \">***<\/p>\n<p class=\"ods-c-paragraph \">Jeste\u015b obcokrajowcem i mieszkasz w Polsce? Masz ciekawe historie zwi\u0105zane z \u017cyciem w naszym kraju? Odezwij si\u0119! Na wiadomo\u015b\u0107 czekam pod adresem: karolina.walczowska@redakcjaonet.pl<\/p>\n","protected":false},"excerpt":{"rendered":"Dla wielu obcokrajowc\u00f3w Polska jest wci\u0105\u017c krajem nieoczywistym. Dominika Michalak z zespo\u0142u ENTR zapyta\u0142a student\u00f3w w Warszawie, z&hellip;\n","protected":false},"author":2,"featured_media":153521,"comment_status":"","ping_status":"","sticky":false,"template":"","format":"standard","meta":{"footnotes":""},"categories":[12],"tags":[210,32,33,36,37,27,267,34,35,28,31,48,25,46,23626,42,38,40,39,41,47,2238,29,30,415,26,30774],"class_list":{"0":"post-153520","1":"post","2":"type-post","3":"status-publish","4":"format-standard","5":"has-post-thumbnail","7":"category-polska","8":"tag-aktualnosci","9":"tag-breaking-news","10":"tag-breakingnews","11":"tag-featured-news","12":"tag-featurednews","13":"tag-headlines","14":"tag-hiszpania","15":"tag-latest-news","16":"tag-latestnews","17":"tag-naglowki","18":"tag-najwazniejsze-artykuly","19":"tag-nat_styl","20":"tag-news","21":"tag-omp","22":"tag-pierogi","23":"tag-pl","24":"tag-poland","25":"tag-polish","26":"tag-polska","27":"tag-polski","28":"tag-screening_general","29":"tag-szwajcaria","30":"tag-top-stories","31":"tag-topstories","32":"tag-ukraina","33":"tag-wiadomosci","34":"tag-zimbabwe"},"share_on_mastodon":{"url":"","error":""},"_links":{"self":[{"href":"https:\/\/www.europesays.com\/pl\/wp-json\/wp\/v2\/posts\/153520","targetHints":{"allow":["GET"]}}],"collection":[{"href":"https:\/\/www.europesays.com\/pl\/wp-json\/wp\/v2\/posts"}],"about":[{"href":"https:\/\/www.europesays.com\/pl\/wp-json\/wp\/v2\/types\/post"}],"author":[{"embeddable":true,"href":"https:\/\/www.europesays.com\/pl\/wp-json\/wp\/v2\/users\/2"}],"replies":[{"embeddable":true,"href":"https:\/\/www.europesays.com\/pl\/wp-json\/wp\/v2\/comments?post=153520"}],"version-history":[{"count":0,"href":"https:\/\/www.europesays.com\/pl\/wp-json\/wp\/v2\/posts\/153520\/revisions"}],"wp:featuredmedia":[{"embeddable":true,"href":"https:\/\/www.europesays.com\/pl\/wp-json\/wp\/v2\/media\/153521"}],"wp:attachment":[{"href":"https:\/\/www.europesays.com\/pl\/wp-json\/wp\/v2\/media?parent=153520"}],"wp:term":[{"taxonomy":"category","embeddable":true,"href":"https:\/\/www.europesays.com\/pl\/wp-json\/wp\/v2\/categories?post=153520"},{"taxonomy":"post_tag","embeddable":true,"href":"https:\/\/www.europesays.com\/pl\/wp-json\/wp\/v2\/tags?post=153520"}],"curies":[{"name":"wp","href":"https:\/\/api.w.org\/{rel}","templated":true}]}}