{"id":153524,"date":"2025-12-16T07:54:15","date_gmt":"2025-12-16T07:54:15","guid":{"rendered":"https:\/\/www.europesays.com\/pl\/153524\/"},"modified":"2025-12-16T07:54:15","modified_gmt":"2025-12-16T07:54:15","slug":"co-dzis-tracimy-przy-rozstaniu-cos-we-mnie-peklo-odlaczylem-ja-od-konta","status":"publish","type":"post","link":"https:\/\/www.europesays.com\/pl\/153524\/","title":{"rendered":"Co dzi\u015b tracimy przy rozstaniu. &#8222;Co\u015b we mnie p\u0119k\u0142o. Od\u0142\u0105czy\u0142em j\u0105 od konta&#8221;"},"content":{"rendered":"<p>Katarzyna nie by\u0142a z Jackiem d\u0142ugo. Ot, zwi\u0105zek, kt\u00f3ry gdyby oboje nie byli po czterdziestce i nie zgromadzili ju\u017c baga\u017cu do\u015bwiadczenia \u017cyciowego, mo\u017cna by by\u0142o nazwa\u0107 przelotnym, bo trwa\u0142 nieca\u0142e p\u00f3\u0142 roku. Ale Kasia zaanga\u017cowa\u0142a si\u0119 emocjonalnie w t\u0119 relacj\u0119. \u2014 Zakocha\u0142am si\u0119 \u2014 m\u00f3wi. \u2014 Bardzo. W\u0142a\u015bciwie od samego pocz\u0105tku podesz\u0142am do tej mi\u0142o\u015bci na zasadzie &#8222;to ten jedyny&#8221;.<\/p>\n<p>Wierzy\u0142a, \u017ce b\u0119d\u0105 ju\u017c zawsze razem. Poznali ze sob\u0105 swoje dzieci, bywali u bliskich na rodzinnych obiadach. By\u0142y plany na przysz\u0142o\u015b\u0107 i decyzja o zamieszkaniu u niej lub u niego, ale do przeprowadzki nigdy nie dosz\u0142o. By\u0142y wsp\u00f3lne posty na Facebooku i tagowanie na Instagramie. By\u0142o te\u017c rodzinne konto premium na Spotify. Do czasu.<\/p>\n<p>\u2014 Nagle uzna\u0142, \u017ce nie nadaje si\u0119 do zwi\u0105zku ze mn\u0105 \u2014 u\u015bmiecha si\u0119 nerwowo Kasia. \u2014 \u017be &#8222;nie ud\u017awignie&#8221; odpowiedzialno\u015bci za drug\u0105 osob\u0119, bo jest w takim momencie \u017cycia, \u017ce musi najpierw sam sobie poradzi\u0107 ze swoimi problemami. Przynajmniej tak mi to t\u0142umaczy\u0142. B\u0142aga\u0142am, prosi\u0142am, nie da\u0142 si\u0119 przekona\u0107. Odszed\u0142.<\/p>\n<p>Ka\u015bka przyznaje, \u017ce d\u0142ugo cierpia\u0142a po rozstaniu z Jackiem. Widzia\u0142a w nim idea\u0142, dlatego obwinia\u0142a si\u0119 o to, \u017ce nie umia\u0142a utrzyma\u0107 tego zwi\u0105zku.<\/p>\n<p>Otrze\u017awienie przysz\u0142o r\u00f3wnie niespodziewanie.<\/p>\n<p class=\"ods-c-paragraph \">Jacek wyrzuci\u0142 j\u0105 z rodzinnej subskrypcji muzycznej platformy streamingowej.<\/p>\n<p class=\"ods-c-paragraph \">\u2014 S\u0142ucha\u0142am sobie ulubionej muzyki, kt\u00f3ra zosta\u0142a przerwana reklamami. Zrozumia\u0142am, \u017ce nie jestem ju\u017c &#8222;w pakiecie&#8221; \u2014 opowiada Kasia. \u2014 Najpierw zrobi\u0142o mi si\u0119 strasznie g\u0142upio i przykro. Dosta\u0142am namacalny dow\u00f3d zako\u0144czenia tego zwi\u0105zku. No i dow\u00f3d na to, \u017ce m\u00f3j by\u0142y partner do tego rozstania podszed\u0142 bardzo rzeczowo. Koniec zwi\u0105zku \u2014 koniec jakichkolwiek wsp\u00f3lnych temat\u00f3w. Koniec wsp\u00f3lnych subskrypcji.<\/p>\n<p><img decoding=\"async\" src=\"https:\/\/www.europesays.com\/pl\/wp-content\/uploads\/2025\/12\/LQmk9lBaHR0cHM6Ly9vY2RuLmV1L3B1bHNjbXMvTURBXy84ZmE5Y2RhZjczNjU3YTcxMGI2NmMxNTE1ZjlkYzBhMy5wbmeRlQLNB.jpeg\" height=\"529\" width=\"940\" alt=\"By\u0142y partner pani Kasi nagle od\u0142\u0105czy\u0142 j\u0105 od wsp\u00f3lnego konta na Spotify\" loading=\"lazy\" class=\"ods-c-image__img ods-c-image__img--viewport-width\"\/><\/p>\n<p>By\u0142y partner pani Kasi nagle od\u0142\u0105czy\u0142 j\u0105 od wsp\u00f3lnego konta na Spotifyarchiwum prywatne bohaterki<\/p>\n<p class=\"ods-c-paragraph \">\u2014 Parafrazuj\u0105c Mickiewicza: precz z mej pami\u0119ci i precz z mego Netflixa&#8230; \u2014 m\u00f3wi Kasia, kt\u00f3ra uczy polskiego w liceum.<\/p>\n<p>Mamy wsp\u00f3lnego Netflixa, czyli jeste\u015bmy razem<\/p>\n<p class=\"ods-c-paragraph \">W Polsce korzystanie z us\u0142ug streamingowych sta\u0142o si\u0119 ju\u017c czym\u015b oczywistym, a ich znaczenie ro\u015bnie z roku na rok. Jak podawa\u0142 portal Bankier.pl w lutym 2025 r., a\u017c 86 proc. Polak\u00f3w korzysta dzi\u015b z serwis\u00f3w streamingowych, a blisko 40 proc. op\u0142aca co najmniej jeden lub dwa abonamenty.<\/p>\n<p class=\"ods-c-paragraph \">Subskrypcje sta\u0142y si\u0119 nie tylko narz\u0119dziem dost\u0119pu do tre\u015bci, ale r\u00f3wnie\u017c form\u0105 cyfrowej blisko\u015bci: zaproszenie do &#8222;rodzinnej&#8221; subskrypcji bywa traktowane jak gest w\u0142\u0105czenia partnera w nasz \u015bwiat. Nic wi\u0119c dziwnego, \u017ce odci\u0119cie takiego wsp\u00f3lnego dost\u0119pu po rozstaniu bywa jednym z najbardziej wyrazistych symboli ko\u0144ca zwi\u0105zku \u2014 i jednym z najszybciej odczuwalnych.<\/p>\n<p class=\"ods-c-paragraph \">Ale Polacy dziel\u0105 si\u0119 nie tylko tym, co wirtualne. Opr\u00f3cz streaming\u00f3w, pakiet\u00f3w rodzinnych czy wsp\u00f3lnych hase\u0142, w obiegu partnerskim kr\u0105\u017c\u0105 tak\u017ce rzeczy z du\u017co powa\u017cniejszego rejestru: abonamenty medyczne, polisy ubezpieczeniowe, rodzinne pakiety telekomunikacyjne, a nawet wsp\u00f3\u0142w\u0142asno\u015b\u0107 samochodu czy mieszkania. I cho\u0107 trudniej o tak spektakularny moment &#8222;odci\u0119cia&#8221; jak ten, gdy nagle wyskakuje reklama na Spotify, to w\u0142a\u015bnie te materialne i formalne wsp\u00f3lnoty staj\u0105 si\u0119 po rozstaniu najbardziej problematyczne. Co zrobi\u0107 z pakietem medycznym zapisanym na partnera? Jak podzieli\u0107 umow\u0119 na internet? Kto przejmuje polis\u0119, a kto rezygnuje z karty sportowej? W \u015bwiecie, w kt\u00f3rym zwi\u0105zki s\u0105 coraz bardziej splecione z us\u0142ugami, technologi\u0105 i finansami, rozstanie nie ko\u0144czy si\u0119 ju\u017c w rozmowie \u2014 trzeba je jeszcze przeprowadzi\u0107 w aplikacjach, umowach i systemach.<\/p>\n<p>   Nie ogl\u0105da ze mn\u0105, nie b\u0119dzie ogl\u0105da\u0142a z nikim innym<\/p>\n<p class=\"ods-c-paragraph \">\u2014 Z mojego do\u015bwiadczenia te najbardziej nieoczywiste problemy przy podziale w\u0142asno\u015bci podczas rozstania wyst\u0119puj\u0105, na przyk\u0142ad, przy opiece nad zwierz\u0119tami \u2014 m\u00f3wi radczyni prawna Alicja Praszkiewicz. \u2014 Zwierz\u0119ta s\u0105 wed\u0142ug prawa cywilnego traktowane jako rzeczy. Pojawia si\u0119 zatem szereg pyta\u0144: kto zabiera zwierz\u0119 na sta\u0142e? Je\u015bli zwierz\u0119 jest zarejestrowane na jednego z partner\u00f3w \u2014 co z formalno\u015bciami? Przy rozwodzie zwykle zwierz\u0119 traktowane jest jak wsp\u00f3lna w\u0142asno\u015b\u0107, ale s\u0105d bierze pod uwag\u0119 tak\u017ce dobro zwierz\u0119cia \u2014 kto ma lepsze warunki, kto realnie opiekowa\u0142 si\u0119 nim na co dzie\u0144. Najcz\u0119\u015bciej s\u0105d &#8222;przyznaje&#8221; zwierz\u0119 jednemu z ma\u0142\u017conk\u00f3w, a drugiemu ewentualnie zas\u0105dza sp\u0142at\u0119. Ale oczywi\u015bcie mo\u017cna tak\u017ce wcze\u015bniej dogada\u0107 si\u0119 samemu i ustali\u0107, u kogo zwierz\u0119 zostaje, to jest zawsze mile widziane.<\/p>\n<p><img decoding=\"async\" src=\"https:\/\/www.europesays.com\/pl\/wp-content\/uploads\/2025\/12\/ncnk9lBaHR0cHM6Ly9vY2RuLmV1L3B1bHNjbXMvTURBXy8xZGE0ZmYyZWQ4YjU0YzFiY2FkZTA4MzNlNTQ1OGM3My5wbmeRlQLNB.jpeg\" height=\"529\" width=\"940\" alt=\"Radczyni prawna Alicja Praszkiewicz (zdj. z archiwum prywatnego rozm\u00f3wczyni)\" loading=\"lazy\" class=\"ods-c-image__img ods-c-image__img--viewport-width\"\/><\/p>\n<p>Radczyni prawna Alicja Praszkiewicz (zdj. z archiwum prywatnego rozm\u00f3wczyni)Indypendenz \/ Shutterstock<\/p>\n<p class=\"ods-c-paragraph \">Prawniczka dodaje, \u017ce nieco mniej emocji wzbudza zazwyczaj ustalenie, co zrobi\u0107 ze wsp\u00f3lnymi subskrypcjami. Tu liczy si\u0119 to, na kogo zapisane jest konto i czyj\u0105 kart\u0105 p\u0142atnicz\u0105 jest op\u0142acane oraz kto ma has\u0142a i dost\u0119p. \u2014 Zwykle po prostu jedna osoba przejmuje konto, druga zak\u0142ada w\u0142asne albo ca\u0142kowicie rezygnujemy z dotychczasowego planu rodzinnego \u2014 t\u0142umaczy Alicja Praszkiewicz.<\/p>\n<p class=\"ods-c-paragraph \">Maciej dzi\u015b ju\u017c si\u0119 z tego \u015bmieje, ale wtedy wcale nie by\u0142o mu do \u015bmiechu. Po rozwodzie jeszcze na kilka tygodni zostawi\u0142 by\u0142ej \u017conie dost\u0119p do Netflixa, troch\u0119 z przyzwyczajenia, a troch\u0119 z sentymentu. Ogl\u0105dali na tym koncie wszystkie krymina\u0142y, jakie platforma mia\u0142a w katalogu \u2014 ich wsp\u00f3lna tradycja, wieczorny rytua\u0142. Kt\u00f3rego\u015b dnia, ju\u017c po rozstaniu, zobaczy\u0142 jednak, \u017ce profil Gosi ma w historii ogl\u0105dania nowy serial, ten sam, kt\u00f3ry on w\u0142a\u015bnie zacz\u0105\u0142 \u015bledzi\u0107 samotnie. &#8222;Pewnie ogl\u0105da to z kim\u015b innym&#8221; \u2014 pomy\u015bla\u0142. I co\u015b w nim p\u0119k\u0142o. \u2014 Zadzia\u0142a\u0142em impulsywnie \u2014 przyznaje. \u2014 Po prostu od\u0142\u0105czy\u0142em j\u0105 od konta. Nie chodzi\u0142o o pieni\u0105dze. Chodzi\u0142o o to, \u017ce pewne rzeczy by\u0142y nasze \u2014 i nagle ju\u017c nie by\u0142y. To sta\u0142o si\u0119 dla mnie brutalnym, ale potrzebnym sygna\u0142em, \u017ce trzeba przesun\u0105\u0107 granice tego, co wsp\u00f3lne.<\/p>\n<p class=\"ods-c-paragraph \">Iza z kolei d\u0142ugo nie mog\u0142a doj\u015b\u0107 do siebie po rozpadzie relacji, kt\u00f3ra trwa\u0142a trzy lata. Nie mieszkali razem, ale ich \u017cycia by\u0142y ju\u017c mocno popl\u0105tane. Jej by\u0142y partner mia\u0142 samoch\u00f3d w leasingu i p\u00f3\u0142tora roku wcze\u015bniej dopisa\u0142 Iz\u0119 do polisy jako wsp\u00f3\u0142u\u017cytkowniczk\u0119. To ona cz\u0119\u015bciej je\u017adzi\u0142a, do pracy i po dziecko z przedszkola \u2014 by\u0142o wygodniej, praktyczniej. Po rozstaniu wszystko jeszcze przez jaki\u015b czas dzia\u0142a\u0142o po staremu: auto sta\u0142o na tym samym parkingu, kluczyki by\u0142y w tej samej szufladzie, a ona nadal op\u0142aca\u0142a po\u0142ow\u0119 paliwa.<\/p>\n<p class=\"ods-c-paragraph \">A\u017c przyszed\u0142 SMS z firmy leasingowej, \u017ce zaktualizowano dane u\u017cytkownika i Iza zosta\u0142a wykre\u015blona z polisy. \u2014 Nie uprzedzi\u0142 mnie \u2014 m\u00f3wi 38-latka. \u2014 Po prostu to zrobi\u0142. Najpierw pomy\u015bla\u0142am, \u017ce to pomy\u0142ka, ale nie. On uzna\u0142, \u017ce skoro nie jeste\u015bmy razem, to nie ma powodu, \u017ceby dzieli\u0107 ze mn\u0105 samoch\u00f3d. To by\u0142o jak otrze\u017awienie: zda\u0142am sobie spraw\u0119, \u017ce ja wci\u0105\u017c funkcjonowa\u0142am w trybie &#8222;my&#8221;, a on ju\u017c przeszed\u0142 do &#8222;ja&#8221;. Zabola\u0142o.<\/p>\n<p><img decoding=\"async\" src=\"https:\/\/www.europesays.com\/pl\/wp-content\/uploads\/2025\/12\/qcIk9lBaHR0cHM6Ly9vY2RuLmV1L3B1bHNjbXMvTURBXy9jMjI2ZTUzZDViMDNiYWFkNjE0ZDFmN2FmNWZhNzZhZC5qcGeRlQLNB.jpeg\" height=\"627\" width=\"940\" alt=\"&quot;Nie uprzedzi\u0142 mnie. Po prostu wykre\u015bli\u0142 mnie z polisy&quot; (zdj. ilustracyjne)\" loading=\"lazy\" class=\"ods-c-image__img ods-c-image__img--viewport-width\"\/><\/p>\n<p>&#8222;Nie uprzedzi\u0142 mnie. Po prostu wykre\u015bli\u0142 mnie z polisy&#8221; (zdj. ilustracyjne)evrymmnt \/ Shutterstock<\/p>\n<p class=\"ods-c-paragraph \">Jeszcze trudniejsza okaza\u0142a si\u0119 historia z abonamentem medycznym. Partner dopisa\u0142 Iz\u0119 do swojego firmowego pakietu \u2014 gest troski, a mo\u017ce nawet troch\u0119 deklaracja powa\u017cnych zamiar\u00f3w. Mia\u0142a tam lekarzy, do kt\u00f3rych chodzi\u0142a regularnie, badania, kt\u00f3re planowa\u0142a z wyprzedzeniem. Po rozstaniu pakiet dzia\u0142a\u0142 jeszcze miesi\u0105c, a\u017c pewnego ranka rejestratorka poinformowa\u0142a j\u0105, \u017ce &#8222;dost\u0119p wygas\u0142&#8221;. \u2014 To by\u0142o jak policzek \u2014 wspomina. \u2014 U\u015bwiadomi\u0142am sobie, \u017ce wszystko, co wsp\u00f3lne, pozostaje takie do momentu, a\u017c kto\u015b nie naci\u015bnie odpowiedniego przycisku. Zwi\u0105zek ko\u0144czy si\u0119 w rozmowie, ale konsekwencje ko\u0144cz\u0105 si\u0119 wtedy, gdy przestaj\u0105 dzia\u0142a\u0107 wszystkie systemy, do kt\u00f3rych byli\u015bmy razem podpi\u0119ci&#8230;<\/p>\n<p>Jak podzieli\u0107 odkurzacz<\/p>\n<p class=\"ods-c-paragraph \">Ko\u015bci\u0105 niezgody w trakcie rozstania, zw\u0142aszcza gdy w gr\u0119 wchodzi podzia\u0142 maj\u0105tku podczas rozwodu, staj\u0105 si\u0119 r\u00f3wnie\u017c rzeczy codziennego u\u017cytku. Pojawiaj\u0105 si\u0119 pytania o to, co zrobi\u0107 z wyposa\u017ceniem kupowanym wsp\u00f3lnie?<\/p>\n<p class=\"ods-c-paragraph \">\u2014 Strony zg\u0142aszaj\u0105 do podzia\u0142u nawet rzeczy o niewielkiej warto\u015bci, takie jak zestawy talerzy, ekspres do kawy, odkurzacz czy ro\u015bliny domowe. Z perspektywy prawa wszystkie te przedmioty \u2014 o ile zosta\u0142y kupione w czasie trwania wsp\u00f3lno\u015bci maj\u0105tkowej \u2014 stanowi\u0105 sk\u0142adniki maj\u0105tku wsp\u00f3lnego i podlegaj\u0105 rozliczeniu \u2014 wyja\u015bnia Alicja Praszkiewicz. \u2014 S\u0105d mo\u017ce przyzna\u0107 je jednemu z ma\u0142\u017conk\u00f3w z obowi\u0105zkiem sp\u0142aty na rzecz drugiego albo ustali\u0107 ich warto\u015b\u0107 i uwzgl\u0119dni\u0107 j\u0105 w og\u00f3lnym bilansie podzia\u0142u. W praktyce cz\u0119sto zaleca si\u0119, aby strony dokona\u0142y polubownego porozumienia w zakresie drobnych element\u00f3w wyposa\u017cenia, co pozwala unikn\u0105\u0107 zb\u0119dnych koszt\u00f3w i przed\u0142u\u017cania post\u0119powania.<\/p>\n<p class=\"ods-c-paragraph \">Radczyni prawna dodaje, \u017ce coraz cz\u0119\u015bciej spornym zagadnieniem podczas rozwodu s\u0105 tak\u017ce sprz\u0119ty elektroniczne oraz dost\u0119p do danych na nich zgromadzonych. Nale\u017cy wtedy rozstrzygn\u0105\u0107, co zrobi\u0107 w sytuacji, gdy laptopy, telefony, konsole czy komputery zosta\u0142y nabyte w trakcie trwania wsp\u00f3lno\u015bci maj\u0105tkowej ma\u0142\u017ce\u0144skiej.<\/p>\n<p class=\"ods-c-paragraph \">\u2014 Co do zasady sprz\u0119t elektroniczny podlega takim samym regu\u0142om podzia\u0142u jak pozosta\u0142e ruchomo\u015bci \u2014 s\u0105d mo\u017ce przyzna\u0107 go jednemu z ma\u0142\u017conk\u00f3w z obowi\u0105zkiem sp\u0142aty drugiego. Osobnym problemem jest kwestia dost\u0119pu do danych, kt\u00f3re maj\u0105 cz\u0119sto charakter osobisty, zawodowy, finansowy czy rodzinny \u2014 t\u0142umaczy radczyni prawna. \u2014 W praktyce przyjmuje si\u0119, \u017ce prawo w\u0142asno\u015bci sprz\u0119tu nie oznacza automatycznie prawa do przegl\u0105dania prywatnych tre\u015bci drugiej strony&#8230;. Szczeg\u00f3lne trudno\u015bci powstaj\u0105 r\u00f3wnie\u017c przy rozliczaniu kont w us\u0142ugach chmurowych \u2014 takich jak Google, Apple czy Microsoft. Konta te s\u0105 co do zasady przypisane do konkretnej osoby, a nie do maj\u0105tku wsp\u00f3lnego, dlatego jako takie nie podlegaj\u0105 podzia\u0142owi.<\/p>\n<p class=\"ods-c-paragraph \">Prawniczka dodaje, \u017ce dane przechowywane w chmurze \u2014 zdj\u0119cia, dokumenty, korespondencja \u2014 pozostaj\u0105 danymi osobistymi ich autora i nie mog\u0105 by\u0107 przedmiotem sporu maj\u0105tkowego. W praktyce w przypadku elektroniki i kont cyfrowych rekomenduje si\u0119 precyzyjne ustalenie: kto otrzymuje fizyczny sprz\u0119t, kto zachowuje dost\u0119p do kont i danych oraz czy konieczne jest sporz\u0105dzenie kopii okre\u015blonych informacji (np. dokument\u00f3w finansowych). Pozwala to unikn\u0105\u0107 narusze\u0144 prywatno\u015bci, a jednocze\u015bnie zabezpieczy\u0107 interesy obu stron.<\/p>\n<p>Ju\u017c nie jeste\u015b cz\u0119\u015bci\u0105 tej historii<\/p>\n<p class=\"ods-c-paragraph \">W teorii wszystko jest proste: konto jest na jedn\u0105 osob\u0119, op\u0142acane z jednej karty, wi\u0119c decyzja o tym, kto zostaje w &#8222;rodzinie&#8221;, wydaje si\u0119 formalno\u015bci\u0105. Ale w praktyce to w\u0142a\u015bnie te drobne, techniczne ruchy \u2014 zmiana has\u0142a, znikaj\u0105cy profil, odpi\u0119ta subskrypcja \u2014 potrafi\u0105 roznieci\u0107 najwi\u0119kszy po\u017car. Czasem wystarczy jeden lakoniczny e-mail z informacj\u0105 o zmianie ustawie\u0144 albo komunikat na ekranie: &#8222;niepoprawne has\u0142o&#8221;, \u017ceby porz\u0105dkowanie spraw po rozstaniu nagle nabra\u0142o zupe\u0142nie innego znaczenia.<\/p>\n<p class=\"ods-c-paragraph \">Tak by\u0142o w przypadku Pauliny, kt\u00f3ra po zako\u0144czeniu kilkuletniego zwi\u0105zku by\u0142a przekonana, \u017ce &#8222;dogadali si\u0119 jak doro\u015bli&#8221;. Spisali, co komu odda\u0107, rozliczyli rachunki, wynie\u015bli z mieszkania swoje rzeczy. Subskrypcje wydawa\u0142y si\u0119 najmniej problematyczne \u2014 ot, detale. Dop\u00f3ki pewnego wieczoru, siedz\u0105c na kanapie z laptopem na kolanach, Paulina nie spr\u00f3bowa\u0142a zalogowa\u0107 si\u0119 do wsp\u00f3lnego konta w chmurze. Tam trzymali zdj\u0119cia z ostatnich wakacji, skany dokument\u00f3w, drobne notatki z planami na przysz\u0142o\u015b\u0107. System poprosi\u0142 o ponowne logowanie, po czym wy\u015bwietli\u0142 komunikat: &#8222;to konto nie jest ju\u017c udost\u0119pniane&#8221;.<\/p>\n<p class=\"ods-c-paragraph \">\u2014 Zawiesi\u0142am r\u0119k\u0119 nad klawiatur\u0105 i przez chwil\u0119 po prostu patrzy\u0142am w ekran \u2014 wspomina. \u2014 I dopiero wtedy dotar\u0142o do mnie, \u017ce to naprawd\u0119 koniec. Nie dlatego, \u017ce straci\u0142am dost\u0119p do plik\u00f3w. Tylko dlatego, \u017ce kto\u015b jednym klikni\u0119ciem zdecydowa\u0142, \u017ce nie mam ju\u017c prawa by\u0107 cz\u0119\u015bci\u0105 tej historii. \u017be nie nale\u017c\u0119 ju\u017c do &#8222;my&#8221;.<\/p>\n<p class=\"ods-c-paragraph \">Ten moment \u2014 jak m\u00f3wi\u0105 prawnicy i terapeuci \u2014 bywa dzi\u015b jednym z najbardziej bolesnych element\u00f3w rozstania. Bo tam, gdzie formalnie chodzi o has\u0142o i dost\u0119p, emocjonalnie pojawia si\u0119 pytanie o w\u0142adz\u0119, kontrol\u0119 i granice. Kto decyduje, kiedy relacja naprawd\u0119 si\u0119 ko\u0144czy? I czy zawsze musi si\u0119 to wydarzy\u0107 bez s\u0142owa, w ciszy aplikacyjnych powiadomie\u0144?<\/p>\n<p>Ci\u0105g\u0142e &#8222;widywanie&#8221; by\u0142ego partnera w aplikacjach utrudnia gojenie ran<\/p>\n<p class=\"ods-c-paragraph \">Psycholo\u017cka Katarzyna Kucewicz t\u0142umaczy, \u017ce rozstanie kiedy\u015b &#8222;dzia\u0142o si\u0119 w czterech \u015bcianach i w pami\u0119ci&#8221;, a dzi\u015b wydarza si\u0119 te\u017c poprzez powiadomienia i zmiany w aplikacjach.<\/p>\n<p class=\"ods-c-paragraph \">\u2014 To potrafi bole\u0107 mocniej, bo technologia nie tylko przypomina o stracie, ale robi to bezdusznie i w najmniej odpowiednim momencie \u2014 w kolejce po kaw\u0119, w \u0142\u00f3\u017cku, w \u015brodku dnia pracy. A z drugiej strony widok by\u0142ego partnera &#8222;wy\u015bwietlaj\u0105cego si\u0119&#8221; znienacka w naszym telefonie mo\u017ce by\u0107 takim mikrociosem: niby nic wielkiego, a jednak cz\u0142owieka uderza fala stresu, t\u0119sknoty, nostalgii \u2014 wyja\u015bnia terapeutka. \u2014 Takie wyzwalacze bardzo utrudniaj\u0105 gojenie ran. Dlatego w rozstaniu bardzo istotna jest higiena technologiczna: odpi\u0119cie wsp\u00f3lnych subskrypcji, wyciszenie social medi\u00f3w, usuni\u0119cie powiadomie\u0144, kt\u00f3re rozbudzaj\u0105 nadziej\u0119 i nie pozwalaj\u0105 si\u0119 odci\u0105\u0107 od przesz\u0142o\u015bci.<\/p>\n<p>   <img decoding=\"async\" src=\"https:\/\/www.europesays.com\/pl\/wp-content\/uploads\/2025\/12\/qpBk9lBaHR0cHM6Ly9vY2RuLmV1L3B1bHNjbXMvTURBXy9mNDBjZGRhZTYxOTMzYzlkOGEwZWY5ZjhjMWM3OTczYi5qcGeRlQLNB.jpeg\" height=\"627\" width=\"940\" alt=\"&quot;Technologia nie tylko przypomina o stracie, ale robi to bezdusznie i w najmniej odpowiednim momencie&quot;\" loading=\"lazy\" class=\"ods-c-image__img ods-c-image__img--viewport-width\"\/><\/p>\n<p>&#8222;Technologia nie tylko przypomina o stracie, ale robi to bezdusznie i w najmniej odpowiednim momencie&#8221;GaudiLab \/ Shutterstock<\/p>\n<p class=\"ods-c-paragraph \">Katarzyna Kucewicz dodaje, \u017ce to wszystko nie po to, \u017ceby kogo\u015b ukara\u0107 &#8222;wyrzuceniem z Facebooka&#8221;, tylko \u017ceby odzyska\u0107 spok\u00f3j dla uk\u0142adu nerwowego \u2014 bo nie da si\u0119 przej\u015b\u0107 w spokoju przez \u017ca\u0142ob\u0119 po rozstaniu, gdy co\u015b nam ca\u0142y czas przypomina o trudnych prze\u017cyciach.<\/p>\n<p class=\"ods-c-paragraph \">\u2014 Z kolei, je\u015bli kto\u015b odcina nas nagle np. od Netflixa, spr\u00f3bujmy zobaczy\u0107 w tym czytelny komunikat: OK, granica ju\u017c zosta\u0142a postawiona, teraz moim zadaniem jest czule zaopiekowa\u0107 si\u0119 sob\u0105 \u2014 przekonuje psycholo\u017cka. \u2014 Najtrudniejsze bywa to, \u017ce aplikacje daj\u0105 z\u0142udzenie blisko\u015bci \u2014 widzimy kogo\u015b wsz\u0119dzie, a nie mamy z nim \u017cadnego kontaktu. I w\u0142a\u015bnie wtedy warto wraca\u0107 do prostego pytania: co w tej sekundzie naprawd\u0119 mi pomaga prze\u017cy\u0107, a co tylko przed\u0142u\u017ca proces gojenia ran? W moim poczuciu nie warto obserwowa\u0107 os\u00f3b, kt\u00f3re w naszym \u017cyciu ju\u017c nie wyst\u0119puj\u0105, zw\u0142aszcza gdy generuje to tak du\u017co cierpienia.<\/p>\n<p>&#8222;Za chwil\u0119 mo\u017cesz by\u0107 w tym samym miejscu, co tamta by\u0142a \u017cona&#8221;<\/p>\n<p class=\"ods-c-paragraph \">Dzi\u015b Kasia twierdzi, \u017ce gdyby wiedzia\u0142a, \u017ce o ko\u0144cu wielkich uczu\u0107 jej partnera ostatecznie przekona j\u0105 powiadomienie o &#8222;braku dost\u0119pu do konta&#8221;, to mo\u017ce mniej dramatycznie znosi\u0142aby pierwsze tygodnie po rozstaniu.<\/p>\n<p class=\"ods-c-paragraph \">\u2014 Na pocz\u0105tku my\u015bla\u0142am, \u017ce serce mi p\u0119knie, \u017ce nie wytrzymam tego b\u00f3lu. Najbardziej uderzy\u0142o mnie to, \u017ce wcze\u015bniej nawet si\u0119 z tego \u015bmia\u0142am \u2014 m\u00f3wi Kasia. \u2014 S\u0142yszysz histori\u0119 o tym, \u017ce tw\u00f3j partner odci\u0105\u0142 by\u0142\u0105 \u017con\u0119 od pakietu Family i my\u015blisz: &#8222;c\u00f3\u017c, \u017cycie&#8221;. \u015amiejecie si\u0119 z tego razem, komentujecie, \u017ce to troch\u0119 dziecinne, troch\u0119 zabawne. I w og\u00f3le nie przychodzi ci do g\u0142owy, \u017ce za chwil\u0119 mo\u017cesz by\u0107 dok\u0142adnie w tym samym miejscu, co tamta by\u0142a \u017cona.<\/p>\n<p class=\"ods-c-paragraph \">Z perspektywy czasu Kasia widzi, \u017ce to by\u0142o naiwne. Skoro kto\u015b potrafi\u0142 tak bardzo rzeczowo i bez sentyment\u00f3w zamkn\u0105\u0107 poprzedni rozdzia\u0142, zrobi dok\u0142adnie to samo z kolejn\u0105 partnerk\u0105.<\/p>\n<p class=\"ods-c-paragraph \">Zrozumia\u0142a jedno: Jacek nigdy nie by\u0142 z ni\u0105 naprawd\u0119 blisko. Nie na tyle blisko, by w chwili rozstania uzna\u0107, \u017ce nale\u017cy jej si\u0119 rozmowa, a nie tylko komunikat z aplikacji.<\/p>\n<p class=\"ods-c-paragraph \">\u2014 Wykupi\u0142am sobie w\u0142asny dost\u0119p. Jak b\u0119d\u0119 chcia\u0142a, to sama zadecyduj\u0119, kogo tam pod\u0142\u0105cz\u0119 \u2014 puentuje Kasia.<\/p>\n","protected":false},"excerpt":{"rendered":"Katarzyna nie by\u0142a z Jackiem d\u0142ugo. Ot, zwi\u0105zek, kt\u00f3ry gdyby oboje nie byli po czterdziestce i nie zgromadzili&hellip;\n","protected":false},"author":2,"featured_media":153525,"comment_status":"","ping_status":"","sticky":false,"template":"","format":"standard","meta":{"footnotes":""},"categories":[22],"tags":[56,122,48,216,46,42,38,40,39,41,2103,123,47,2023,5076,2579],"class_list":{"0":"post-153524","1":"post","2":"type-post","3":"status-publish","4":"format-standard","5":"has-post-thumbnail","7":"category-rozrywka","8":"tag-article_premium","9":"tag-entertainment","10":"tag-nat_styl","11":"tag-netflix","12":"tag-omp","13":"tag-pl","14":"tag-poland","15":"tag-polish","16":"tag-polska","17":"tag-polski","18":"tag-psychologia","19":"tag-rozrywka","20":"tag-screening_general","21":"tag-spotify","22":"tag-zwiazek","23":"tag-zwiazki"},"share_on_mastodon":{"url":"https:\/\/pubeurope.com\/@pl\/115728172199856913","error":""},"_links":{"self":[{"href":"https:\/\/www.europesays.com\/pl\/wp-json\/wp\/v2\/posts\/153524","targetHints":{"allow":["GET"]}}],"collection":[{"href":"https:\/\/www.europesays.com\/pl\/wp-json\/wp\/v2\/posts"}],"about":[{"href":"https:\/\/www.europesays.com\/pl\/wp-json\/wp\/v2\/types\/post"}],"author":[{"embeddable":true,"href":"https:\/\/www.europesays.com\/pl\/wp-json\/wp\/v2\/users\/2"}],"replies":[{"embeddable":true,"href":"https:\/\/www.europesays.com\/pl\/wp-json\/wp\/v2\/comments?post=153524"}],"version-history":[{"count":0,"href":"https:\/\/www.europesays.com\/pl\/wp-json\/wp\/v2\/posts\/153524\/revisions"}],"wp:featuredmedia":[{"embeddable":true,"href":"https:\/\/www.europesays.com\/pl\/wp-json\/wp\/v2\/media\/153525"}],"wp:attachment":[{"href":"https:\/\/www.europesays.com\/pl\/wp-json\/wp\/v2\/media?parent=153524"}],"wp:term":[{"taxonomy":"category","embeddable":true,"href":"https:\/\/www.europesays.com\/pl\/wp-json\/wp\/v2\/categories?post=153524"},{"taxonomy":"post_tag","embeddable":true,"href":"https:\/\/www.europesays.com\/pl\/wp-json\/wp\/v2\/tags?post=153524"}],"curies":[{"name":"wp","href":"https:\/\/api.w.org\/{rel}","templated":true}]}}