{"id":153556,"date":"2025-12-16T08:12:12","date_gmt":"2025-12-16T08:12:12","guid":{"rendered":"https:\/\/www.europesays.com\/pl\/153556\/"},"modified":"2025-12-16T08:12:12","modified_gmt":"2025-12-16T08:12:12","slug":"zabojstwo-12-latki-w-jeleniej-gorze-ustalono-osobe-nieletnia","status":"publish","type":"post","link":"https:\/\/www.europesays.com\/pl\/153556\/","title":{"rendered":"Zab\u00f3jstwo 12-latki w Jeleniej G\u00f3rze. &#8222;Ustalono osob\u0119 nieletni\u0105&#8221;"},"content":{"rendered":"\n<p>&#13;<br \/>\nFunkcjonariusze potwierdzili, \u017ce\u00a0w\u00a0toku \u015bledztwa ustalono osob\u0119 nieletni\u0105, kt\u00f3ra mo\u017ce mie\u0107 zwi\u0105zek z\u00a0t\u0105 tragedi\u0105. Zw\u0142oki dziewczynki odnaleziono ok. godz. 14:50 w\u00a0rejonie ulicy Wyspia\u0144skiego, niedaleko Szko\u0142y Podstawowej nr 10. Ze wst\u0119pnych ustale\u0144 wynika, \u017ce\u00a0mog\u0142o doj\u015b\u0107 do\u00a0zab\u00f3jstwa, a\u00a0sprawa jest prowadzona pod\u00a0nadzorem Prokuratury Rejonowej w\u00a0Jeleniej G\u00f3rze. &#13;\n<\/p>\n<p>&#13;<br \/>\nWed\u0142ug komunikatu policji, kt\u00f3ry zosta\u0142 opublikowany ok. godziny 19:00, osoba nieletnia zosta\u0142a wytypowana w\u00a0zwi\u0105zku ze\u00a0spraw\u0105, jednak ze\u00a0wzgl\u0119du na\u00a0dobro post\u0119powania oraz\u00a0ochron\u0119 praw nieletnich s\u0142u\u017cby nie\u00a0ujawniaj\u0105 szczeg\u00f3\u0142\u00f3w. Nieoficjalnie media podaj\u0105, \u017ce\u00a0zatrzymana mo\u017ce by\u0107 14-letnia uczennica tej samej szko\u0142y, co\u00a0ofiara, jednak policja nie\u00a0potwierdza szczeg\u00f3\u0142\u00f3w personalnych. &#13;\n<\/p>\n<p>Reakcje i\u00a0dzia\u0142ania lokalne<\/p>\n<p>&#13;<br \/>\nDyrektor Szko\u0142y Podstawowej nr 10, Pawe\u0142 Domaga\u0142a, wyrazi\u0142 wstrz\u0105s i\u00a0\u017cal z\u00a0powodu tragedii. W\u00a0rozmowach z\u00a0mediami opisa\u0142 zmar\u0142\u0105 jako pogodn\u0105, wzorow\u0105 uczennic\u0119 osi\u0105gaj\u0105c\u0105 bardzo dobre wyniki w\u00a0nauce oraz\u00a0aktywnie uczestnicz\u0105c\u0105 w\u00a0konkursach i\u00a0zaj\u0119ciach wolontariatu szkolnego. &#13;\n<\/p>\n<p>&#13;<br \/>\nW\u0142adze miasta Jeleniej G\u00f3ry zwo\u0142a\u0142y sztab kryzysowy. Zapowiedziano, \u017ce\u00a0we\u00a0wtorek lekcje w\u00a0SP nr 10 zostan\u0105 skr\u00f3cone, a\u00a0rozpoczn\u0105 si\u0119 od\u00a0zaj\u0119\u0107 z\u00a0psychologami i\u00a0pedagogami. Ponadto planowane s\u0105 dy\u017cury specjalist\u00f3w tak\u017ce w\u00a0innych plac\u00f3wkach o\u015bwiatowych oraz\u00a0poradniach, aby\u00a0wesprze\u0107 uczni\u00f3w, rodzic\u00f3w i\u00a0nauczycieli w\u00a0zwi\u0105zku z\u00a0tragicznymi okoliczno\u015bciami. &#13;\n<\/p>\n<p>Stan \u015bledztwa<\/p>\n<p>&#13;<br \/>\nPolicja i\u00a0prokuratura zabezpieczaj\u0105 materia\u0142 dowodowy i\u00a0kontynuuj\u0105 czynno\u015bci procesowe, kt\u00f3re maj\u0105 na\u00a0celu dok\u0142adne ustalenie przebiegu zdarze\u0144. Funkcjonariusze podkre\u015blaj\u0105, \u017ce\u00a0na obecnym etapie post\u0119powania nie\u00a0mog\u0105 udziela\u0107 wi\u0119kszej ilo\u015bci informacji. &#13;\n<\/p>\n<p>&#13;<br \/>\n&#8222;Ze wzgl\u0119du na\u00a0dobro \u015bledztwa oraz\u00a0ochron\u0119 os\u00f3b nieletnich, nie\u00a0udzielamy wi\u0119cej informacji. Sk\u0142adamy wyrazy g\u0142\u0119bokiego wsp\u00f3\u0142czucia rodzinie i\u00a0bliskim zmar\u0142ej dziewczynki&#8221; \u2013\u00a0przekaza\u0142a jeleniog\u00f3rska policja w\u00a0oficjalnym komunikacie. &#13;\n<\/p>\n<p>&#13;<br \/>\nCzytaj te\u017c:<br \/><a href=\"https:\/\/dorzeczy.pl\/swiat\/814700\/spalony-zywcem-za-kryptowaluty-ukraincy-zatrzymani.html\" rel=\"follow nofollow noopener\" data-schema=\"DORZECZY\" data-image=\"https:\/\/img.dorzeczy.pl\/_thumb\/e6\/6d\/af0a647665d4c2e3191052f74ae6.jpeg\" target=\"_blank\">Syn wiceburmistrza spalony \u017cywcem. Ukrai\u0144cy zatrzymani<\/a>Czytaj te\u017c:<br \/><a href=\"https:\/\/dorzeczy.pl\/swiat\/817043\/rosjanin-zabil-i-oskorowal-zone-zostal-uwolniony-bedzie-walczyl-na-ukrainie.html\" rel=\"follow nofollow noopener\" data-schema=\"DORZECZY\" data-image=\"https:\/\/img.dorzeczy.pl\/_thumb\/fe\/4b\/ac5672a7edb9ba30c402966d0859.jpeg\" target=\"_blank\">Brutalny zab\u00f3jca zwolniony z\u00a0aresztu. B\u0119dzie walczy\u0142 na\u00a0Ukrainie<\/a> &#13;<\/p>\n","protected":false},"excerpt":{"rendered":"&#13; Funkcjonariusze potwierdzili, \u017ce\u00a0w\u00a0toku \u015bledztwa ustalono osob\u0119 nieletni\u0105, kt\u00f3ra mo\u017ce mie\u0107 zwi\u0105zek z\u00a0t\u0105 tragedi\u0105. Zw\u0142oki dziewczynki odnaleziono ok.&hellip;\n","protected":false},"author":2,"featured_media":153557,"comment_status":"","ping_status":"","sticky":false,"template":"","format":"standard","meta":{"footnotes":""},"categories":[12],"tags":[32,33,98,36,37,27,21822,49,34,35,9715,28,31,25,103,42,38,414,40,39,41,29,30,26,411],"class_list":{"0":"post-153556","1":"post","2":"type-post","3":"status-publish","4":"format-standard","5":"has-post-thumbnail","7":"category-polska","8":"tag-breaking-news","9":"tag-breakingnews","10":"tag-dorzeczy","11":"tag-featured-news","12":"tag-featurednews","13":"tag-headlines","14":"tag-jelenia-gora","15":"tag-kraj","16":"tag-latest-news","17":"tag-latestnews","18":"tag-morderstwo","19":"tag-naglowki","20":"tag-najwazniejsze-artykuly","21":"tag-news","22":"tag-obserwator-mediow","23":"tag-pl","24":"tag-poland","25":"tag-policja","26":"tag-polish","27":"tag-polska","28":"tag-polski","29":"tag-top-stories","30":"tag-topstories","31":"tag-wiadomosci","32":"tag-zabojstwo"},"share_on_mastodon":{"url":"https:\/\/pubeurope.com\/@pl\/115728242686051087","error":""},"_links":{"self":[{"href":"https:\/\/www.europesays.com\/pl\/wp-json\/wp\/v2\/posts\/153556","targetHints":{"allow":["GET"]}}],"collection":[{"href":"https:\/\/www.europesays.com\/pl\/wp-json\/wp\/v2\/posts"}],"about":[{"href":"https:\/\/www.europesays.com\/pl\/wp-json\/wp\/v2\/types\/post"}],"author":[{"embeddable":true,"href":"https:\/\/www.europesays.com\/pl\/wp-json\/wp\/v2\/users\/2"}],"replies":[{"embeddable":true,"href":"https:\/\/www.europesays.com\/pl\/wp-json\/wp\/v2\/comments?post=153556"}],"version-history":[{"count":0,"href":"https:\/\/www.europesays.com\/pl\/wp-json\/wp\/v2\/posts\/153556\/revisions"}],"wp:featuredmedia":[{"embeddable":true,"href":"https:\/\/www.europesays.com\/pl\/wp-json\/wp\/v2\/media\/153557"}],"wp:attachment":[{"href":"https:\/\/www.europesays.com\/pl\/wp-json\/wp\/v2\/media?parent=153556"}],"wp:term":[{"taxonomy":"category","embeddable":true,"href":"https:\/\/www.europesays.com\/pl\/wp-json\/wp\/v2\/categories?post=153556"},{"taxonomy":"post_tag","embeddable":true,"href":"https:\/\/www.europesays.com\/pl\/wp-json\/wp\/v2\/tags?post=153556"}],"curies":[{"name":"wp","href":"https:\/\/api.w.org\/{rel}","templated":true}]}}