{"id":153590,"date":"2025-12-16T08:35:11","date_gmt":"2025-12-16T08:35:11","guid":{"rendered":"https:\/\/www.europesays.com\/pl\/153590\/"},"modified":"2025-12-16T08:35:11","modified_gmt":"2025-12-16T08:35:11","slug":"wojciech-kowalczyk-wprost-o-trenerach-legii-kompletnie-glupi-pomysl","status":"publish","type":"post","link":"https:\/\/www.europesays.com\/pl\/153590\/","title":{"rendered":"Wojciech Kowalczyk wprost o trenerach Legii. &#8222;Kompletnie g\u0142upi pomys\u0142&#8221;"},"content":{"rendered":"<p>Wojciech Kowalczyk skomentowa\u0142 na\u00a0kanale Wesz\u0142oTV sytuacj\u0119 panuj\u0105c\u0105 ostatnio w, a\u00a0jak\u017ce, Legii Warszawa. Sto\u0142eczny klub przezimuje w\u00a0strefie spadkowej, a\u00a0zdaniem by\u0142ego reprezentanta Polski winnych takiej sytuacji jest wielu. Kowal zwr\u00f3ci\u0142 cho\u0107by uwag\u0119 na\u00a0wyb\u00f3r trener\u00f3w, jego zdaniem niezbyt w\u00a0tym sezonie fortunny.<\/p>\n<p>\u2013 Zaczynaj\u0105c od\u00a0Dariusza Mioduskiego, poprzez Frediego Bobicia, Micha\u0142a \u017bew\u0142akowa, Iordanescu, Astiza i\u00a0wszystkich zawodnik\u00f3w \u2013 to\u00a0jest nieprawdopodobne, \u017ce\u00a0nawet jedna osoba nie\u00a0umie si\u0119 z\u00a0tego wybroni\u0107. To\u00a0ju\u017c jest naprawd\u0119 wielki upadek. Przynajmniej chwilowy, bo\u00a0nawet strata do\u00a0lideruj\u0105cej Wis\u0142y P\u0142ock nie\u00a0jest tak\u00a0wielka, jak powinna by\u0107 w\u00a0przypadku zespo\u0142u ze\u00a0strefy spadkowej \u2013 oceni\u0142 by\u0142y reprezentant Polski, wskazuj\u0105c przyczyny zapa\u015bci w\u00a0klubie ze\u00a0stolicy.<\/p>\n<p>Potem przeszed\u0142 do\u00a0rozk\u0142adu tej\u00a0sytuacji na\u00a0czynniki pierwsze.<\/p>\n<p>Wojciech Kowalczyk nie\u00a0zostawia na\u00a0Legii suchej nitki. \u201eJa sam siebie oszuka\u0142em\u201d<\/p>\n<p>\u2013 Kompletnie g\u0142upi pomys\u0142 z\u00a0zatrudnieniem Iordanescu. Trenerem dru\u017cyny klubowej nie\u00a0mo\u017ce by\u0107 bardziej selekcjoner ni\u017c trener \u2013 zwr\u00f3ci\u0142 uwag\u0119 Kowal, rozpoczynaj\u0105c tym samym swoj\u0105 tyrad\u0119 na\u00a0temat trener\u00f3w Legii. \u2013 Iordanescu w\u00a0kadrze m\u00f3g\u0142 mie\u0107 pi\u0142karzy na\u00a0wyci\u0105gni\u0119cie r\u0119ki, chcia\u0142, to\u00a0powo\u0142ywa\u0142. Nie\u00a0musia\u0142 mu\u00a0ich nikt kupowa\u0107. A\u00a0potem przyszed\u0142 do\u00a0Legii i\u00a0najpierw narzeka\u0142 na\u00a0transfery dlatego, \u017ce\u00a0ich nie\u00a0by\u0142o, \u017ceby\u00a0p\u00f3\u017aniej narzeka\u0107 dlatego, \u017ce\u00a0s\u0105, ale\u00a0nie\u00a0takie \u2013 doda\u0142.<\/p>\n<p>C\u00f3\u017c, nie\u00a0da si\u0119 ukry\u0107, \u017ce\u00a0i\u00a0za\u00a0kadencji niewyspanego Rumuna z\u00a0Legi\u0105 nie\u00a0by\u0142o wcale specjalnie dobrze. Po\u00a0jego odej\u015bciu jest ju\u017c jednak bardzo \u017ale \u2013 ca\u0142y czas trwa przecie\u017c seria kolejnych mecz\u00f3w Wojskowych bez\u00a0wygranej, aktualnie naliczyli\u015bmy ich ju\u017c 11. Wi\u0119kszo\u015b\u0107 z\u00a0nich sto\u0142eczny zesp\u00f3\u0142 rozegra\u0142 pod\u00a0wodz\u0105 wcze\u015bniejszego asystenta Iordanescu.<\/p>\n<p>\u2013 Przychodzi Inaki Astiz. Szczerze m\u00f3wi\u0105c, ja\u00a0sam siebie oszuka\u0142em. My\u015bla\u0142em, \u017ce\u00a0jak kto\u015b jest w\u00a0tym klubie od\u00a0wielu, wielu lat, to\u00a0zna go\u00a0od\u00a0podszewki, zna zawodnik\u00f3w. Mia\u0142em przekonanie, \u017ce\u00a0on\u00a0jest w\u00a0stanie to\u00a0wszystko pouk\u0142ada\u0107. I\u00a0co? Nic. Da\u0142em si\u0119 oszuka\u0107, Astiz pokaza\u0142, \u017ce\u00a0w\u00a0przysz\u0142o\u015bci nie\u00a0powinien te\u017c pe\u0142ni\u0107 podobnych funkcji w\u00a0Legii. Trzymanie na\u00a0pensjach by\u0142ych pi\u0142karz tylko\u00a0po\u00a0to, \u017ceby\u00a0posiedzieli sobie w\u00a0klubie mija si\u0119 z\u00a0celem\u00a0\u2013 oceni\u0142 ostro Kowalczyk.<\/p>\n<p>W\u00a0swoim kilkunastominutowym komentarzu poruszy\u0142 jednak jeszcze wi\u0119cej w\u0105tk\u00f3w, podkre\u015blaj\u0105c wyra\u017anie, \u017ce\u00a0Dariusz Mioduski powinien ju\u017c dawno zrezygnowa\u0107 z\u00a0prowadzenia klubu.<\/p>\n<p>CZYTAJ WI\u0118CEJ O\u00a0LEGII WARSZAWA:<\/p>\n<p>Fot.\u00a0Newspix<\/p>\n","protected":false},"excerpt":{"rendered":"Wojciech Kowalczyk skomentowa\u0142 na\u00a0kanale Wesz\u0142oTV sytuacj\u0119 panuj\u0105c\u0105 ostatnio w, a\u00a0jak\u017ce, Legii Warszawa. Sto\u0142eczny klub przezimuje w\u00a0strefie spadkowej, a\u00a0zdaniem&hellip;\n","protected":false},"author":2,"featured_media":153591,"comment_status":"","ping_status":"","sticky":false,"template":"","format":"standard","meta":{"footnotes":""},"categories":[24],"tags":[9930,19126,713,42,38,40,39,41,127,126,4833],"class_list":{"0":"post-153590","1":"post","2":"type-post","3":"status-publish","4":"format-standard","5":"has-post-thumbnail","7":"category-sport","8":"tag-edward-iordanescu","9":"tag-inaki-astiz","10":"tag-legia-warszawa","11":"tag-pl","12":"tag-poland","13":"tag-polish","14":"tag-polska","15":"tag-polski","16":"tag-sport","17":"tag-sports","18":"tag-wojciech-kowalczyk"},"share_on_mastodon":{"url":"https:\/\/pubeurope.com\/@pl\/115728333211068512","error":""},"_links":{"self":[{"href":"https:\/\/www.europesays.com\/pl\/wp-json\/wp\/v2\/posts\/153590","targetHints":{"allow":["GET"]}}],"collection":[{"href":"https:\/\/www.europesays.com\/pl\/wp-json\/wp\/v2\/posts"}],"about":[{"href":"https:\/\/www.europesays.com\/pl\/wp-json\/wp\/v2\/types\/post"}],"author":[{"embeddable":true,"href":"https:\/\/www.europesays.com\/pl\/wp-json\/wp\/v2\/users\/2"}],"replies":[{"embeddable":true,"href":"https:\/\/www.europesays.com\/pl\/wp-json\/wp\/v2\/comments?post=153590"}],"version-history":[{"count":0,"href":"https:\/\/www.europesays.com\/pl\/wp-json\/wp\/v2\/posts\/153590\/revisions"}],"wp:featuredmedia":[{"embeddable":true,"href":"https:\/\/www.europesays.com\/pl\/wp-json\/wp\/v2\/media\/153591"}],"wp:attachment":[{"href":"https:\/\/www.europesays.com\/pl\/wp-json\/wp\/v2\/media?parent=153590"}],"wp:term":[{"taxonomy":"category","embeddable":true,"href":"https:\/\/www.europesays.com\/pl\/wp-json\/wp\/v2\/categories?post=153590"},{"taxonomy":"post_tag","embeddable":true,"href":"https:\/\/www.europesays.com\/pl\/wp-json\/wp\/v2\/tags?post=153590"}],"curies":[{"name":"wp","href":"https:\/\/api.w.org\/{rel}","templated":true}]}}