{"id":153594,"date":"2025-12-16T08:37:11","date_gmt":"2025-12-16T08:37:11","guid":{"rendered":"https:\/\/www.europesays.com\/pl\/153594\/"},"modified":"2025-12-16T08:37:11","modified_gmt":"2025-12-16T08:37:11","slug":"w-maju-w-kinach-a-juz-teraz-na-skyshowtime-genialny-film-zachwyca-krytykow-i-widzow","status":"publish","type":"post","link":"https:\/\/www.europesays.com\/pl\/153594\/","title":{"rendered":"W maju w kinach, a ju\u017c teraz na SkyShowtime. GENIALNY film zachwyca krytyk\u00f3w i widz\u00f3w"},"content":{"rendered":"<p>Na platformie SkyShowtime pojawi\u0142a si\u0119 kolejna przyjemna niespodzianka. Widzowie mog\u0105 zobaczy\u0107 jeden z najlepszych film\u00f3w pierwszej po\u0142owy 2025 roku.<\/p>\n<p>SkyShowtime regularnie prezentuje ofert\u0119 na kolejne tygodnie, ale od czasu do czasu platforma potrafi zaskoczy\u0107 widz\u00f3w cich\u0105, a przy tym bardzo jako\u015bciow\u0105 premier\u0105. Tak w\u0142a\u015bnie jest w przypadku filmu wyre\u017cyserowanego i napisanego przez Andrew DeYounga, kt\u00f3ry bez wielkiego marketingowego szumu trafi\u0142 do katalogu serwisu.<\/p>\n<p>    Dalsza cz\u0119\u015b\u0107 tekstu pod wideo<\/p>\n<p>Widzowie SkyShowtime mog\u0105 ju\u017c zobaczy\u0107 film \u201ePrzyja\u017a\u0144\u201d &#8211; produkcja mia\u0142a swoj\u0105 kinow\u0105 premier\u0119 w maju, jednak tak naprawd\u0119 widzowie i krytycy po raz pierwszy mogli zobaczy\u0107 opowie\u015b\u0107 ju\u017c we wrze\u015bniu zesz\u0142ego roku podczas Mi\u0119dzynarodowego Festiwalu Filmowego w Toronto. To w\u0142a\u015bnie tam film zebra\u0142 pierwsze bardzo pozytywne reakcje i szybko zacz\u0119to m\u00f3wi\u0107 o nim jako o jednej z ciekawszych czarnych komedii ostatnich miesi\u0119cy.<\/p>\n<p>        <img loading=\"lazy\" decoding=\"async\" src=\"https:\/\/www.europesays.com\/pl\/wp-content\/uploads\/2025\/12\/1765838116_270_B32963402.414688363;dc_trk_aid=607216972;dc_trk_cid=228291445;ord=[timestamp];dc_lat=;dc_rdid=;tag_f.gif\" attributionsrc=\"\" border=\"0\" height=\"1\" width=\"1\" alt=\"Advertisement\"\/><\/p>\n<p>\u201ePrzyja\u017a\u0144\u201d to ameryka\u0144ska czarna komedia, b\u0119d\u0105ca pe\u0142nometra\u017cowym debiutem re\u017cyserskim Andrew DeYounga. G\u0142\u00f3wnym bohaterem jest Craig Waterman &#8211; przeci\u0119tny mieszkaniec przedmie\u015b\u0107, kt\u00f3ry z zewn\u0105trz wydaje si\u0119 spe\u0142nionym doros\u0142ym, lecz coraz dotkliwiej odczuwa samotno\u015b\u0107 i emocjonaln\u0105 pustk\u0119. Wszystko zmienia si\u0119 w momencie, gdy poznaje Austina &#8211; nowego s\u0105siada, charyzmatycznego meteorologa i by\u0142ego muzyka. Craig szybko fascynuje si\u0119 jego osobowo\u015bci\u0105 i za wszelk\u0105 cen\u0119 pr\u00f3buje zbli\u017cy\u0107 si\u0119 do niego, wierz\u0105c, \u017ce wreszcie znalaz\u0142 prawdziwego przyjaciela. Ta relacja bardzo szybko zaczyna jednak przybiera\u0107 niepokoj\u0105cy obr\u00f3t.<\/p>\n<p>Film mo\u017ce pochwali\u0107 si\u0119 bardzo solidnymi ocenami. Wed\u0142ug Rotten Tomatoes a\u017c 87% krytyk\u00f3w poleca \u201ePrzyja\u017a\u0144\u201d, doceniaj\u0105c scenariusz, re\u017cyseri\u0119 i nietypowe podej\u015bcie do tematu relacji mi\u0119dzyludzkich. R\u00f3wnie\u017c widzowie s\u0105 zadowoleni &#8211; 73% pozytywnych opinii to wynik, kt\u00f3ry potwierdza, \u017ce mamy do czynienia z produkcj\u0105 trafiaj\u0105c\u0105 do szerokiego grona odbiorc\u00f3w.<\/p>\n<p>Je\u015bli szukacie czego\u015b innego ni\u017c typowe blockbusterowe premiery, \u201ePrzyja\u017a\u0144\u201d to propozycja zdecydowanie warta uwagi. A je\u015bli nie jeste\u015bcie jeszcze przekonani, warto rzuci\u0107 okiem na zwiastun, kt\u00f3ry bardzo dobrze oddaje klimat filmu i pokazuje, z jak nietypow\u0105, momentami niewygodn\u0105 histori\u0105 mamy do czynienia.<\/p>\n","protected":false},"excerpt":{"rendered":"Na platformie SkyShowtime pojawi\u0142a si\u0119 kolejna przyjemna niespodzianka. Widzowie mog\u0105 zobaczy\u0107 jeden z najlepszych film\u00f3w pierwszej po\u0142owy 2025&hellip;\n","protected":false},"author":2,"featured_media":309,"comment_status":"","ping_status":"","sticky":false,"template":"","format":"standard","meta":{"footnotes":""},"categories":[20],"tags":[120,118,119,42,38,40,39,41,116,114,115,121,117],"class_list":{"0":"post-153594","1":"post","2":"type-post","3":"status-publish","4":"format-standard","5":"has-post-thumbnail","7":"category-nauka-i-technika","8":"tag-nauka","9":"tag-nauka-i-technika","10":"tag-naukatechnika","11":"tag-pl","12":"tag-poland","13":"tag-polish","14":"tag-polska","15":"tag-polski","16":"tag-science","17":"tag-science-and-technology","18":"tag-sciencetechnology","19":"tag-technika","20":"tag-technology"},"share_on_mastodon":{"url":"https:\/\/pubeurope.com\/@pl\/115728341199567236","error":""},"_links":{"self":[{"href":"https:\/\/www.europesays.com\/pl\/wp-json\/wp\/v2\/posts\/153594","targetHints":{"allow":["GET"]}}],"collection":[{"href":"https:\/\/www.europesays.com\/pl\/wp-json\/wp\/v2\/posts"}],"about":[{"href":"https:\/\/www.europesays.com\/pl\/wp-json\/wp\/v2\/types\/post"}],"author":[{"embeddable":true,"href":"https:\/\/www.europesays.com\/pl\/wp-json\/wp\/v2\/users\/2"}],"replies":[{"embeddable":true,"href":"https:\/\/www.europesays.com\/pl\/wp-json\/wp\/v2\/comments?post=153594"}],"version-history":[{"count":0,"href":"https:\/\/www.europesays.com\/pl\/wp-json\/wp\/v2\/posts\/153594\/revisions"}],"wp:featuredmedia":[{"embeddable":true,"href":"https:\/\/www.europesays.com\/pl\/wp-json\/wp\/v2\/media\/309"}],"wp:attachment":[{"href":"https:\/\/www.europesays.com\/pl\/wp-json\/wp\/v2\/media?parent=153594"}],"wp:term":[{"taxonomy":"category","embeddable":true,"href":"https:\/\/www.europesays.com\/pl\/wp-json\/wp\/v2\/categories?post=153594"},{"taxonomy":"post_tag","embeddable":true,"href":"https:\/\/www.europesays.com\/pl\/wp-json\/wp\/v2\/tags?post=153594"}],"curies":[{"name":"wp","href":"https:\/\/api.w.org\/{rel}","templated":true}]}}