{"id":153631,"date":"2025-12-16T09:09:09","date_gmt":"2025-12-16T09:09:09","guid":{"rendered":"https:\/\/www.europesays.com\/pl\/153631\/"},"modified":"2025-12-16T09:09:09","modified_gmt":"2025-12-16T09:09:09","slug":"kazal-polakom-sie-zamknac-a-teraz-nagle-zniknal-przeglad-sportowy-onet","status":"publish","type":"post","link":"https:\/\/www.europesays.com\/pl\/153631\/","title":{"rendered":"Kaza\u0142 Polakom si\u0119 zamkn\u0105\u0107. A teraz nagle znikn\u0105\u0142 &#8211; Przegl\u0105d Sportowy Onet"},"content":{"rendered":"<ol>\n<li><a href=\"https:\/\/news.google.com\/rss\/articles\/CBMipAFBVV95cUxQTlAzYjhIam9tLTJrdEJjdWtDMmNIXzl5bzltOVlOWkg4NFUzXzVud2VNV1ZDb29EZGZQUFBVMHdJZkJWdmFfNGhybVMwUDhGeXBZT2xzU3BaVEdFTEtjR0c0RElJRE9BSzAxV005VUxWaGpYT0RVcTUxaWVhYzZjZllSdEllbFJMMmRCOGhtazFqV0Z1dmM2VThVS0psUkoxbnNkTg?oc=5\" target=\"_blank\" rel=\"nofollow noopener\">Kaza\u0142 Polakom si\u0119 zamkn\u0105\u0107. A teraz nagle znikn\u0105\u0142<\/a>&nbsp;&nbsp;Przegl\u0105d Sportowy Onet<\/li>\n<li><a href=\"https:\/\/news.google.com\/rss\/articles\/CBMitAFBVV95cUxNODBIRWFLRXF0dWlOTkdJdG5sRHZBV2RUOWl0dVFHSUI0bGx1MWhsVlBFZlRKQjc2MmhaVUY2Rm5DUGxLOXdJbzcyX0hOTzluWjZiQlRnNWRLdnJMakp0R3JqRWhmRndGYVNvLXRRS3lTblJFcEFnYlFLazFwVm5mRzlBVmEtc0szWkVxeTYwRXFURktNdXRudWZuVUdUeUV5VFc5YVVKbV9sSkhjaXczcmxpa2c?oc=5\" target=\"_blank\" rel=\"nofollow noopener\">Szyderczy podpis pod zdj\u0119ciem \u017by\u0142y. Skoczek podpali\u0142 internet<\/a>&nbsp;&nbsp;SportoweFakty<\/li>\n<li><a href=\"https:\/\/news.google.com\/rss\/articles\/CBMinAFBVV95cUxNQkJOZW1nNkdUaTNWSjJjS3ZyLWtWcjNWX0RNSG5Fd1ExMkg2Sm9YVC1lWHN2T3Z3WHh1QUhoLWpBZjFyX3FCOUY3MjB6Q21VQUJpREt3eDAyLVMxazlHVFJWQVRlTkFQRWhLb1JHQ01aaGt0Y1dyamFBRTAyajVndzREMWdKRmZpblhyd2dXVlp0NXNNcklqRTdnNlA?oc=5\" target=\"_blank\" rel=\"nofollow noopener\">\u017by\u0142a zaatakowany przez rywala! Gigantyczna burza<\/a>&nbsp;&nbsp;Sport.pl<\/li>\n<li><a href=\"https:\/\/news.google.com\/rss\/articles\/CBMiugFBVV95cUxORllrQjdjS3A0MGN0MHdISzd3WmxKRHVlUlRJNHJsNFBkUU04a2cxV0hWVVlMWTcxYWV3WHg4MHpoNklZaDJxU05nRjFDcFk3XzJIUWoxQ1pDZGZLRjRDLWNRQjZvVm1MdHBYYzNBX3BtcFVNMkhYdkI0SHJMNEkzUFNCY0pnaURITjNjUDZwYU1fVUdCV3BtbjBwZGJiMy16TTA1YlMwWm5obER2NEZEOTRNOFlmZkdWYlE?oc=5\" target=\"_blank\" rel=\"nofollow noopener\">Znany skoczek publicznie zaatakowa\u0142 Piotra \u017by\u0142\u0119. Ostry wpis w kierunku Polaka<\/a>&nbsp;&nbsp;Polskie Radio 24<\/li>\n<li><a href=\"https:\/\/news.google.com\/rss\/articles\/CBMi4AFBVV95cUxQQkZMeUJKZWt1QnhjNUZWWVJIbjhjUUR6Q08wX1NwQkV5anFGSVV3ei1iSTUyeVBZTlZ4OTBBLXdWWkpYYjdaOUs1eGpYWVJjczZBUVV4UFEwbDh6aXVOb0JlSU1HZ3cwQnRIR3hidHk1UG1uQWhxVEUzeFFtSmREc0tBaVlrM1lsWTg5cGxpREk0UVZwUUczZjlFZ3BsWGJBTTJhVkwyUVB6cXM5dEEtbnM5cGVvT0FZTXoxazlEcFRWR1oxNG9BaENkRmtodDZ5T2JQMGZiTFFzWHR6UkxfVg?oc=5\" target=\"_blank\" rel=\"nofollow noopener\">Znany skoczek uderza w Piotra \u017by\u0142\u0119. I nagle ostro do Polak\u00f3w. &#8222;Zamknijcie si\u0119!&#8221;<\/a>&nbsp;&nbsp;Przegl\u0105d Sportowy Onet<\/li>\n<\/ol>\n","protected":false},"excerpt":{"rendered":"Kaza\u0142 Polakom si\u0119 zamkn\u0105\u0107. A teraz nagle znikn\u0105\u0142&nbsp;&nbsp;Przegl\u0105d Sportowy Onet Szyderczy podpis pod zdj\u0119ciem \u017by\u0142y. Skoczek podpali\u0142 internet&nbsp;&nbsp;SportoweFakty&hellip;\n","protected":false},"author":2,"featured_media":153632,"comment_status":"","ping_status":"","sticky":false,"template":"","format":"standard","meta":{"footnotes":""},"categories":[5],"tags":[32,33,36,37,27,67,34,35,30679,194,28,31,25,3102,42,38,40,39,41,136,28861,128,47,1874,135,5777,29,30,26,130],"class_list":{"0":"post-153631","1":"post","2":"type-post","3":"status-publish","4":"format-standard","5":"has-post-thumbnail","7":"category-naglowki","8":"tag-breaking-news","9":"tag-breakingnews","10":"tag-featured-news","11":"tag-featurednews","12":"tag-headlines","13":"tag-intextvideo_splayer","14":"tag-latest-news","15":"tag-latestnews","16":"tag-mackenzie_boyd_clowes","17":"tag-maja","18":"tag-naglowki","19":"tag-najwazniejsze-artykuly","20":"tag-news","21":"tag-piotr_zyla","22":"tag-pl","23":"tag-poland","24":"tag-polish","25":"tag-polska","26":"tag-polski","27":"tag-ps_detal_new","28":"tag-ps_omp_tst0","29":"tag-psv2","30":"tag-screening_general","31":"tag-skoki_narciarskie","32":"tag-sport_sport","33":"tag-sporty_zimowe","34":"tag-top-stories","35":"tag-topstories","36":"tag-wiadomosci","37":"tag-wiadomosci_sportowe"},"share_on_mastodon":{"url":"https:\/\/pubeurope.com\/@pl\/115728466913412564","error":""},"_links":{"self":[{"href":"https:\/\/www.europesays.com\/pl\/wp-json\/wp\/v2\/posts\/153631","targetHints":{"allow":["GET"]}}],"collection":[{"href":"https:\/\/www.europesays.com\/pl\/wp-json\/wp\/v2\/posts"}],"about":[{"href":"https:\/\/www.europesays.com\/pl\/wp-json\/wp\/v2\/types\/post"}],"author":[{"embeddable":true,"href":"https:\/\/www.europesays.com\/pl\/wp-json\/wp\/v2\/users\/2"}],"replies":[{"embeddable":true,"href":"https:\/\/www.europesays.com\/pl\/wp-json\/wp\/v2\/comments?post=153631"}],"version-history":[{"count":0,"href":"https:\/\/www.europesays.com\/pl\/wp-json\/wp\/v2\/posts\/153631\/revisions"}],"wp:featuredmedia":[{"embeddable":true,"href":"https:\/\/www.europesays.com\/pl\/wp-json\/wp\/v2\/media\/153632"}],"wp:attachment":[{"href":"https:\/\/www.europesays.com\/pl\/wp-json\/wp\/v2\/media?parent=153631"}],"wp:term":[{"taxonomy":"category","embeddable":true,"href":"https:\/\/www.europesays.com\/pl\/wp-json\/wp\/v2\/categories?post=153631"},{"taxonomy":"post_tag","embeddable":true,"href":"https:\/\/www.europesays.com\/pl\/wp-json\/wp\/v2\/tags?post=153631"}],"curies":[{"name":"wp","href":"https:\/\/api.w.org\/{rel}","templated":true}]}}