{"id":153663,"date":"2025-12-16T09:31:15","date_gmt":"2025-12-16T09:31:15","guid":{"rendered":"https:\/\/www.europesays.com\/pl\/153663\/"},"modified":"2025-12-16T09:31:15","modified_gmt":"2025-12-16T09:31:15","slug":"donald-trump-nie-zlozyl-kondolencji-po-smierci-roba-reinera-doprowadzal-ludzi-do-szalenstwa-2","status":"publish","type":"post","link":"https:\/\/www.europesays.com\/pl\/153663\/","title":{"rendered":"Donald Trump nie z\u0142o\u017cy\u0142 kondolencji po \u015bmierci Roba Reinera. &#8222;Doprowadza\u0142 ludzi do szale\u0144stwa&#8221;"},"content":{"rendered":"<p class=\"ods-c-paragraph \">O zdarzeniu policj\u0119 zawiadomi\u0142a jedna z c\u00f3rek pary, kt\u00f3ra znalaz\u0142a cia\u0142a rodzic\u00f3w. Jak relacjonowa\u0142a funkcjonariuszom, sprawc\u0105 mia\u0142 by\u0107 kto\u015b z rodziny, kogo okre\u015bli\u0142a jako &#8222;niebezpiecznego&#8221;. Wed\u0142ug informacji magazynu &#8222;People&#8221; syn Reiner\u00f3w, Nick, obecnie jest przes\u0142uchiwany w zwi\u0105zku z t\u0105 tragedi\u0105.<\/p>\n<p class=\"ods-c-paragraph \"><a href=\"https:\/\/plejada.pl\/newsy\/szokujace-doniesienia-z-los-angeles-nie-zyje-rob-reiner-i-jego-zona\/t99csqy\" id=\"65e8cad0-4ae1-4343-91f4-9567e75f925c\" rel=\"nofollow noopener\" target=\"_blank\">\u015amier\u0107 Roba Reinera i jego \u017cony<\/a> wywo\u0142a\u0142a lawin\u0119 emocjonalnych reakcji w mediach spo\u0142eczno\u015bciowych i o\u015bwiadcze\u0144 od os\u00f3b, kt\u00f3re mia\u0142y okazj\u0119 wsp\u00f3\u0142pracowa\u0107 z nim lub czerpa\u0107 inspiracj\u0119 z jego tw\u00f3rczo\u015bci.<\/p>\n<p class=\"ods-c-paragraph \">Prezydent <a href=\"https:\/\/plejada.pl\/temat\/donald-trump-prezydent-usa\/tfyb98s\" id=\"fcd78b6d-7c55-4ef2-9119-2e6a3f6414e2\" rel=\"nofollow noopener\" target=\"_blank\">Donald Trump<\/a> w poniedzia\u0142ek stwierdzi\u0142, \u017ce \u015bmier\u0107 hollywoodzkiego re\u017cysera Roba Reinera by\u0142a prawdopodobnie wynikiem &#8222;z\u0142o\u015bci, kt\u00f3r\u0105 wywo\u0142ywa\u0142 u innych&#8221; poprzez &#8222;zesp\u00f3\u0142 rozbudzonego Trumpa&#8221;.<\/p>\n<p class=\"ods-c-paragraph \">&#8222;Zesp\u00f3\u0142 rozbudzonego Trumpa&#8221; to termin u\u017cywany g\u0142\u00f3wnie przez zwolennik\u00f3w Trumpa do opisania os\u00f3b, kt\u00f3re \u017cywi\u0105 siln\u0105 niech\u0119\u0107 do prezydenta lub ostro go krytykuj\u0105.<\/p>\n<p class=\"ods-c-paragraph \">W po\u015bcie na Truth Social Trump wspomnia\u0142 o &#8222;bardzo smutnej&#8221; \u015bmierci Reinera i jego \u017cony, producentki Michele Singer Reiner, jednak nie wyrazi\u0142 wsp\u00f3\u0142czucia wobec hollywoodzkich gwiazd.<\/p>\n<p class=\"ods-c-paragraph \">Trump kontynuowa\u0142: &#8222;By\u0142 znany z tego, \u017ce doprowadza\u0142 ludzi do szale\u0144stwa swoj\u0105 w\u015bciek\u0142\u0105 obsesj\u0105 na punkcie prezydenta Donalda J. Trumpa, przy czym jego oczywista paranoja osi\u0105ga\u0142a nowe szczyty, gdy administracja Trumpa przewy\u017csza\u0142a wszystkie cele i oczekiwania dotycz\u0105ce wielko\u015bci, a Z\u0142oty Wiek Ameryki m\u00f3g\u0142by by\u0107 mo\u017ce jak nigdy dot\u0105d. Niech Rob i Michele spoczywaj\u0105 w pokoju!&#8221;.<\/p>\n<p>Dalszy ci\u0105g artyku\u0142u pod materia\u0142em wideo<\/p>\n<p> Kto by\u0142 sprawc\u0105 \u015bmierci Roba Reinera i jego \u017cony? <\/p>\n<p> W jakich okoliczno\u015bciach zmarli Rob i Michele Reiner? <\/p>\n<p> Co Donald Trump powiedzia\u0142 o Robie Reinerze? <\/p>\n<p> Jakie obra\u017cenia stwierdzono na cia\u0142ach ofiar? <\/p>\n<p>  Donald Trump tak po\u017cegna\u0142 Roba Reinera<\/p>\n<p class=\"ods-c-paragraph \">Do tragicznego odkrycia dosz\u0142o w niedziel\u0119 po po\u0142udniu w rezydencji przy Chadbourne Avenue, gdzie s\u0142u\u017cby ratunkowe interweniowa\u0142y po zg\u0142oszeniu medycznym. Stra\u017c po\u017carna i policja pojawi\u0142y si\u0119 na miejscu oko\u0142o godziny 15.30 czasu lokalnego. W domu znaleziono cia\u0142a 78-letniego Roba Reinera oraz jego 68-letniej \u017cony, Michele.<\/p>\n<p class=\"ods-c-paragraph \">Policja w Los Angeles poinformowa\u0142a, \u017ce na cia\u0142ach obu ofiar stwierdzono obra\u017cenia mog\u0105ce wskazywa\u0107 na u\u017cycie no\u017ca, dlatego sprawa jest prowadzona jako prawdopodobne zab\u00f3jstwo. Dochodzenie przej\u0105\u0142 Wydzia\u0142 Zab\u00f3jstw LAPD (Robbery Homicide Division). Jak podkre\u015blaj\u0105 \u015bledczy, okoliczno\u015bci zdarzenia s\u0105 obecnie szczeg\u00f3\u0142owo analizowane, a informacje dotycz\u0105ce ewentualnych podejrzanych nie zosta\u0142y upublicznione.<\/p>\n<p>   <img decoding=\"async\" src=\"https:\/\/www.europesays.com\/pl\/wp-content\/uploads\/2025\/12\/Pg6k9lBaHR0cHM6Ly9vY2RuLmV1L3B1bHNjbXMvTURBXy8wYzE4M2ZlNmM1ZjMwZDBlYmE1MmI5MjM0ZGMwNDExOS5qcGeRlQLNB.jpeg\" height=\"529\" width=\"940\" alt=\"Rob i Michelle Reiner\" loading=\"lazy\" class=\"ods-c-image__img ods-c-image__img--viewport-width\"\/><\/p>\n<p>Rob i Michelle ReinerLev Radin \/ Shutterstock<\/p>\n<p class=\"ods-c-paragraph \">Dzi\u0119kujemy, \u017ce przeczyta\u0142a\u015b\/e\u015b nasz artyku\u0142 do ko\u0144ca. W serwisie Plejada.pl ka\u017cdego dnia piszemy o najwa\u017cniejszych wydarzeniach show-biznesowych. B\u0105d\u017a na bie\u017c\u0105co! <a rel=\"nofollow noopener\" href=\"https:\/\/profile.google.com\/cp\/Cg0vZy8xMWJ6X19wdHBx\" id=\"1fa93ac5-7214-4c7b-bee4-fdf3a7672457\" target=\"_blank\">Obserwuj<\/a> Plejad\u0119 w Wiadomo\u015bciach Google. Odwied\u017a nas tak\u017ce na <a rel=\"nofollow noopener\" href=\"https:\/\/www.facebook.com\/plejadapl\" id=\"984bf399-07dd-4578-8ee4-d9daf5885f7e\" target=\"_blank\">Facebooku<\/a>, <a rel=\"nofollow noopener\" href=\"https:\/\/www.instagram.com\/plejadapl\/\" id=\"15d4b202-92a8-49c3-812b-b13ae0615d2e\" target=\"_blank\">Instagramie<\/a>, <a rel=\"nofollow noopener\" href=\"https:\/\/www.youtube.com\/c\/plejada\" id=\"1d78c5ae-0724-4a4f-87e5-14a534ebe990\" target=\"_blank\">YouTube<\/a> oraz <a rel=\"nofollow noopener\" href=\"https:\/\/www.tiktok.com\/@plejada_pl\" id=\"74317507-8fbb-4a89-a0d5-3f6e5a637cc0\" target=\"_blank\">TikToku<\/a>.<\/p>\n<p class=\"ods-c-paragraph \">Chcesz podzieli\u0107 si\u0119 ciekawym newsem lub zaproponowa\u0107 temat? Skontaktuj si\u0119 z nami, pisz\u0105c e-maila na adres: <a rel=\"nofollow noopener\" href=\"https:\/\/plejada.pl\/newsy\/donald-trump-nie-zlozyl-kondolencji-po-smierci-roba-reinera-doprowadzal-ludzi-do\/mailto:plejada@redakcjaonet.pl\" id=\"3457274e-732a-4d42-abfd-501b5ec48436\" target=\"_blank\">plejada@redakcjaonet.pl<\/a>.<\/p>\n<p><script async src=\"\/\/www.instagram.com\/embed.js\"><\/script><script async src=\"\/\/www.tiktok.com\/embed.js\"><\/script><\/p>\n","protected":false},"excerpt":{"rendered":"O zdarzeniu policj\u0119 zawiadomi\u0142a jedna z c\u00f3rek pary, kt\u00f3ra znalaz\u0142a cia\u0142a rodzic\u00f3w. Jak relacjonowa\u0142a funkcjonariuszom, sprawc\u0105 mia\u0142 by\u0107&hellip;\n","protected":false},"author":2,"featured_media":153664,"comment_status":"","ping_status":"","sticky":false,"template":"","format":"standard","meta":{"footnotes":""},"categories":[5],"tags":[32,33,44,36,37,27,34,35,28,31,48,25,125,46,42,38,40,39,41,25865,30553,47,29,30,26],"class_list":{"0":"post-153663","1":"post","2":"type-post","3":"status-publish","4":"format-standard","5":"has-post-thumbnail","7":"category-naglowki","8":"tag-breaking-news","9":"tag-breakingnews","10":"tag-donald_trump","11":"tag-featured-news","12":"tag-featurednews","13":"tag-headlines","14":"tag-latest-news","15":"tag-latestnews","16":"tag-naglowki","17":"tag-najwazniejsze-artykuly","18":"tag-nat_styl","19":"tag-news","20":"tag-newsy","21":"tag-omp","22":"tag-pl","23":"tag-poland","24":"tag-polish","25":"tag-polska","26":"tag-polski","27":"tag-rebrand_ai_tst0","28":"tag-rob_reiner","29":"tag-screening_general","30":"tag-top-stories","31":"tag-topstories","32":"tag-wiadomosci"},"share_on_mastodon":{"url":"https:\/\/pubeurope.com\/@pl\/115728553674743411","error":""},"_links":{"self":[{"href":"https:\/\/www.europesays.com\/pl\/wp-json\/wp\/v2\/posts\/153663","targetHints":{"allow":["GET"]}}],"collection":[{"href":"https:\/\/www.europesays.com\/pl\/wp-json\/wp\/v2\/posts"}],"about":[{"href":"https:\/\/www.europesays.com\/pl\/wp-json\/wp\/v2\/types\/post"}],"author":[{"embeddable":true,"href":"https:\/\/www.europesays.com\/pl\/wp-json\/wp\/v2\/users\/2"}],"replies":[{"embeddable":true,"href":"https:\/\/www.europesays.com\/pl\/wp-json\/wp\/v2\/comments?post=153663"}],"version-history":[{"count":0,"href":"https:\/\/www.europesays.com\/pl\/wp-json\/wp\/v2\/posts\/153663\/revisions"}],"wp:featuredmedia":[{"embeddable":true,"href":"https:\/\/www.europesays.com\/pl\/wp-json\/wp\/v2\/media\/153664"}],"wp:attachment":[{"href":"https:\/\/www.europesays.com\/pl\/wp-json\/wp\/v2\/media?parent=153663"}],"wp:term":[{"taxonomy":"category","embeddable":true,"href":"https:\/\/www.europesays.com\/pl\/wp-json\/wp\/v2\/categories?post=153663"},{"taxonomy":"post_tag","embeddable":true,"href":"https:\/\/www.europesays.com\/pl\/wp-json\/wp\/v2\/tags?post=153663"}],"curies":[{"name":"wp","href":"https:\/\/api.w.org\/{rel}","templated":true}]}}