{"id":153679,"date":"2025-12-16T09:44:11","date_gmt":"2025-12-16T09:44:11","guid":{"rendered":"https:\/\/www.europesays.com\/pl\/153679\/"},"modified":"2025-12-16T09:44:11","modified_gmt":"2025-12-16T09:44:11","slug":"wojna-w-pis-kurski-nie-wytrzymal-i-zaatakowal-morawieckiego","status":"publish","type":"post","link":"https:\/\/www.europesays.com\/pl\/153679\/","title":{"rendered":"Wojna w PiS. Kurski nie wytrzyma\u0142 i zaatakowa\u0142 Morawieckiego"},"content":{"rendered":"\n<p>&#13;<br \/>\nW pi\u0105tek odby\u0142o si\u0119 spotkanie w\u0142adz PiS, <a href=\"https:\/\/dorzeczy.pl\/opinie\/819695\/pilne-spotkanie-wladz-pis-ujawniono-burzliwe-kulisy.html\" rel=\"nofollow noopener\" target=\"_blank\">kt\u00f3re mia\u0142o za\u017cegna\u0107 trwaj\u0105cy w\u00a0partii konflikt.<\/a> Skonfliktowana jest zw\u0142aszcza frakcja by\u0142ego premiera Mateusza Morawieckiego oraz\u00a0frakcja skupiona wok\u00f3\u0142 Tobiasza Boche\u0144skiego, Przemys\u0142awa Czarnka, Jacka Sasina i\u00a0Patryka Jakiego. Tak si\u0119 jednak nie\u00a0sta\u0142o, bo\u00a0na spotkaniu nie\u00a0by\u0142 obecny Mateusz Morawiecki, kt\u00f3ry by\u0142 na\u00a0Podkarpaciu. &#13;\n<\/p>\n<p>Konflikt w\u00a0PiS. Kurski ujawnia kulisy<\/p>\n<p>&#13;<br \/>\nKulisy tego, co\u00a0dzieje si\u0119 w\u00a0PiS, opisa\u0142 na\u00a0platformie X Jacek Kurski. W\u00a0obszernych wpisach oceni\u0142, \u017ce\u00a0\u201enasze \u015brodowisko przechodzi ci\u0119\u017ck\u0105 pr\u00f3b\u0119\u201d. &#13;\n<\/p>\n<p>&#13;<br \/>\ntwitter&#13;\n<\/p>\n<p>&#13;<br \/>\n\u201eJeste\u015bmy celem operacji zniszczenia i\u00a0zadania nam \u015bmierci cywilnej przez koalicj\u0119 13 grudnia. Tusk nie\u00a0ma\u00a0innego planu na\u00a0utrzymanie w\u0142adzy ni\u017c\u00a0z\u0142amanie regu\u0142: u\u017cycie pa\u0144stwa policyjnego do\u00a0rozbicia opozycji, odebranie subwencji, k\u0142amliwe zohydzanie nas jako ruskich onuc i\u00a0z\u0142odziei, zapowied\u017a cenzury w\u00a0internecie w\u00a0ramach procedowanej w\u0142a\u015bnie w\u00a0UE tzw. Tarczy Demokracji, kt\u00f3ra nadto dopuszcza jawn\u0105 ingerencj\u0119 KE i\u00a0TSUE w\u00a0same wybory, gdyby posz\u0142y nie\u00a0po\u00a0ich my\u015bli\u201d \u2013\u00a0napisa\u0142. &#13;\n<\/p>\n<p>&#13;<br \/>\nJacek Kurski stwierdzi\u0142, \u017ce\u00a0\u201ew\u00a0tej sytuacji potrzebna jest konsolidacja wok\u00f3\u0142 autorytetu, lojalno\u015b\u0107 i\u00a0solidarno\u015b\u0107 w\u00a0obronie Polski i\u00a0obozu patriotycznego\u201d. Zauwa\u017cy\u0142, \u017ce\u00a0\u201etymczasem w\u00a0przestrzeni publicznej wys\u0142ano ostatnio kilka sygna\u0142\u00f3w nakazuj\u0105cych zapyta\u0107 o\u00a0spraw\u0119 zasadnicz\u0105: czy\u00a0wszystkim w\u00a0naszym obozie politycznym zale\u017cy na\u00a0jego sp\u00f3jno\u015bci, przetrwaniu i\u00a0zwyci\u0119stwie?\u201d. &#13;\n<\/p>\n<p>By\u0142y prezes TVP atakuje Morawieckiego<\/p>\n<p>&#13;<br \/>\nBy\u0142y prezes TVP zauwa\u017cy\u0142, \u017ce\u00a0pytanie takie nasun\u0119\u0142o mu si\u0119 samo \u201epo tym, jak jeden z\u00a0naszych koleg\u00f3w \u2013\u00a0by\u0142y premier Mateusz Morawiecki udzieli\u0142 wywiadu w\u00a0siedzibie Agory SA, w\u00a0kt\u00f3rym og\u0142osi\u0142 si\u0119 przysz\u0142ym premierem, dopu\u015bci\u0142 sw\u00f3j udzia\u0142 w\u00a0\u00bbwielkiej koalicji\u00ab z\u00a0KO i\u00a0Tuskiem, zapowiedzia\u0142 zaniechanie rozliczenia winnych bezprawia, represji wobec opozycji i\u00a0\u0142amania konstytucji oraz\u00a0odci\u0105\u0142 si\u0119 od\u00a0niekt\u00f3rych naszych koleg\u00f3w b\u0119d\u0105cych obiektem nagonki koalicji 13 grudnia\u201d. &#13;\n<\/p>\n<p>&#13;<br \/>\nOceni\u0142, \u017ce\u00a0\u201eskrytykowany za\u00a0to\u00a0Mateusz Morawiecki zacz\u0105\u0142 powtarza\u0107 taktycznie frazes o\u00a0jedno\u015bci, tysi\u0105cu bitew i\u00a0stu Wietnamach\u201d. &#13;\n<\/p>\n<p>&#13;<br \/>\n\u201eW\u00a0tym samym czasie jedno\u015b\u0107 t\u0119\u00a0objawia demonstracyjn\u0105 odmow\u0105 stawiennictwa na\u00a0bardzo wa\u017cnym posiedzeniu w\u0142adz PiS, akcj\u0105 Morawiecki na\u00a0premiera w\u00a0socialach, (wspomagan\u0105 akwizycj\u0105 sonda\u017cy, z\u00a0kt\u00f3rych ma\u00a0wynika\u0107 \u017ce\u00a0o\u00a0niczym innym Polacy nie\u00a0marz\u0105), organizacj\u0105 konkurencyjnych imprez w\u00a0kraju, a\u00a0nawet zaproszeniem parlamentarzyst\u00f3w na\u00a0odr\u0119bne wobec spotkania op\u0142atkowego na\u00a0Nowogrodzkiej \u2013\u00a0swoje, w\u0142asne tego samego dnia na\u00a0mie\u015bcie. Mateusz Morawiecki ewidentnie realizuje jaki\u015b plan. Zachowuje si\u0119 przy tym tak, jakby si\u0119 czego\u015b strasznie ba\u0142. A\u00a0strach jest z\u0142ym doradc\u0105\u201d \u2013\u00a0doda\u0142. &#13;\n<\/p>\n<p>&#13;<br \/>\nZdaniem Jacka Kurskiego \u201edeklaracje by\u0142ego premiera dalece <a href=\"https:\/\/dorzeczy.pl\/opinie\/820520\/konflikt-w-pis-ujawniono-nowe-kulisy-spotkania-wladz-partii.html\" rel=\"nofollow noopener\" target=\"_blank\">wykraczaj\u0105 poza mandat naszego \u015brodowiska,<\/a> a\u00a0chwilami przekraczaj\u0105 granice politycznej \u015bmieszno\u015bci\u201d. &#13;\n<\/p>\n<p>&#13;<br \/>\n\u201e\u015amieszno\u015b\u0107 polega na\u00a0og\u0142aszaniu si\u0119 premierem wbrew zdrowemu rozs\u0105dkowi. Wbrew strategii partii, kt\u00f3ra zaatakowana unika triumfalizmu, walczy o\u00a0prze\u017cycie, WSPIERA REPRESJONOWANYCH KOLEG\u00d3W i\u00a0w\u00a0mozole buduje alternatyw\u0119 dla\u00a0Polak\u00f3w. Wbrew partii, kt\u00f3rej prezes w\u00a0kontek\u015bcie przysz\u0142ego premiera nie\u00a0tak dawno (na Pl. Zamkowym) wymienia\u0142 inne nazwisko i\u00a0je\u015bli nawet czyni\u0142 to\u00a0czysto kurtuazyjnie to\u00a0ka\u017cdemu szanuj\u0105cemu hierarchi\u0119 w\u00a0PS powinno to\u00a0nakazywa\u0107 nieco pow\u015bci\u0105gliwo\u015bci. Mateusz Morawiecki w\u00a0ko\u0144cu obwo\u0142uje si\u0119 premierem wbrew arytmetyce i\u00a0potencjalnym koalicjantom\u201d \u2013\u00a0napisa\u0142 by\u0142y prezes TVP. &#13;\n<\/p>\n<p>&#13;<br \/>\nW jego ocenie \u201ekoalicjanci ci politycznie utuczyli si\u0119 przecie\u017c na\u00a0niczym innym, jak na\u00a0kontrze do\u00a0niekt\u00f3rych posuni\u0119\u0107 Mateusza Morawieckiego jako premiera\u201d. \u201eBy\u0142y one zreszt\u0105 autorskim pomys\u0142em i\u00a0ryzykiem Mateusza Morawieckiego, na\u00a0kt\u00f3re nigdy nie\u00a0by\u0142o formalnej zgody rz\u0105du Zjednoczonej Prawicy a\u00a0przede wszystkim zgody partii Prawo i\u00a0Sprawiedliwo\u015b\u0107\u201d \u2013\u00a0czytamy. Doda\u0142, \u017ce\u00a0\u201enie istnieje bowiem \u017cadna uchwa\u0142a PiS ani \u017cadna uchwa\u0142a Rady Ministr\u00f3w z\u00a0czas\u00f3w w\u0142adzy naszego obozu, zezwalaj\u0105ca komukolwiek na\u00a0jakiekolwiek ust\u0119pstwa w\u00a0zakresie zaostrzania polityki klimatycznej czy\u00a0powi\u0105zania wyp\u0142at dla\u00a0Polski z\u00a0ideologicznymi warunkami arbitralnie ustalanymi przez wrogie Polsce gremia\u201d. &#13;\n<\/p>\n<p>PiS do\u0142uje w\u00a0sonda\u017cach<\/p>\n<p>&#13;<br \/>\nJacek Kurski stwierdzi\u0142, \u017ce\u00a0\u201eobecna zni\u017cka w\u00a0sonda\u017cach PiS wynika m.in. ze\u00a0z\u0142amania odwiecznego zwyci\u0119skiego paradygmatu prezesa Jaros\u0142awa Kaczy\u0144skiego, \u017ce\u00a0na prawo od\u00a0PiS nie\u00a0ma\u00a0realnej konkurencji politycznej\u201d. \u201eTymczasem na\u00a0prawo od\u00a0nas jest dzi\u015b ponad 20 proc. wyborc\u00f3w w\u00a0du\u017cej cz\u0119\u015bci wygonionych tam z\u00a0obozu Zjednoczonej Prawicy osobistymi decyzjami albo ust\u0119pstwami Mateusza Morawieckiego podj\u0119tymi bez mandatu Prawa i\u00a0Sprawiedliwo\u015bci\u201d \u2013\u00a0podkre\u015bli\u0142. Oceni\u0142 przy tym, \u017ce\u00a0\u201ejest naiwno\u015bci\u0105 wyobra\u017ca\u0107 sobie, by\u00a0wyborcy ci mieli teraz wzi\u0105\u0107 sobie na\u00a0sztandar premiera, od\u00a0kt\u00f3rego si\u0119 odwr\u00f3cili i\u00a0z\u00a0powodu kt\u00f3rego zmienili swoje polityczne preferencje\u201d. \u201eOciera si\u0119 to\u00a0o\u00a0\u017cart\u201d \u2013\u00a0doda\u0142. &#13;\n<\/p>\n<p>&#13;<br \/>\nZdaniem by\u0142ego prezesa TVP \u201ePrawo i\u00a0Sprawiedliwo\u015b\u0107 przez ostatnie lata w\u00a0spos\u00f3b do\u00a0b\u00f3lu lojalny sta\u0142o przy Mateuszu Morawieckim\u201d. \u201eMaj\u0105c do\u00a0wyboru trosk\u0119 o\u00a0siebie albo o\u00a0by\u0142ego premiera wybiera\u0142o lojalno\u015b\u0107 wobec niego, ponosz\u0105c z\u00a0tego tytu\u0142u wymierne straty polityczne\u201d \u2013\u00a0napisa\u0142. &#13;\n<\/p>\n<p>Nawrocki odci\u0105\u0142 si\u0119 od\u00a0polityki Morawieckiego<\/p>\n<p>&#13;<br \/>\nPodkre\u015bli\u0142 jednak, \u017ce\u00a0\u201ew\u00a0strategii tej uczyniono jednak jeden wyj\u0105tek: w\u00a0finale kampanii prezydenckiej kandydat popierany przez Prawo i\u00a0Sprawiedliwo\u015b\u0107 odci\u0105\u0142 si\u0119 od\u00a0niekt\u00f3rych osobistych decyzji Mateusza Morawieckiego\u201d. \u201ePozwoli\u0142o to\u00a0na odbudow\u0119 zaufania wyborc\u00f3w polskiej prawicy i\u00a0zwyci\u0119stwo obywatelskiego kandydata PiS, kt\u00f3re uchroni\u0142o Polsk\u0119 przed domkni\u0119ciem systemu\u201d \u2013\u00a0wskaza\u0142. &#13;\n<\/p>\n<p>&#13;<br \/>\nJacek Kurski zwr\u00f3ci\u0142 uwag\u0119, \u017ce\u00a0\u201ejest oczywiste zatem, \u017ce\u00a0przysz\u0142a koalicja prawicowa musi obs\u0142ugiwa\u0107 nadzieje ca\u0142ego elektoratu, kt\u00f3ry da\u0142 zwyci\u0119stwo Karolowi Nawrockiemu 1\u00a0czerwca\u201d. <a href=\"https:\/\/dorzeczy.pl\/kraj\/820529\/polacy-ocenili-w-sondazu-nawrockiego-i-sejm-roznice-widac-od-razu.html\" rel=\"nofollow noopener\" target=\"_blank\">\u201ePo 130 dniach prezydentury<\/a> Karola Nawrockiego i\u00a0pokazaniu, \u017ce\u00a0mo\u017cna jednak inaczej, twardziej, godniej i\u00a0skuteczniej \u2013\u00a0jest teraz oczywiste dla\u00a0my\u015bl\u0105cych realistycznie o\u00a0dobru Polski ludzi prawicy, \u017ce\u00a0przysz\u0142y premier musi si\u0119 tym r\u00f3\u017cni\u0107 od\u00a0Mateusza Morawieckiego, czym Karol Nawrocki r\u00f3\u017cni si\u0119 od\u00a0Andrzeja Dudy\u201d \u2013\u00a0doda\u0142. &#13;\n<\/p>\n<p>&#13;<br \/>\nBy\u0142y prezes TVP zauwa\u017cy\u0142, \u017ce\u00a0\u201enajwyra\u017aniej przekracza to\u00a0horyzonty albo interes garstki pos\u0142\u00f3w wok\u00f3\u0142 Mateusza Morawieckiego do\u00a0znudzenia lansuj\u0105cych go\u00a0na lidera prawicy jak pose\u0142 Ireneusz Zyska, kt\u00f3ry og\u0142osi\u0142 na\u00a0X: \u00bbPartia PiS i\u00a0nasi wyborcy potrzebuj\u0105 Morawieckiego jako lidera i\u00a0oficjalnie kandydata na\u00a0przysz\u0142ego premiera\u00ab. Ireneusz Zyska umie\u015bci\u0142 Mateusza Morawieckiego jako lidera prawicy (w domy\u015ble prezesa PiS) oraz\u00a0kandydata na\u00a0premiera w\u00a0portfolio swego lobbingu obok tysi\u0119cy niemieckich wiatrak\u00f3w, na\u00a0rzecz kt\u00f3rych z\u00a0zaciek\u0142o\u015bci\u0105 (i wbrew stanowisku PiS) lobbowa\u0142, \u017ceby si\u0119 tylko znalaz\u0142y pod\u00a0oknami polskich domostw\u201d \u2013\u00a0stwierdzi\u0142. &#13;\n<\/p>\n<p>&#13;<br \/>\nPodkre\u015bli\u0142, \u017ce\u00a0nie wie, \u201ejak w\u00a0s\u0105siedztwie tych wiatrak\u00f3w czuje si\u0119 Mateusz Morawiecki i\u00a0garstka pos\u0142\u00f3w, kt\u00f3rzy manifest lobbysty podali dalej, wiem za\u00a0to\u00a0na pewno, \u017ce\u00a0wszyscy oni powinni przyj\u0105\u0107, \u017ce\u00a0premiera b\u0119dziemy mieli, gdy wyra\u017anie wygramy wybory i\u00a0uzyskamy jako prawica wi\u0119kszo\u015b\u0107\u201d. \u201eA\u00a0premierem b\u0119dzie wtedy ten, kogo wska\u017c\u0105 statutowe w\u0142adze Prawa i\u00a0Sprawiedliwo\u015bci z\u00a0prezesem Jaros\u0142awem Kaczy\u0144skim na\u00a0czele a\u00a0nie jeden czy\u00a0drugi lobbysta\u201d \u2013\u00a0wskaza\u0142. &#13;\n<\/p>\n<p>&#13;<br \/>\nOceni\u0142, \u017ce\u00a0\u201esny o\u00a0powrocie na\u00a0fotel premiera Morawieckiego to\u00a0rzecz w\u00a0polityce dopuszczalna\u201d. \u201eMog\u0105 bawi\u0107, ale\u00a0nie bol\u0105. Boli co\u00a0innego, \u017ce\u00a0by\u0142y premier Zjednoczonej Prawicy gubi instynkt moralny, idzie do\u00a0wrog\u00f3w i\u00a0zwierza si\u0119 Agorze \u2013\u00a0przemys\u0142owej wytw\u00f3rni k\u0142amstw i\u00a0operacji specjalnych przeciw naszemu \u015brodowisku\u201d. \u201eTo\u00a0Agora przeprowadzi\u0142a np. piramidaln\u0105 mistyfikacj\u0119 Dwie wie\u017ce, skutkuj\u0105c\u0105 niedorzecznymi oskar\u017ceniami wobec prezesa Jaros\u0142awa Kaczy\u0144skiego czy\u00a0ci\u0105ganiem na\u00a0przes\u0142uchania niewinnych ludzi jak \u015bp. Barbara Skrzypek. Ukochana w\u00a0naszym \u015brodowisku pani Basia, kt\u00f3r\u0105 niedowidz\u0105c\u0105 pozbawiono prawa do\u00a0adwokata, zmar\u0142a nagle 2\u00a0doby po\u00a0wielogodzinnym przes\u0142uchaniu przez dysz\u0105cych zemst\u0105 prok. Wrzosek i\u00a0ludzi Giertycha. Nawet umorzeniu \u015bledztwa ws Jej \u015bmierci (wbrew oczywistemu zwi\u0105zkowi przyczynowo-skutkowego) nadano posmak szyderstwa symbolicznego. \u015aledztwo umorzono 4\u00a0grudnia, w\u00a0dzie\u0144 \u015bw. Barbary. Ofiar przemys\u0142u k\u0142amstw Agory jest zreszt\u0105 w\u00a0Polsce i\u00a0na prawicy du\u017co wi\u0119cej. Do\u00a0Agory na\u00a0Czersk\u0105 po\u00a0prostu si\u0119 nie\u00a0chodzi\u201d \u2013\u00a0czytamy. &#13;\n<\/p>\n<p>Morawiecki przeciwko Ziobrze<\/p>\n<p>&#13;<br \/>\nJacek Kurski zawua\u017cy\u0142, \u017ce\u00a0\u201eco wi\u0119cej nasz kolega, nie\u00a0do\u015b\u0107, \u017ce\u00a0poszed\u0142, to\u00a0jeszcze przy\u0142\u0105czy\u0142 si\u0119 tam do\u00a0kampanii przeciw Zbigniewowi Ziobrze i\u00a0to w\u00a0czasie gdy koalicja 13 grudnia urz\u0105dza na\u0144 polowanie, spektakl szczucia i\u00a0nienawi\u015bci, gdy zajmuje mu maj\u0105tek i\u00a0prywatne konto\u201d. \u201eAgora musia\u0142a mie\u0107 niez\u0142y ubaw, s\u0142ysz\u0105c, \u017ce\u00a0gdyby Ziobro w\u00a0tym przysz\u0142ym rz\u0105dzie Morawieckiego mia\u0142 jednak si\u0119 znale\u017a\u0107, to\u00a0Morawiecki rzuci papierami i\u00a0premiera nie\u00a0we\u017amie! Przy ca\u0142ym surrealizmie tej figury, mia\u0142em jak najbardziej realne odczucie jakby Solidarno\u015b\u0107 walcz\u0105ca zapisa\u0142a si\u0119 teraz do\u00a0demokracji walcz\u0105cej\u201d \u2013\u00a0doda\u0142. &#13;\n<\/p>\n<p>&#13;<br \/>\nWskaza\u0142, \u017ce\u00a0\u201ewszyscy w\u00a0PiS wiedz\u0105, \u017ce\u00a0u\u00a0Ziobry nie\u00a0znaleziono \u017cadnego dowodu osobistej nieuczciwo\u015bci czy\u00a0deliktu karnego, a\u00a0opowie\u015b\u0107 o\u00a0szefie zorganizowanej grupie przest\u0119pczej jest hucp\u0105 dla\u00a0przykrycia braku jakichkolwiek dowod\u00f3w\u201d. \u201eOstentacyjna nielojalno\u015b\u0107 by\u0142ego premiera wobec Ziobry zdumiewa tym bardziej, \u017ce\u00a0przecie\u017c sam Morawiecki jest jednym z\u00a0cel\u00f3w ataku koalicji 13 grudnia, na\u00a0kt\u00f3rym ci\u0105\u017cy perspektywa zarzut\u00f3w w\u00a0innych sprawach prowadzonych w\u00a0ramach ponurej groteski serialu rozlicze\u0144\u201d \u2013\u00a0napisa\u0142. &#13;\n<\/p>\n<p>Kurskiego zdumia\u0142y deklaracje by\u0142ego premiera<\/p>\n<p>&#13;<br \/>\nJacka Kurskiego \u2013\u00a0jak zaznaczy\u0142 \u2013\u00a0najbardziej zdumia\u0142y jednak dwie kolejne deklaracje Mateusza Morawieckiego. Pierwsza \u2013\u00a0\u201ejak najbardziej, w\u00a0pewnych szczeg\u00f3lnych okoliczno\u015bciach <a href=\"https:\/\/dorzeczy.pl\/opinie\/819914\/morawiecki-rozmawia-z-koalicjantami-tuska-zaskakujace-informacje.html\" rel=\"nofollow noopener\" target=\"_blank\">wyobra\u017ca sobie samego siebie w\u00a0wielkiej koalicji w\u0142adzy z\u00a0KO i\u00a0Tuskiem\u201d<\/a> i\u00a0druga \u2013\u00a0\u201ech\u0119tnie machn\u0105\u0142by r\u0119k\u0105 na\u00a0rozliczenie koalicji 13 grudnia z\u00a0bezprawia i\u00a0przest\u0119pstw, kt\u00f3rych ta\u00a0teraz dokonuje\u201d. \u201eW\u00a0czyim imieniu i\u00a0po co\u00a0Morawiecki je\u00a0sk\u0142ada? O\u00a0co tutaj chodzi?\u201d \u2013\u00a0doda\u0142. &#13;\n<\/p>\n<p>&#13;<br \/>\nBy\u0142y prezes TVP twierdzi, \u017ce\u00a0\u201eodpowied\u017a mo\u017ce le\u017ce\u0107 po\u00a0drugiej stronie\u201d. \u201eTusk ju\u017c wie, \u017ce\u00a0nie b\u0119dzie w\u00a0stanie zniszczy\u0107 Prawa i\u00a0Sprawiedliwo\u015bci. Za\u00a0bardzo osadzone jest ono w\u00a0realiach spo\u0142ecznych. Tuskowi wystarczy jednak tyle, \u017ceby PiS nie\u00a0wr\u00f3ci\u0142o do\u00a0w\u0142adzy. Wystarczy z\u0142amanie albo os\u0142abienie samej skutecznej machiny politycznej i\u00a0wyborczej PiS oraz\u00a0utrata przeze\u0144 zdolno\u015bci mobilizacyjnej Polak\u00f3w\u201d \u2013\u00a0czytamy. &#13;\n<\/p>\n<p>&#13;<br \/>\n\u201eW\u00a0planie rozbicia PiS bezcenni mog\u0105 okaza\u0107 si\u0119 rozpoznawalni spo\u0142ecznie kolaboranci, kt\u00f3rzy udaj\u0105c walk\u0119 z\u00a0Tuskiem, ale\u00a0\u00bbinnymi metodami\u00ab odetn\u0105 si\u0119 od\u00a0z\u0142ego, starego, wr\u0119cz stetrycza\u0142ego PiSu z\u0142odziei i\u00a0ruskich onuc, \u00bbzorganizowanej grupy przest\u0119pczej\u00ab Kaczy\u0144skiego, Ziobry, B\u0142aszczaka, Czarnka, Sasina i\u00a0innych\u201d \u2013\u00a0oceni\u0142 Jacek Kurski. &#13;\n<\/p>\n<p>&#13;<br \/>\nPodkre\u015bli\u0142, \u017ce\u00a0\u201edo\u015bwiadczenie \u017cyciowe uczy, \u017ce\u00a0z\u00a0czasem, ludzie tacy mog\u0105 przyj\u0105\u0107 ofert\u0119 kooptacji do\u00a0w\u0142adzy wraz grup\u0105 arywist\u00f3w i\u00a0oportunist\u00f3w dla\u00a0\u00bbocalenia substancji\u00ab pod\u00a0szyldem w\u00a0rodzaju \u00bbrozs\u0105dnego, proeuropejskiego PiS-light\u00ab\u201d. \u201eWiem, \u017ce\u00a0w\u00a0obozie koalicji 13 grudnia na\u00a0powa\u017cnie rozwa\u017ca si\u0119 t\u0119\u00a0historycznie sprawdzon\u0105 koncepcj\u0119 kooptacji, daj\u0105c\u0105 nadziej\u0119 na\u00a0utrzymanie w\u0142adzy i\u00a0wzajemny immunitet\u201d \u2013\u00a0doda\u0142. &#13;\n<\/p>\n<p>Ataki na\u00a0Jaros\u0142awa Kaczy\u0144skiego<\/p>\n<p>&#13;<br \/>\nJacek Kurski zaznaczy\u0142, \u017ce\u00a0\u201eo\u00a0tym, \u017ce\u00a0obawy takie nie\u00a0s\u0105 bezpodstawne, przekonywa\u0142a seria niedorzecznych ruch\u00f3w i\u00a0wyst\u0105pie\u0144 po\u00a0zwyci\u0119stwie wyborczym i\u00a0zaprzysi\u0119\u017ceniu Karola Nawrockiego, domagaj\u0105cych si\u0119 koniecznej wymiany przyw\u00f3dztwa obozu Zjednoczonej Prawicy\u201d. &#13;\n<\/p>\n<p>&#13;<br \/>\n\u201eZainicjowa\u0142 j\u0105 ust\u0119puj\u0105cy prezydent, kt\u00f3ry uzna\u0142, \u017ce\u00a0nadszed\u0142 oto idealny czas, by\u00a0tw\u00f3rca PiS, najwa\u017cniejszego dzie\u0142a obozu polskiego po\u00a089 roku, autor niemal wszystkich zwyci\u0119stw prawicy (w tym dwa razy samego Andrzeja Dudy) \u2013\u00a0mia\u0142 teraz odej\u015b\u0107 z\u00a0polityki\u201d. \u201eOdej\u015b\u0107 w\u00a0chwili kolejnego spektakularnego triumfu. Powtarzali to\u00a0inni m.in. Marcin Mastalerek\u201d \u2013\u00a0przypomnia\u0142. &#13;\n<\/p>\n<p>&#13;<br \/>\nW opinii Jacka Kurskiego \u201eby\u0142o to\u00a0tak absurdalne, \u017ce\u00a0musia\u0142y si\u0119 tu kry\u0107 czyje\u015b zawiedzione plany i\u00a0nadzieje\u201d. &#13;\n<\/p>\n<p>&#13;<br \/>\n\u201eAtaki na\u00a0Jaros\u0142awa Kaczy\u0144skiego by\u0142y echem alternatywnego projektu politycznego, kt\u00f3ry mia\u0142 na\u00a0nowo zorganizowa\u0107 polsk\u0105 prawic\u0119 na\u00a0wypadek spodziewanej w\u00a0kr\u0119gu interesariuszy tego planu przegranej Karola Nawrockiego. Jego celem mia\u0142a by\u0107 nowa, obrotowa partia w\u0142adzy z\u0142o\u017cona z\u00a0otoczenia b. Prezydenta, wp\u0142ywowej grupy z\u00a0okolic Konfederacji oraz\u00a0\u015brodowiska Zjednoczonej Prawicy, kt\u00f3rego lider Morawiecki sam widzia\u0142 si\u0119 jako kandydat na\u00a0prezydenta. Plan nie\u00a0wypali\u0142, bo\u00a0Jaros\u0142aw Kaczy\u0144ski po\u00a0raz kolejny wygra\u0142. Wydawa\u0142o si\u0119, \u017ce\u00a0wszyscy wr\u00f3cili tedy do\u00a0codziennej rutyny polityki i\u00a0dotychczasowych hierarchii\u201d \u2013\u00a0napisa\u0142 by\u0142y prezes TVP. &#13;\n<\/p>\n<p>&#13;<br \/>\nJacek Kurski oceni\u0142, \u017ce\u00a0\u201echcia\u0142oby si\u0119 wierzy\u0107, \u017ce\u00a0niefortunne, przywo\u0142ane tu deklaracje Morawieckiego z\u00a0Agory oraz\u00a0ataki Dudy na\u00a0Kaczy\u0144skiego by\u0142y tylko refleksem i\u00a0czkawk\u0105 po\u00a0niedosz\u0142ych do\u00a0skutku planach nowej partii i\u00a0uzna\u0107 spraw\u0119 za\u00a0zamkni\u0119t\u0105\u201d. &#13;\n<\/p>\n<p>Konflikt w\u00a0NBP<\/p>\n<p>&#13;<br \/>\n\u201eTrudno o\u00a0tak\u0105 wiar\u0119, maj\u0105c w\u00a0\u015bwie\u017cej pami\u0119ci pr\u00f3b\u0119 przewrotu w\u00a0Narodowym Banku Polskim, podj\u0119t\u0105 przez ludzi protegowanych i\u00a0rekomendowanych tam przez Morawieckiego i\u00a0Dudy. NBP jest konstytucyjnym bastionem suwerenno\u015bci Polski i\u00a0polskiego pieni\u0105dza. Utrzymanie jego niezale\u017cno\u015bci wyznacza horyzont bezpiecze\u0144stwa, szans rozwoju i\u00a0godno\u015bci Narodu, le\u017cy w\u00a0interesie zar\u00f3wno pa\u0144stwa jak i\u00a0ka\u017cdego Polaka. By\u0142y prezydent i\u00a0by\u0142y premier nie\u00a0mog\u0105 nie\u00a0zdawa\u0107 sobie sprawy z\u00a0sensu (nakre\u015blonej przez Klausa Bachmana) operacji w\u00a0jakiej uczestnicz\u0105 ich protegowani. Zabrak\u0142o mi g\u0142osu Morawieckiego i\u00a0Dudy wzywaj\u0105cego swych ludzi do\u00a0odst\u0105pienia od\u00a0obalania prezesa Glapi\u0144skiego, czego skutkiem by\u0142by zab\u00f3r setek miliard\u00f3w rezerw, przejedzenie ich na\u00a0potrzeby wyborcze Tuska i\u00a0koalicji 13 grudnia, a\u00a0z\u00a0czasem narzucenie Polsce euro i\u00a0wyprowadzenie polskiego z\u0142ota\u201d \u2013\u00a0napisa\u0142. &#13;\n<\/p>\n<p>&#13;<br \/>\nBy\u0142y prezes TVP zauwa\u017cy\u0142, \u017ce\u00a0\u201eza du\u017co jest w\u00a0ostatnim czasie podobnych sygna\u0142\u00f3w \u015bwiadcz\u0105cych o\u00a0tym, \u017ce\u00a0toczy si\u0119 gra wok\u00f3\u0142 Prawa i\u00a0Sprawiedliwo\u015bci obliczona na\u00a0jego z\u0142amanie albo rozbicie, wspierana przez sekundant\u00f3w z\u00a0koalicji 13 grudnia z\u00a0Borysem Budk\u0105 na\u00a0czele oraz\u00a0przez media w\u0142adzy\u201d. &#13;\n<\/p>\n<p>&#13;<br \/>\n\u201eW\u00a0tej inspirowanej przez re\u017cim grze u\u017cywane b\u0119d\u0105 wszelkie mo\u017cliwe haki i\u00a0szanta\u017ce. Sam fakt, \u017ce\u00a0Mateusz Morawiecki m\u00f3g\u0142 pokaza\u0107 w\u00a0polityce swoje, pod\u00a0wieloma wzgl\u0119dami, du\u017ce mo\u017cliwo\u015bci zawdzi\u0119cza prezesowi Jaros\u0142awowi Kaczy\u0144skiemu. Bez jego osobistej decyzji nie\u00a0zosta\u0142by ani wicepremierem ani premierem. Dlatego irracjonalne, nielojalne wobec Kaczy\u0144skiego zachowania Mateusza Morawieckiego, przybierane przeze\u0144 ostatnio miny i\u00a0pozy, wydawane sprzeczne komunikaty \u015bwiadcz\u0105 o\u00a0tym, \u017ce\u00a0cz\u0142owiek ten musia\u0142 znale\u017a\u0107 si\u0119 pod\u00a0wielkim naciskiem i\u00a0dzia\u0142a w\u00a0warunkach osobistego strachu. Strach jest bardzo z\u0142ym doradc\u0105\u201d \u2013\u00a0doda\u0142. &#13;\n<\/p>\n<p>Morawiecki czym\u015b szanta\u017cowany?<\/p>\n<p>&#13;<br \/>\nZdaniem Jacka Kurskiego \u201edlatego by\u0142y premier powinien by\u0107 otoczony przez nasz\u0105 parti\u0119 ochron\u0105\u201d. \u201eJe\u015bli jest on czym\u015b szanta\u017cowany, je\u015bli kuszony jest kooptacj\u0105 do\u00a0w\u0142adzy i\u00a0osobistymi gwarancjami w\u00a0zamian za\u00a0rozbicie albo os\u0142abienie prawicy (jak sekunduj\u0105 mu media i\u00a0politycy koalicji 13 grudnia) to\u00a0jego obowi\u0105zkiem jest stani\u0119cie w\u00a0prawdzie i\u00a0powiedzenie tego albo publicznie albo swojemu politycznemu zwierzchnikowi\u201d. &#13;\n<\/p>\n<p>&#13;<br \/>\n\u201eTylko prawda i\u00a0jasno\u015b\u0107 sytuacji daje wolno\u015b\u0107 i\u00a0mo\u017cliwo\u015b\u0107 zarz\u0105dzenia problemem po\u00a0naszej stronie i\u00a0dla dobra obozu patriotycznego\u201d \u2013\u00a0stwierdzi\u0142. &#13;\n<\/p>\n<p>&#13;<br \/>\nPodkre\u015bli\u0142 przy tym, \u017ce\u00a0\u201enadchodzi jeszcze ci\u0119\u017cszy czas dla\u00a0prawicy, czas walki o\u00a0wszystko\u201d. &#13;\n<\/p>\n<p>&#13;<br \/>\n\u201ePr\u00f3by zniszczenia Prawa i\u00a0Sprawiedliwo\u015bci jako jedynej realnej opozycji wobec koalicji 13 grudnia b\u0119d\u0105 si\u0119 nasila\u0107. Odpowiedzi\u0105 na\u00a0integracj\u0119 lewicy nie\u00a0mo\u017ce by\u0107 dezintegracja prawicy. To\u00a0droga do\u00a0kl\u0119ski. Podobnie jak infantylne i\u00a0demobilizuj\u0105ce dzielenie sk\u00f3ry na\u00a0nied\u017awiedziu czy\u00a0przebierania nogami do\u00a0zaszczyt\u00f3w zamiast konieczniej powagi i\u00a0solidarno\u015bci. Ka\u017cdy powinien umie\u0107 zrezygnowa\u0107 z\u00a0w\u0142asnych ambicji w\u00a0imi\u0119 dobra naszego obozu. Przetrwamy t\u0119\u00a0pr\u00f3b\u0119 i\u00a0wygramy t\u0119\u00a0walk\u0119 jedynie podporz\u0105dkowuj\u0105c si\u0119 interesowi obozu patriotycznego. Nikt nikogo z\u00a0obozu zjednoczonej prawicy nie\u00a0wypycha. Jest dok\u0142adnie odwrotnie. Wszyscy s\u0105 potrzebni\u201d \u2013\u00a0czytamy we\u00a0wpisie. &#13;\n<\/p>\n<p>&#13;<br \/>\nJacek Kurski zaznaczy\u0142, \u017ce\u00a0\u201ew\u00a0szeregach PiS jest wielu polityk\u00f3w m\u0142odego pokolenia, gotowych stawi\u0107 czo\u0142a wyzwaniu chwili\u201d. \u201eDobrym znakiem trwaj\u0105cej kadencji jest to, \u017ce\u00a0Jaros\u0142aw Kaczy\u0144ski i\u00a0partia umiej\u0105 z\u00a0sukcesem wysuwa\u0107 ich na\u00a0czo\u0142o i\u00a0coraz lepiej wykorzystywa\u0107 potencja\u0142 nowej generacji\u201d. &#13;\n<\/p>\n<p>&#13;<br \/>\n\u201eTo w\u015br\u00f3d nich zapewne znajduje si\u0119 przysz\u0142y premier obozu patriotycznego. To\u00a0nasz wielki zas\u00f3b i\u00a0nadzieja przed czekaj\u0105cym bojem o\u00a0Polsk\u0119. B\u00f3j ten najpierw musimy wygra\u0107. Wygramy, je\u015bli b\u0119dziemy umieli szanowa\u0107 regu\u0142y hierarchii i\u00a0do\u015bwiadczenia, skupi\u0107 wok\u00f3\u0142 przyw\u00f3dztwa, kt\u00f3re zapewni\u0142o wszystkie wyborcze sukcesy ostatnich 20 lat i\u00a0bez kt\u00f3rego ob\u00f3z ten nieuchronnie by\u00a0si\u0119 ju\u017c rozpad\u0142. To\u00a0oczywiste tak samo jak to, \u017ce\u00a0Prawo i\u00a0Sprawiedliwo\u015b\u0107 nie\u00a0mo\u017ce ju\u017c d\u0142u\u017cej t\u0142umaczy\u0107 si\u0119 z\u00a0nieswoich win\u201d \u2013\u00a0zako\u0144czy\u0142 sw\u00f3j wpis. &#13;\n<\/p>\n<p>&#13;<br \/>\nCzytaj te\u017c:<br \/><a href=\"https:\/\/dorzeczy.pl\/opinie\/819914\/morawiecki-rozmawia-z-koalicjantami-tuska-zaskakujace-informacje.html\" rel=\"follow nofollow noopener\" data-schema=\"DORZECZY\" data-image=\"https:\/\/img.dorzeczy.pl\/_thumb\/d9\/11\/1e33fed1e15b7fdf3d85b8978951.jpeg\" target=\"_blank\">Zaskakuj\u0105ce informacje. Morawiecki potajemnie rozmawia z\u00a0koalicjantami Tuska?<\/a>Czytaj te\u017c:<br \/><a href=\"https:\/\/dorzeczy.pl\/opinie\/819695\/pilne-spotkanie-wladz-pis-ujawniono-burzliwe-kulisy.html\" rel=\"follow nofollow noopener\" data-schema=\"DORZECZY\" data-image=\"https:\/\/img.dorzeczy.pl\/_thumb\/8e\/b8\/d48b8568f4fb0843e244b2238f67.jpeg\" target=\"_blank\">Burza podczas pilnego spotkania w\u0142adz PiS. Ujawniono kulisy<\/a> &#13;<\/p>\n","protected":false},"excerpt":{"rendered":"&#13; W pi\u0105tek odby\u0142o si\u0119 spotkanie w\u0142adz PiS, kt\u00f3re mia\u0142o za\u017cegna\u0107 trwaj\u0105cy w\u00a0partii konflikt. Skonfliktowana jest zw\u0142aszcza frakcja&hellip;\n","protected":false},"author":2,"featured_media":153680,"comment_status":"","ping_status":"","sticky":false,"template":"","format":"standard","meta":{"footnotes":""},"categories":[12],"tags":[2251,32,33,98,36,37,27,16829,8526,49,34,35,7120,28,31,14088,25,102,529,42,38,40,39,41,29,30,26],"class_list":{"0":"post-153679","1":"post","2":"type-post","3":"status-publish","4":"format-standard","5":"has-post-thumbnail","7":"category-polska","8":"tag-andrzej-duda","9":"tag-breaking-news","10":"tag-breakingnews","11":"tag-dorzeczy","12":"tag-featured-news","13":"tag-featurednews","14":"tag-headlines","15":"tag-jacek-kurski","16":"tag-jaroslaw-kaczynski","17":"tag-kraj","18":"tag-latest-news","19":"tag-latestnews","20":"tag-mateusz-morawiecki","21":"tag-naglowki","22":"tag-najwazniejsze-artykuly","23":"tag-nbp","24":"tag-news","25":"tag-opinie","26":"tag-pis","27":"tag-pl","28":"tag-poland","29":"tag-polish","30":"tag-polska","31":"tag-polski","32":"tag-top-stories","33":"tag-topstories","34":"tag-wiadomosci"},"share_on_mastodon":{"url":"https:\/\/pubeurope.com\/@pl\/115728604396144641","error":""},"_links":{"self":[{"href":"https:\/\/www.europesays.com\/pl\/wp-json\/wp\/v2\/posts\/153679","targetHints":{"allow":["GET"]}}],"collection":[{"href":"https:\/\/www.europesays.com\/pl\/wp-json\/wp\/v2\/posts"}],"about":[{"href":"https:\/\/www.europesays.com\/pl\/wp-json\/wp\/v2\/types\/post"}],"author":[{"embeddable":true,"href":"https:\/\/www.europesays.com\/pl\/wp-json\/wp\/v2\/users\/2"}],"replies":[{"embeddable":true,"href":"https:\/\/www.europesays.com\/pl\/wp-json\/wp\/v2\/comments?post=153679"}],"version-history":[{"count":0,"href":"https:\/\/www.europesays.com\/pl\/wp-json\/wp\/v2\/posts\/153679\/revisions"}],"wp:featuredmedia":[{"embeddable":true,"href":"https:\/\/www.europesays.com\/pl\/wp-json\/wp\/v2\/media\/153680"}],"wp:attachment":[{"href":"https:\/\/www.europesays.com\/pl\/wp-json\/wp\/v2\/media?parent=153679"}],"wp:term":[{"taxonomy":"category","embeddable":true,"href":"https:\/\/www.europesays.com\/pl\/wp-json\/wp\/v2\/categories?post=153679"},{"taxonomy":"post_tag","embeddable":true,"href":"https:\/\/www.europesays.com\/pl\/wp-json\/wp\/v2\/tags?post=153679"}],"curies":[{"name":"wp","href":"https:\/\/api.w.org\/{rel}","templated":true}]}}