{"id":153681,"date":"2025-12-16T09:46:12","date_gmt":"2025-12-16T09:46:12","guid":{"rendered":"https:\/\/www.europesays.com\/pl\/153681\/"},"modified":"2025-12-16T09:46:12","modified_gmt":"2025-12-16T09:46:12","slug":"henning-berg-jasno-mowi-o-tym-co-teraz-dzieje-sie-w-legii-ma-jedna-rade","status":"publish","type":"post","link":"https:\/\/www.europesays.com\/pl\/153681\/","title":{"rendered":"Henning Berg jasno m\u00f3wi o tym, co teraz dzieje si\u0119 w Legii. Ma jedn\u0105 rad\u0119"},"content":{"rendered":"<p>Maciej Kaliszuk: Zn\u00f3w zagra pan przeciwko polskiemu klubowi. W 2020 r. wygrali\u015bcie w Warszawie w eliminacjach Ligi Mistrz\u00f3w z Legi\u0105, teraz zmierzycie si\u0119 z Rakowem w Lidze Konferencji. Wie pan, \u017ce dla Marka Papszuna b\u0119dzie to prawdopodobnie ostatni mecz w roli szkoleniowca Rakowa?<\/p>\n<p class=\"Paragraph_desktopParagraph__Fd2e9\">Tak, powiedzia\u0142 publicznie, \u017ce chce odej\u015b\u0107 do Legii. Klub nie chcia\u0142 go pu\u015bci\u0107, ale zim\u0105 chyba odejdzie.<\/p>\n<p class=\"Paragraph_desktopParagraph__Fd2e9\">S\u0142ysza\u0142em, \u017ce chce odej\u015b\u0107. Jestem bardzo zaskoczony, \u017ce Legia zn\u00f3w ma te problemy. Kilka lat temu byli w tej samej sytuacji. My\u015bla\u0142em, \u017ce po tym czego\u015b si\u0119 nauczyli, ale jak wida\u0107 nie. To z\u0142e dla Legii, ale Papszun to dobry trener.<\/p>\n<p>Heninng Berg o Inakim Astizie: nie mia\u0142 do\u015bwiadczenia<\/p>\n<p class=\"Paragraph_desktopParagraph__Fd2e9\">Tymczasem zesp\u00f3\u0142 prowadzi Inaki Astiz i idzie mu fatalnie. Pan pracowa\u0142 z nim w Legii, by\u0142 pana pi\u0142karzem.<\/p>\n<p class=\"Paragraph_desktopParagraph__Fd2e9\">To dobry cz\u0142owiek.<\/p>\n<p class=\"Paragraph_desktopParagraph__Fd2e9\">I to mo\u017ce jest w jakim\u015b stopniu jego problemem? Mo\u017ce jest zbyt mi\u0142y? Trener musi by\u0107 te\u017c troch\u0119 z\u0142ym policjantem.<\/p>\n<p class=\"Paragraph_desktopParagraph__Fd2e9\">By by\u0107 trenerem w Legii, musisz mie\u0107 zdolno\u015bci przyw\u00f3dcze. Inaki to \u015bwietny cz\u0142owiek, inteligentny, ale nie mia\u0142 do\u015bwiadczenia jako trener, a nie jest \u0142atwo zaczyna\u0107 w tej pracy akurat w Legii. Ona potrzebuje szkoleniowca z do\u015bwiadczeniem, kt\u00f3ry w r\u00f3\u017cnych miejscach pokaza\u0142, \u017ce potrafi rozwin\u0105\u0107 zesp\u00f3\u0142. Inaki musi zdobywa\u0107 do\u015bwiadczenie jako asystent albo jako pierwszy trener, ale gdzie indziej. Jestem pewien, \u017ce ma kwalifikacje, by by\u0107 bardzo dobrym szkoleniowcem w przysz\u0142o\u015bci, je\u015bli b\u0119dzie tego chcia\u0142.<\/p>\n<p><img decoding=\"async\" src=\"https:\/\/www.europesays.com\/pl\/wp-content\/uploads\/2025\/12\/henning-berg-jako-trener-legii-z-jej-owczesnym-pilkarzem-inakim-astizem-przed-meczem-z-celtikiem-w-e.jpeg\" alt=\"Henning Berg jako trener Legii z jej \u00f3wczesnym pi\u0142karzem Inakim Astizem przed meczem z Celtikiem w el. LM w 2014 r.\" width=\"944\" height=\"629\" loading=\"lazy\" class=\"\" \/>Henning Berg jako trener Legii z jej \u00f3wczesnym pi\u0142karzem Inakim Astizem przed meczem z Celtikiem w el. LM w 2014 r. (Foto: Piotr Kucza \/ newspix.pl)<\/p>\n<p class=\"Paragraph_desktopParagraph__Fd2e9\">Ale praca asystenta r\u00f3\u017cni si\u0119 od pierwszego trenera i jest od niej \u0142atwiejsza. Pierwszy trener musi mie\u0107 charyzm\u0119 i nie zawsze powinien by\u0107 mi\u0142ym cz\u0142owiekiem.<\/p>\n<p class=\"Paragraph_desktopParagraph__Fd2e9\">To przesada. Mo\u017cesz by\u0107 jednocze\u015bnie dobrym i silnym cz\u0142owiekiem. Nie zawsze musisz by\u0107 tym z\u0142ym, ale musisz mie\u0107 do\u015bwiadczenie, jak jeste\u015b trenerem takiego klubu jak Legia, ze znanymi pi\u0142karzami, z silnymi osobowo\u015bciami, gdzie jest du\u017ca presja ze strony medi\u00f3w, kibic\u00f3w, zarz\u0105du i w\u0142a\u015bciwie zewsz\u0105d. Gdy go nie masz, to mo\u017cesz sobie poradzi\u0107, ale jest to trudniejsze.<\/p>\n<p class=\"Paragraph_desktopParagraph__Fd2e9\">Problem Legii jest g\u0142\u0119bszy ni\u017c sam Inaki Astiz. Powt\u00f3rzy\u0142 si\u0119 scenariusz sprzed czterech lat. Zn\u00f3w gra\u0142a s\u0142abo, wi\u0119c rozsta\u0142a si\u0119 z trenerem, po jego zwolnieniu nie mog\u0142a znale\u017a\u0107 szkoleniowca, wi\u0119c gra\u0142a jeszcze gorzej z tymczasowym szkoleniowcem i wyl\u0105dowa\u0142a w strefie spadkowej.<\/p>\n<p class=\"Paragraph_desktopParagraph__Fd2e9\">Pami\u0119tam, \u017ce wtedy wzi\u0119li Vuko. Mo\u017ce teraz m\u00f3g\u0142by zn\u00f3w wr\u00f3ci\u0107?<\/p>\n<p class=\"Paragraph_desktopParagraph__Fd2e9\">Chyba w Legii nie mieli tym razem takiego planu.<\/p>\n<p class=\"Paragraph_desktopParagraph__Fd2e9\">Nie wiem, ale to bardzo dziwne. Latem wzi\u0119li nowego trenera [Edwarda Iordanescu], gdy nie byli zadowoleni z Feio, i zn\u00f3w mieli k\u0142opoty.<\/p>\n<p class=\"Paragraph_desktopParagraph__Fd2e9\">Fani s\u0105 w\u015bciekli, a za obecn\u0105 sytuacj\u0119 obwiniaj\u0105 prezesa i w\u0142a\u015bciciela klubu Dariusza Mioduskiego.<\/p>\n<p class=\"Paragraph_desktopParagraph__Fd2e9\">Nie wiem, kogo obwinia\u0107, na pewno to trudna sytuacja dla klubu. Legia, maj\u0105c ju\u017c takie do\u015bwiadczenie, nie powinna ponownie doprowadzi\u0107 do tej samej sytuacji. Mioduski jest prezesem, ale sam nie robi wszystkiego w klubie. Je\u015bli jednak nie masz w\u0142a\u015bciwych ludzi wok\u00f3\u0142 siebie, to niemo\u017cliwe, by odnosi\u0107 sukcesy. Mo\u017ce Papszun jest jednak w\u0142a\u015bciwym cz\u0142owiekiem.<\/p>\n<p class=\"Paragraph_desktopParagraph__Fd2e9\">Papszun w Rakowie mia\u0142 du\u017c\u0105 w\u0142adz\u0119, a Legia jest innym klubem. Od pana pracy w Warszawie min\u0119\u0142o co prawda 10 lat, ale pewne rzeczy si\u0119 nie do ko\u0144ca nie zmieni\u0142y, to w polskiej skali du\u017cy klub, w kt\u00f3rym r\u00f3\u017cne osoby maj\u0105 r\u00f3\u017cne interesy. W Legii trudniej b\u0119dzie mu by\u0107 takim szefem jak w Rakowie.<\/p>\n<p class=\"Paragraph_desktopParagraph__Fd2e9\">Nie s\u0105dz\u0119. Gdy jeste\u015b trenerem, ty decydujesz, jak trenujesz, kto gra, wybierasz taktyk\u0119, dyskutujesz o skautingu i transferach.<\/p>\n<p class=\"Paragraph_desktopParagraph__Fd2e9\">W Rakowie mia\u0142 du\u017cy wp\u0142yw na transfery, w Legii jest Micha\u0142 \u017bew\u0142akow czy Fredi Bobi\u0107.<\/p>\n<p class=\"Paragraph_desktopParagraph__Fd2e9\">Gdy sprowadzasz pi\u0142karzy, kt\u00f3rych trener nie chce, marnujesz pieni\u0105dze, ale szkoleniowiec musi rozumie\u0107 bud\u017cet i limity finansowe.<\/p>\n<p><img decoding=\"async\" src=\"https:\/\/www.europesays.com\/pl\/wp-content\/uploads\/2025\/12\/henning-berg-jako-trener-omonii-nikozja-cieszacy-sie-ze-zwyciestwa-nad-legia-w-eliminacjach-ligi-mis.jpeg\" alt=\"Henning Berg jako trener Omonii Nikozja ciesz\u0105cy si\u0119 ze zwyci\u0119stwa nad Legi\u0105 w eliminacjach Ligi Mistrz\u00f3w w 2020 r.\" width=\"944\" height=\"629\" loading=\"lazy\" class=\"\" \/>Henning Berg jako trener Omonii Nikozja ciesz\u0105cy si\u0119 ze zwyci\u0119stwa nad Legi\u0105 w eliminacjach Ligi Mistrz\u00f3w w 2020 r. (Foto: Piotr Kucza \/ newspix.pl)<\/p>\n<p class=\"Paragraph_desktopParagraph__Fd2e9\">I to by\u0142 problem z poprzednim trenerem Edwardem Iordanescu, kt\u00f3ry publicznie narzeka\u0142, \u017ce transfery by\u0142y robione za p\u00f3\u017ano, \u017ce przychodz\u0105c do klubu, oczekiwa\u0142 czego\u015b innego.<\/p>\n<p class=\"Paragraph_desktopParagraph__Fd2e9\">Dlatego komunikacja wewn\u0119trzna jest tak wa\u017cna. Trzeba by\u0107 wobec siebie nawzajem szczerym i uczciwym, by wszyscy wiedzieli, co zrobi\u0107. Dlatego musisz mie\u0107 w\u0142a\u015bciwych ludzi, by ze sob\u0105 wsp\u00f3\u0142pracowali, by zn\u00f3w Legia by\u0142a na pierwszym miejscu.<\/p>\n<p class=\"Paragraph_desktopParagraph__Fd2e9\">Pan zna Micha\u0142a \u017bew\u0142akowa. By\u0142 te\u017c dyrektorem sportowym za pana czas\u00f3w. Jak go pan wspomina?<\/p>\n<p class=\"Paragraph_desktopParagraph__Fd2e9\">To by\u0142o dawno temu. Wtedy by\u0142 nowy w tej roli. D\u0142ugo razem nie pracowali\u015bmy, za moich czas\u00f3w by\u0142 g\u0142\u00f3wnie szefem skaut\u00f3w, potem zosta\u0142 dyrektorem sportowym na ostatnie kilka miesi\u0119cy, gdy tam by\u0142em. To dobry cz\u0142owiek, ma do\u015bwiadczenie jako zawodnik, pracowa\u0142 w innych klubach jako szef skaut\u00f3w i dyrektor sportowy, dzi\u0119ki temu ma teraz wi\u0119ksze do\u015bwiadczenie i wiedz\u0119 i jest gotowy do tej roli.<\/p>\n<p>Hening Berg o Marku Papszunie i Rakowie: nie s\u0105 ma\u0142ymi dzie\u0107mi<\/p>\n<p class=\"Paragraph_desktopParagraph__Fd2e9\">A jak pan ocenia, to co zrobi\u0142 Papszun? Czasami pi\u0142karze wymuszaj\u0105 transfer, ale nie jest cz\u0119ste, \u017ce trener publicznie zabiega o zgod\u0119 na odej\u015bcie.<\/p>\n<p class=\"Paragraph_desktopParagraph__Fd2e9\">Papszun by\u0142 tam wcze\u015bniej, zna wszystkich, oni te\u017c go znaj\u0105. Bardzo trudno mi to ocenia\u0107, ale jestem pewien, \u017ce od dawna rozmawiali. Nie chc\u0119 komentowa\u0107 tego wszystkiego, ale nie s\u0105 ma\u0142ymi dzie\u0107mi. W klubie pracuj\u0105 do\u015bwiadczeni ludzie, trener te\u017c jest do\u015bwiadczony. Je\u015bli uwa\u017ca, \u017ce to dobrze, by odej\u015b\u0107, to jego sprawa. Nie wiem, co uzgodnili, jakie mia\u0142 zapisy w kontrakcie, ale zwykle trenerzy nie m\u00f3wi\u0105 publicznie, \u017ce chc\u0105 odej\u015b\u0107. Mo\u017ce to zrobi\u0107, nie wype\u0142niaj\u0105c kontraktu, ale nie musi o tym g\u0142o\u015bno m\u00f3wi\u0107.<\/p>\n<p class=\"Paragraph_desktopParagraph__Fd2e9\">Jest pan zaskoczony, \u017ce chce odej\u015b\u0107 z Rakowa, kt\u00f3ry walczy o mistrzostwo, ju\u017c awansowa\u0142 w Lidze Konferencji, gra dalej w Pucharze Polski do b\u0119d\u0105cej w strefie spadkowej Legii, kt\u00f3ra odpad\u0142a ze wszystkich puchar\u00f3w?<\/p>\n<p class=\"Paragraph_desktopParagraph__Fd2e9\">By\u0142em zaskoczony, \u017ce po tym, jak wr\u00f3ci\u0142 do Rakowa, ju\u017c chce odej\u015b\u0107. Mo\u017ce sprawy nie id\u0105 w takim kierunku jak dawniej. Gdy podpisa\u0142 kontrakt z Rakowem ponownie, chcia\u0142 co\u015b zbudowa\u0107, by mie\u0107 sukcesy. Mo\u017ce czas tej deklaracji jest do\u015b\u0107 dziwny, ale ka\u017cdy wie, \u017ce Legia to du\u017cy klub z potencja\u0142em, ale teraz przechodzi przez trudny moment.<\/p>\n<p class=\"Paragraph_desktopParagraph__Fd2e9\">Czy ta sytuacja b\u0119dzie mie\u0107 wp\u0142yw na dru\u017cyn\u0119 przed meczem z Omoni\u0105?<\/p>\n<p class=\"Paragraph_desktopParagraph__Fd2e9\">Na pewno wp\u0142ynie na zawodnik\u00f3w. Ci, kt\u00f3rzy go lubi\u0105, spr\u00f3buj\u0105 da\u0107 mu mo\u017cliwie jak najlepsze po\u017cegnanie, a ci, kt\u00f3rzy go nie lubi\u0105, te\u017c b\u0119d\u0105 si\u0119 stara\u0107. To b\u0119dzie pozytywne dla zawodnik\u00f3w, by pokaza\u0107 ich najwy\u017csz\u0105 jako\u015b\u0107.<\/p>\n<p class=\"Paragraph_desktopParagraph__Fd2e9\">Co mo\u017ce pan powiedzie\u0107 o tym rywalu?<\/p>\n<p class=\"Paragraph_desktopParagraph__Fd2e9\">To dobry zesp\u00f3\u0142. Trener pracuje z nimi d\u0142u\u017cej, wie, jak gra\u0107. To zesp\u00f3\u0142 mocny w defensywie i silny fizycznie, zdolny do strzelania goli i wygrywania mecz\u00f3w. Wida\u0107, \u017ce s\u0105 tam, gdzie trener chce, aby byli jako zesp\u00f3\u0142.<\/p>\n<p>Henning Berg o Omonii Nikozja<\/p>\n<p class=\"Paragraph_desktopParagraph__Fd2e9\">Legia odpad\u0142a z Ligi Konferencji, za to mo\u017cna powiedzie\u0107, \u017ce Omonia sprawi\u0142a niespodziank\u0119? Na razie zajmujecie 15. miejsce w tabeli z o\u015bmioma punktami i jeste\u015bcie blisko awansu.<\/p>\n<p class=\"Paragraph_desktopParagraph__Fd2e9\">Nie wiem, czy to niespodzianka. Na Cyprze mamy zesp\u00f3\u0142 w Lidze Mistrz\u00f3w [Pafos] i dwa w Lidze Konferencji, AEK Larnaka te\u017c awansuje. Cypryjska liga jest coraz mocniejsza i ci\u0105gle robi post\u0119p.<\/p>\n<p class=\"Paragraph_desktopParagraph__Fd2e9\">Liga cypryjska jest niedoceniana? Pafos wyeliminowa\u0142 Crven\u0119 Zvezd\u0119 w eliminacjach Ligi Mistrz\u00f3w, a potem zdoby\u0142 w niej ju\u017c sze\u015b\u0107 punkt\u00f3w, AEK Larnaka jest bliska miejsca w pierwszej \u00f3semce, wy te\u017c jeste\u015bcie bardzo bliscy gry w kolejnej rundzie.<\/p>\n<p class=\"Paragraph_desktopParagraph__Fd2e9\">Nie s\u0105dz\u0119, \u017ce ta liga jest niedoceniana. Mo\u017ce przez media, ale nie przez inne kluby. Wida\u0107 po pi\u0142karzach, jacy tam graj\u0105 i dru\u017cynach, co robi\u0105. W zesz\u0142ym sezonie trzy zespo\u0142y wiosn\u0105 gra\u0142y w pucharach \u2014 APOEL, Omonia i Pafos. To dobra liga.<\/p>\n<p class=\"Paragraph_desktopParagraph__Fd2e9\">Na Cyprze g\u0142\u00f3wnie sprowadza si\u0119 do\u015bwiadczonych zawodnik\u00f3w, cz\u0119sto Brazylijczyk\u00f3w. Podoba si\u0119 panu ta strategia?<\/p>\n<p class=\"Paragraph_desktopParagraph__Fd2e9\">Czasami mo\u017cemy \u015bci\u0105gn\u0105\u0107 do\u015bwiadczonego pi\u0142karza, ale czasami zawodnika z Europy Wschodniej w optymalnym wieku, ale mamy te\u017c 20-letniego napastnika [Angelosa Neyfytou], kt\u00f3ry strzeli\u0142 trzy gole w Lidze Konferencji.<\/p>\n<p class=\"Paragraph_desktopParagraph__Fd2e9\">Omonia ju\u017c prawie awansowa\u0142a. Co mo\u017ce dalej osi\u0105gn\u0105\u0107 w Lidze Konferencji?<\/p>\n<p class=\"Paragraph_desktopParagraph__Fd2e9\">Jeste\u015bmy bardzo bliscy awansu, mieliby\u015bmy wielkiego pecha, gdyby\u015bmy nie przeszli, nawet mimo pora\u017cki z Rakowem, ale spr\u00f3bujemy zn\u00f3w wygra\u0107. W kolejnej fazie s\u0105 dobre dru\u017cyny. W takiej sytuacji potrzebujesz korzystnego losowania, mo\u017ce uda si\u0119 zaj\u015b\u0107 dalej, ale konkurujemy z klubami o wiele wi\u0119kszych bud\u017cetach, jednak pieni\u0105dze nie decyduj\u0105, kto wygra, to rozstrzygnie si\u0119 na boisku. Oczywi\u015bcie dzi\u0119ki temu mo\u017cesz sprowadzi\u0107 lepszych pi\u0142karzy i mie\u0107 wi\u0119ksz\u0105 szans\u0119 na zwyci\u0119stwo, ale musisz by\u0107 mocny na murawie, nawet gdy nie masz najlepszych zawodnik\u00f3w.<\/p>\n<p class=\"Paragraph_desktopParagraph__Fd2e9\">Wygrali\u015bcie z Dynamem Kij\u00f3w i Rapidem Wiede\u0144, kt\u00f3re co prawda jak Legia ju\u017c odpad\u0142y, ale na papierze by\u0142y mocniejsze od was, na pewno maj\u0105 wi\u0119cej sukces\u00f3w w historii ni\u017c Omonia.<\/p>\n<p class=\"Paragraph_desktopParagraph__Fd2e9\">Omonia te\u017c je ma, ale pewnie nie w Europie jak te kluby.<\/p>\n<p><img decoding=\"async\" src=\"https:\/\/www.europesays.com\/pl\/wp-content\/uploads\/2025\/12\/trener-omonii-henning-berg-podczas-meczu-z-rapidem-wieden-w-lidze-konferencji.jpg\" alt=\"Trener Omonii Henning Berg podczas meczu z Rapidem Wiede\u0144 w Lidze Konferencji\" width=\"944\" height=\"629\" loading=\"lazy\" class=\"\" \/>Trener Omonii Henning Berg podczas meczu z Rapidem Wiede\u0144 w Lidze Konferencji (Foto: MAX SLOVENCIK \/ APA \/ AFP)<\/p>\n<p class=\"Paragraph_desktopParagraph__Fd2e9\">To du\u017ce kluby, ale w tym sezonie zawodz\u0105ce. Teraz zagracie z Rakowem, kt\u00f3ry jest trzeci w tabeli Ligi Konferencji. To b\u0119dzie najtrudniejsze wyzwanie tej jesieni?<\/p>\n<p class=\"Paragraph_desktopParagraph__Fd2e9\">To dobry zesp\u00f3\u0142, bez w\u0105tpliwo\u015bci, ale grali\u015bmy te\u017c z Mainz. To mocna dru\u017cyna z czo\u0142owej ligi Europy, w zesz\u0142ym sezonie zaj\u0119\u0142a w niej sz\u00f3ste miejsce.<\/p>\n<p class=\"Paragraph_desktopParagraph__Fd2e9\">W tym sezonie jest ostatnia.<\/p>\n<p class=\"Paragraph_desktopParagraph__Fd2e9\">Wiem, ale dalej to zesp\u00f3\u0142 z Bundesligi z pi\u0142karzami na tym poziomie. Rak\u00f3w jest mocny, ale Rapid, z kt\u00f3rym wygrali\u015bmy, cho\u0107 nie gra\u0142 dobrze u siebie, to w zesz\u0142ym sezonie by\u0142 w \u0107wier\u0107finale Ligi Konferencji.<\/p>\n<p class=\"Paragraph_desktopParagraph__Fd2e9\">Jak Legia, a teraz jak ona jest s\u0142abszy.<\/p>\n<p class=\"Paragraph_desktopParagraph__Fd2e9\">Te dru\u017cyny maj\u0105 do\u015bwiadczenie w Europie i jako\u015b\u0107, mo\u017ce nie mia\u0142 dobrych wynik\u00f3w przez sze\u015b\u0107 tygodni, ale to tego nie zmienia.<\/p>\n<p class=\"Paragraph_desktopParagraph__Fd2e9\">W tym sezonie Legia przegra\u0142a na Cyprze 1:4 z AEK Larnaka, ale tym razem stracicie przewag\u0119 wynikaj\u0105c\u0105 z tego, \u017ce jest gor\u0105co<\/p>\n<p class=\"Paragraph_desktopParagraph__Fd2e9\">To prawda, nie ma ju\u017c upa\u0142u [w czwartek w porze meczu w Nikozji ma by\u0107 12 stopni], ale AEK zagra\u0142o z Legi\u0105 te\u017c nie\u017ale na wyje\u017adzie [przegra\u0142o 1:2, co wystarczy\u0142o do awansu], wi\u0119c nie s\u0105dz\u0119, \u017ce jedynym powodem sukcesu AEK by\u0142a pogoda. Ale to prawda, \u017ce upa\u0142 latem na Cyprze mo\u017ce pom\u00f3c.<\/p>\n<p class=\"Paragraph_desktopParagraph__Fd2e9\">A co si\u0119 dzieje z polskimi pi\u0142karzami Mariuszem St\u0119pi\u0144skim i Mateuszem Musia\u0142owskim? Nie zostali nawet zg\u0142oszeni do Ligi Konferencji. Szczeg\u00f3lnie zaskakuj\u0105cy by\u0142 przypadek St\u0119pi\u0144skiego, kt\u00f3ry gra\u0142 regularnie na pocz\u0105tku sezonu.<\/p>\n<p class=\"Paragraph_desktopParagraph__Fd2e9\">St\u0119pi\u0144ski mia\u0142 latem pecha. Z powodu drobnego urazu nie przeszed\u0142 dobrze okresu przygotowawczego i nie doszed\u0142 do normalnego poziomu. Na dodatek pozyskali\u015bmy ofensywnych zawodnik\u00f3w, a on nie by\u0142 na sto procent gotowy, wi\u0119c gdy musieli\u015bmy wybra\u0107 18 zawodnik\u00f3w na list\u0119, to mia\u0142 pecha.<\/p>\n<p class=\"Paragraph_desktopParagraph__Fd2e9\">Ale gra\u0142 w prawie wszystkich meczach w eliminacjach Ligi Konferencji, co prawda jako zmiennik, ale gra\u0142.<\/p>\n<p class=\"Paragraph_desktopParagraph__Fd2e9\">Tyle \u017ce potem pozyskali\u015bmy Ryana Mmaee ze Stoke, kt\u00f3ry wcze\u015bniej gra\u0142 w Ferencvarosie, przez co St\u0119pi\u0144skiemu by\u0142o trudniej. A Musia\u0142owski to du\u017cy talent, ma naprawd\u0119 bardzo du\u017ce umiej\u0119tno\u015bci, \u015bwietnie wyka\u0144cza akcje, ale walczymy o mistrzostwo w lidze, ca\u0142y czas jest presja i nie mamy du\u017co mecz\u00f3w, by wprowadza\u0107 do gry wszystkich pi\u0142karzy. Ma wi\u0119c troch\u0119 pecha. Jak zagra 10 mecz\u00f3w z rz\u0119du, to mo\u017ce by\u0107 bardzo dobry, ale nie mieli\u015bmy okazji, by da\u0107 mu tyle mo\u017cliwo\u015bci wyst\u0119p\u00f3w. On potrzebuje gra\u0107, mam nadziej\u0119, \u017ce znajdziemy tak\u0105 mo\u017cliwo\u015b\u0107, bo ma jako\u015b\u0107.<\/p>\n<p class=\"Paragraph_desktopParagraph__Fd2e9\">Co si\u0119 dzieje ze St\u0119pi\u0144skim, \u017ce ostatnio w og\u00f3le nie gra?<\/p>\n<p class=\"Paragraph_desktopParagraph__Fd2e9\">By\u0142 kontuzjowany, ale teraz normalnie trenuje i nie ma ju\u017c kontuzji. Potrzebuje czasu, by wr\u00f3ci\u0107 formy i normalnej dyspozycji.<\/p>\n<p class=\"Paragraph_desktopParagraph__Fd2e9\">A mo\u017ce szykuje si\u0119 ju\u017c do odej\u015bcia zim\u0105?<\/p>\n<p class=\"Paragraph_desktopParagraph__Fd2e9\">Jest konkurencja o miejsce w zespole. Musia\u0142owski by\u0142 na \u0142awce, bo dobrze spisywa\u0142 si\u0119 na treningach i by\u0142 bardziej gotowy do gry ni\u017c St\u0119pi\u0144ski, kt\u00f3ry potrzebuje wi\u0119cej czasu, by wr\u00f3ci\u0107, gdy b\u0119dzie gotowy gra\u0107. To dobry ch\u0142opak i ma \u015bwietn\u0105 mentalno\u015b\u0107. Mamy nadziej\u0119, \u017ce b\u0119dzie m\u00f3g\u0142 walczy\u0107 o pierwszy sk\u0142ad.<\/p>\n<p class=\"Paragraph_desktopParagraph__Fd2e9\">A Musia\u0142owski mo\u017ce odej\u015b\u0107 zim\u0105?<\/p>\n<p class=\"Paragraph_desktopParagraph__Fd2e9\">Na pewno chce wyst\u0119powa\u0107, jak nie b\u0119dzie w stanie gra\u0107, to pewnie sprawdzi, jakie s\u0105 mo\u017cliwo\u015bci gdzie indziej.<\/p>\n<p class=\"Paragraph_desktopParagraph__Fd2e9\">Mo\u017ce odejdzie na wypo\u017cyczenie?<\/p>\n<p class=\"Paragraph_desktopParagraph__Fd2e9\">Mo\u017ce to si\u0119 wydarzy\u0107, ale nie ma takiej decyzji.<\/p>\n","protected":false},"excerpt":{"rendered":"Maciej Kaliszuk: Zn\u00f3w zagra pan przeciwko polskiemu klubowi. W 2020 r. wygrali\u015bcie w Warszawie w eliminacjach Ligi Mistrz\u00f3w&hellip;\n","protected":false},"author":2,"featured_media":153682,"comment_status":"","ping_status":"","sticky":false,"template":"","format":"standard","meta":{"footnotes":""},"categories":[24],"tags":[274,30787,67,2563,7714,194,30788,948,42,38,40,39,41,136,28861,128,2562,47,127,135,126,130],"class_list":{"0":"post-153681","1":"post","2":"type-post","3":"status-publish","4":"format-standard","5":"has-post-thumbnail","7":"category-sport","8":"tag-ekstraklasa","9":"tag-henning_berg","10":"tag-intextvideo_splayer","11":"tag-legia_warszawa","12":"tag-liga_konferencji","13":"tag-maja","14":"tag-omonia_nikozja","15":"tag-pilka_nozna","16":"tag-pl","17":"tag-poland","18":"tag-polish","19":"tag-polska","20":"tag-polski","21":"tag-ps_detal_new","22":"tag-ps_omp_tst0","23":"tag-psv2","24":"tag-rakow_czestochowa","25":"tag-screening_general","26":"tag-sport","27":"tag-sport_sport","28":"tag-sports","29":"tag-wiadomosci_sportowe"},"share_on_mastodon":{"url":"https:\/\/pubeurope.com\/@pl\/115728612675845056","error":""},"_links":{"self":[{"href":"https:\/\/www.europesays.com\/pl\/wp-json\/wp\/v2\/posts\/153681","targetHints":{"allow":["GET"]}}],"collection":[{"href":"https:\/\/www.europesays.com\/pl\/wp-json\/wp\/v2\/posts"}],"about":[{"href":"https:\/\/www.europesays.com\/pl\/wp-json\/wp\/v2\/types\/post"}],"author":[{"embeddable":true,"href":"https:\/\/www.europesays.com\/pl\/wp-json\/wp\/v2\/users\/2"}],"replies":[{"embeddable":true,"href":"https:\/\/www.europesays.com\/pl\/wp-json\/wp\/v2\/comments?post=153681"}],"version-history":[{"count":0,"href":"https:\/\/www.europesays.com\/pl\/wp-json\/wp\/v2\/posts\/153681\/revisions"}],"wp:featuredmedia":[{"embeddable":true,"href":"https:\/\/www.europesays.com\/pl\/wp-json\/wp\/v2\/media\/153682"}],"wp:attachment":[{"href":"https:\/\/www.europesays.com\/pl\/wp-json\/wp\/v2\/media?parent=153681"}],"wp:term":[{"taxonomy":"category","embeddable":true,"href":"https:\/\/www.europesays.com\/pl\/wp-json\/wp\/v2\/categories?post=153681"},{"taxonomy":"post_tag","embeddable":true,"href":"https:\/\/www.europesays.com\/pl\/wp-json\/wp\/v2\/tags?post=153681"}],"curies":[{"name":"wp","href":"https:\/\/api.w.org\/{rel}","templated":true}]}}