{"id":153695,"date":"2025-12-16T10:00:12","date_gmt":"2025-12-16T10:00:12","guid":{"rendered":"https:\/\/www.europesays.com\/pl\/153695\/"},"modified":"2025-12-16T10:00:12","modified_gmt":"2025-12-16T10:00:12","slug":"zuzel-powalcza-o-udzial-w-eliminacjach-do-cyklu-grand-prix-znamy-obsade-fim-indywidualnych-mistrzostw-oceanii","status":"publish","type":"post","link":"https:\/\/www.europesays.com\/pl\/153695\/","title":{"rendered":"\u017bu\u017cel. Powalcz\u0105 o udzia\u0142 w eliminacjach do cyklu Grand Prix. Znamy obsad\u0119 FIM Indywidualnych Mistrzostw Oceanii"},"content":{"rendered":"\n<p class=\"contentpart contentpart--default contentpart--text\" data-position=\"0\">Tradycyjnie to w\u0142a\u015bnie na obiekcie <a href=\"https:\/\/sportowefakty.wp.pl\/zuzel\/gillman-speedway\" rel=\"nofollow noopener\" target=\"_blank\">Gillman Speedway<\/a>\u00a0odb\u0119d\u0105 si\u0119 wspomniane FIM Indywidualne Mistrzostwa Oceanii. Impreza ta organizowana jest od 2019 roku i do tej pory rozegrano jej cztery edycje. We wcze\u015bniejszych zwyci\u0119\u017cali kolejno <a href=\"https:\/\/sportowefakty.wp.pl\/zuzel\/jack-holder\" rel=\"nofollow noopener\" target=\"_blank\">Jack Holder<\/a>\u00a0(koniec 2019), <a href=\"https:\/\/sportowefakty.wp.pl\/zuzel\/adam-ellis\" rel=\"nofollow noopener\" target=\"_blank\">Adam Ellis<\/a>\u00a0(koniec 2022, przerwa spowodowana pandemi\u0105 COVID-19),\u00a0<a href=\"https:\/\/sportowefakty.wp.pl\/zuzel\/jaimon-lidsey\" rel=\"nofollow noopener\" target=\"_blank\">Jaimon Lidsey<\/a>\u00a0(stycze\u0144 2024) oraz <a href=\"https:\/\/sportowefakty.wp.pl\/zuzel\/rohan-tungate\" rel=\"nofollow noopener\" target=\"_blank\">Rohan Tungate<\/a>\u00a0(stycze\u0144 2025).<\/p>\n<p class=\"contentpart contentpart--default contentpart--text\" data-position=\"1\">Ostatnia dw\u00f3jka ponownie zaprezentuje si\u0119 na torze i stanie przed szans\u0105 wywalczenia drugiego triumfu w karierze. Przypomnijmy, \u017ce obaj zawodnicy na sezon 2026 w <a href=\"https:\/\/sportowefakty.wp.pl\/zuzel\/pge-ekstraliga\" rel=\"nofollow noopener\" target=\"_blank\">PGE Ekstralidze<\/a>\u00a0zwi\u0105zali si\u0119 z klubem z Cz\u0119stochowy. Nagrod\u0105 za zwyci\u0119stwo w tym turnieju jest trzecie i ostatnie miejsce dla australijskiej federacji w eliminacjach cyklu Speedway Grand Prix.<\/p>\n<p> <img role=\"presentation\" src=\"https:\/\/std.wpcdn.pl\/images\/adv\/placeholder_wp.svg\" loading=\"lazy\" alt=\"\" decoding=\"async\"\/>  <\/p>\n<p class=\"contentpart contentpart--default contentpart--text\" data-position=\"2\">ZOBACZ WIDEO: Chomski t\u0142umaczy brak Palucha i Janowskiego w kadrze<\/p>\n<p class=\"contentpart contentpart--default contentpart--text\" data-position=\"4\">Pozosta\u0142e dwie przepustki zostan\u0105 przyznane dw\u00f3m najlepszym uczestnikom Indywidualnych Mistrzostw Australii, kt\u00f3re zako\u0144cz\u0105 si\u0119 dwa dni wcze\u015bniej. Poza Tungatem i Lidseyem o czo\u0142owe miejsca powinni powalczy\u0107 jeszcze <a href=\"https:\/\/sportowefakty.wp.pl\/zuzel\/ben-cook\" rel=\"nofollow noopener\" target=\"_blank\">Ben Cook<\/a>, <a href=\"https:\/\/sportowefakty.wp.pl\/zuzel\/keynan-rew\" rel=\"nofollow noopener\" target=\"_blank\">Keynan Rew<\/a>, czy rewelacyjnie spisuj\u0105cy si\u0119 ostatnio zawodnik GKM-u Grudzi\u0105dz &#8211; <a href=\"https:\/\/sportowefakty.wp.pl\/zuzel\/beau-bailey\" rel=\"nofollow noopener\" target=\"_blank\">Beau Bailey<\/a>.<\/p>\n<p class=\"contentpart contentpart--default contentpart--text\" data-position=\"5\">W obsadzie pojawi si\u0119 r\u00f3wnie\u017c kilku obcokrajowc\u00f3w a najciekawiej wygl\u0105da chyba obecno\u015b\u0107 Amerykanina <a href=\"https:\/\/sportowefakty.wp.pl\/zuzel\/luke-becker\" rel=\"nofollow noopener\" target=\"_blank\">Luke&#8217;a Beckera<\/a>\u00a0czy weterana \u017cu\u017clowych tor\u00f3w, Brytyjczyka <a href=\"https:\/\/sportowefakty.wp.pl\/zuzel\/scott-nicholls\" rel=\"nofollow noopener\" target=\"_blank\">Scotta Nichollsa<\/a>. W przypadku zwyci\u0119stwa kt\u00f3rego\u015b z zawodnik\u00f3w spoza Australii, miejsce w eliminacjach do cyklu <a href=\"https:\/\/sportowefakty.wp.pl\/zuzel\/sgpims\" rel=\"nofollow noopener\" target=\"_blank\">SGP<\/a>\u00a0przypadnie najwy\u017cej sklasyfikowanemu \u017cu\u017clowcowi z tego kraju (Nowa Zelandia ma osobne).<\/p>\n<p class=\"contentpart contentpart--default contentpart--text\" data-position=\"6\">Do tej pory tylko raz w turnieju tym zwyci\u0119\u017cy\u0142 zawodnik z Europy i by\u0142 to w grudniu 2022 Brytyjczyk Adam Ellis (trzecie miejsce zaj\u0105\u0142 w\u00f3wczas <a href=\"https:\/\/sportowefakty.wp.pl\/zuzel\/tai-woffinden\" rel=\"nofollow noopener\" target=\"_blank\">Tai Woffinden<\/a>). Zawody zaplanowane na 11 stycznia zapowiadaj\u0105 si\u0119 dosy\u0107 interesuj\u0105co. Ju\u017c niebawem przekonamy si\u0119, kto zostanie pi\u0105tym w historii FIM Indywidualnym Mistrzem Oceanii.<\/p>\n<p> <img role=\"presentation\" src=\"https:\/\/std.wpcdn.pl\/images\/adv\/placeholder_wp.svg\" loading=\"lazy\" alt=\"\" decoding=\"async\"\/>  <\/p>\n<p class=\"contentpart contentpart--default contentpart--text\" data-position=\"7\">Obsada <a href=\"https:\/\/sportowefakty.wp.pl\/zuzel\/fim\" rel=\"nofollow noopener\" target=\"_blank\">FIM<\/a>\u00a0Indywidualnych Mistrzostw Oceanii &#8211; Gillman, 11 stycznia 2026:<br \/>Beau Bailey (Australia)<br \/>Reid Battye (Australia)<br \/>Luke Becker (Stany Zjednoczone)<br \/>Ben Cook (Australia)<br \/>Leon Flint (Wielka Brytania)<br \/>Luke Harrison (Wielka Brytania)<br \/>Nicolas Hohlbein (Stany Zjednoczone)<br \/>Jaimon Lidsey (Australia)<br \/>Jordy Loftus (Australia)<br \/>Mitchell McDiarmid (Australia)<br \/>Scott Nicholls (Wielka Brytania)<br \/>Keynan Rew (Australia)<br \/>Justin Sedgmen (Australia)<br \/>Rohan Tungate (Australia)<br \/>Jake Turner (Nowa Zelandia)<br \/>Ben Whalley (Nowa Zelandia)<\/p>\n<p class=\"contentpart contentpart--default contentpart--text\" data-position=\"8\">Rezerwowi:<br \/>1. Noah Grabham (Australia)<br \/>2. Alexander Adamson (Australia)<br \/>3. Lachlan Russell (Australia)<br \/>4. Dayle Wood (Australia)<br \/>5. Anika Loftus (Australia)<br \/>6. Tayla Street (Australia)<\/p>\n","protected":false},"excerpt":{"rendered":"Tradycyjnie to w\u0142a\u015bnie na obiekcie Gillman Speedway\u00a0odb\u0119d\u0105 si\u0119 wspomniane FIM Indywidualne Mistrzostwa Oceanii. Impreza ta organizowana jest od&hellip;\n","protected":false},"author":2,"featured_media":153696,"comment_status":"","ping_status":"","sticky":false,"template":"","format":"standard","meta":{"footnotes":""},"categories":[24],"tags":[30790,995,21178,977,30793,30789,1328,10531,11321,30791,1334,42,38,40,39,41,10532,30792,748,127,126,10064,174,9802],"class_list":{"0":"post-153695","1":"post","2":"type-post","3":"status-publish","4":"format-standard","5":"has-post-thumbnail","7":"category-sport","8":"tag-adam-ellis","9":"tag-australia","10":"tag-beau-bailey","11":"tag-ben-cook","12":"tag-fim","13":"tag-gillman-speedway","14":"tag-jack-holder","15":"tag-jaimon-lidsey","16":"tag-keynan-rew","17":"tag-luke-becker","18":"tag-pge-ekstraliga","19":"tag-pl","20":"tag-poland","21":"tag-polish","22":"tag-polska","23":"tag-polski","24":"tag-rohan-tungate","25":"tag-scott-nicholls","26":"tag-sgp-ims","27":"tag-sport","28":"tag-sports","29":"tag-tai-woffinden","30":"tag-zuzel","31":"tag-zuzel-na-swiecie"},"share_on_mastodon":{"url":"https:\/\/pubeurope.com\/@pl\/115728668017362005","error":""},"_links":{"self":[{"href":"https:\/\/www.europesays.com\/pl\/wp-json\/wp\/v2\/posts\/153695","targetHints":{"allow":["GET"]}}],"collection":[{"href":"https:\/\/www.europesays.com\/pl\/wp-json\/wp\/v2\/posts"}],"about":[{"href":"https:\/\/www.europesays.com\/pl\/wp-json\/wp\/v2\/types\/post"}],"author":[{"embeddable":true,"href":"https:\/\/www.europesays.com\/pl\/wp-json\/wp\/v2\/users\/2"}],"replies":[{"embeddable":true,"href":"https:\/\/www.europesays.com\/pl\/wp-json\/wp\/v2\/comments?post=153695"}],"version-history":[{"count":0,"href":"https:\/\/www.europesays.com\/pl\/wp-json\/wp\/v2\/posts\/153695\/revisions"}],"wp:featuredmedia":[{"embeddable":true,"href":"https:\/\/www.europesays.com\/pl\/wp-json\/wp\/v2\/media\/153696"}],"wp:attachment":[{"href":"https:\/\/www.europesays.com\/pl\/wp-json\/wp\/v2\/media?parent=153695"}],"wp:term":[{"taxonomy":"category","embeddable":true,"href":"https:\/\/www.europesays.com\/pl\/wp-json\/wp\/v2\/categories?post=153695"},{"taxonomy":"post_tag","embeddable":true,"href":"https:\/\/www.europesays.com\/pl\/wp-json\/wp\/v2\/tags?post=153695"}],"curies":[{"name":"wp","href":"https:\/\/api.w.org\/{rel}","templated":true}]}}