{"id":153709,"date":"2025-12-16T10:12:09","date_gmt":"2025-12-16T10:12:09","guid":{"rendered":"https:\/\/www.europesays.com\/pl\/153709\/"},"modified":"2025-12-16T10:12:09","modified_gmt":"2025-12-16T10:12:09","slug":"przegrasz-polityczne-zycie-co-uslyszal-tusk-po-porazce-trzaskowskiego-fragment-ksiazki","status":"publish","type":"post","link":"https:\/\/www.europesays.com\/pl\/153709\/","title":{"rendered":"&#8222;Przegrasz polityczne \u017cycie&#8221;. Co us\u0142ysza\u0142 Tusk po pora\u017cce Trzaskowskiego [FRAGMENT KSI\u0104\u017bKI]"},"content":{"rendered":"<p>Publikujemy fragment ksi\u0105\u017cki &#8222;Kierownik. Kulisy w\u0142adzy Donalda Tuska&#8221;.<\/p>\n<p class=\"ods-c-paragraph \">Minister: Zawsze trzeba my\u015ble\u0107 o z\u0142ych scenariuszach, ale jeszcze ca\u0142kiem niedawno nikt nie przyjmowa\u0142 do wiadomo\u015bci, \u017ce nas to mo\u017ce spotka\u0107.<\/p>\n<p class=\"ods-c-paragraph \">Polityk KO: Niech pan nie wierzy w opowie\u015bci, \u017ce Donald ucieszy\u0142 si\u0119 z przegranej Rafa\u0142a. To nieprawda. On chcia\u0142 wygra\u0107. Ale m\u00f3wi\u0105c zupe\u0142nie szczerze, dzi\u015b jest wewn\u0119trznie w niez\u0142ej sytuacji. Nie ma realnej konkurencji do przyw\u00f3dztwa.<\/p>\n<p class=\"ods-c-paragraph \">Wsp\u00f3\u0142tw\u00f3rca kampanii wyborczych: Wie pan, jaka jest podstawowa konsekwencja przegranej Trzaskowskiego? Dezaktualizacja wojny polsko-polskiej, czyli wojny PO-PiS. Ca\u0142e moralne napi\u0119cie dotycz\u0105ce oskar\u017ce\u0144 pod adresem PiS za to, co Kaczy\u0144ski robi\u0142 przez osiem lat w Polsce, opad\u0142o. Naprawd\u0119 trudno teraz m\u00f3wi\u0107, \u017ce wi\u0119kszo\u015b\u0107 Polak\u00f3w postawi\u0142a na reprezentanta si\u0142 antydemokratycznych, bo nikt tego ju\u017c nie s\u0142ucha. Ludzie to maj\u0105 w d\u2026<\/p>\n<p>Plan B?<\/p>\n<p class=\"ods-c-paragraph \">Polityk Lewicy: Po wyborach Tusk zacz\u0105\u0142 bardzo szybko zwo\u0142ywa\u0107 spotkania koalicjant\u00f3w, czego praktycznie nie robi\u0142 w trakcie kampanii. <a href=\"https:\/\/wiadomosci.onet.pl\/wybory\/wybory-prezydenckie\/spotkanie-liderow-koalicji-trwaja-negocjacje-dotyczace-przyszlosci-rzadu\/p79776e\" id=\"fdeaf2db-b4de-46a5-bfd8-bc67747e95df\" rel=\"nofollow noopener\" target=\"_blank\">Na pierwszym spotkaniu lider\u00f3w po wyborach spotka\u0142o si\u0119 czterech przegryw\u00f3w. Inaczej nie mo\u017cna<\/a> tego nazwa\u0107. Tusk w pewnym momencie jako opcj\u0119 rzuci\u0142 przyspieszone wybory. Us\u0142ysza\u0142 od ca\u0142ej reszty, \u017ce je\u015bli si\u0119 na to zdecyduje, przegra ca\u0142e swoje polityczne \u017cycie. A potem r\u0119ka w r\u0119k\u0119 z Bodnarem p\u00f3jdzie do wi\u0119zienia. Wszyscy mieli przez chwil\u0119 poczucie, \u017ce po 1 czerwca Tusk przesta\u0142 by\u0107 niekwestionowanym liderem obozu w\u0142adzy.<\/p>\n<p>Dalszy ci\u0105g artyku\u0142u pod materia\u0142em wideo<\/p>\n<p class=\"ods-c-paragraph \">Wa\u017cny urz\u0119dnik: Ludzie Tuska opowiadali, \u017ce w poniedzia\u0142ek, dzie\u0144 po drugiej turze wybor\u00f3w prezydenckich, widzieli go w takim gazie, jakiego nie dostrzegali, od kiedy zosta\u0142 premierem. On naprawd\u0119 si\u0119 zorientowa\u0142, \u017ce mu si\u0119 to wszystko w r\u0119kach rozpada i je\u015bli tego nie we\u017amie za twarz, to nie damy rady. Wkur&#8230; by\u0142, ale raczej pozytywnie. To by\u0142y pierwsze emocje. Potem by\u0142o gorzej.<\/p>\n<p class=\"ods-c-paragraph \">Minister: Na pierwszym <a href=\"https:\/\/www.onet.pl\/informacje\/onetwiadomosci\/donald-tusk-zabral-glos-podczas-posiedzenia-rzadu-nowy-termin-wotum-zaufania\/4v1ky5n,79cfc278\" id=\"29593fca-3a1f-477f-b3b6-892fc5077947\" rel=\"nofollow noopener\" target=\"_blank\">posiedzeniu rz\u0105du po wyborach Donald powiedzia\u0142<\/a>, \u017ce je\u015bli kto\u015b ma do\u015b\u0107 i uwa\u017ca, \u017ce nie da rady, to niech od razu odejdzie.<\/p>\n<p class=\"ods-c-paragraph \">Do\u015bwiadczony parlamentarzysta KO: M\u00f3wi\u0142 nam na zamkni\u0119tym spotkaniu po wyborach, \u017ce one by\u0142y nie do wygrania.<\/p>\n<p class=\"ods-c-paragraph \">Wa\u017cny polityk KO: T\u0142umaczy\u0142, \u017ce &#8222;ich&#8221;, czyli prawicy, jest teraz po prostu wi\u0119cej, a poza tym maj\u0105 olbrzymi\u0105 przewag\u0119 w internecie. Zacz\u0105\u0142 m\u00f3wi\u0107 d\u0142ugo i z zapa\u0142em o algorytmach w sieci, co nawet niekt\u00f3rzy tak z u\u015bmiechem potem komentowali: &#8222;Ooo, ale z Donalda si\u0119 ekspert zrobi\u0142&#8221;.<\/p>\n<p class=\"ods-c-paragraph \">[Reklama] Ksi\u0105\u017ck\u0119 &#8222;Kierownik. Kulisy w\u0142adzy Donalda Tuska&#8221; mo\u017cesz zam\u00f3wi\u0107 <a rel=\"nofollow noopener\" href=\"https:\/\/www.empik.com\/kierownik-kulisy-wladzy-donalda-tuska-kamil-dziubka,p1671526350,ksiazka-p\" id=\"9db84a05-cff7-4de2-94e1-6f4f3962e738\" target=\"_blank\">tutaj<\/a><\/p>\n<p><img decoding=\"async\" src=\"https:\/\/www.europesays.com\/pl\/wp-content\/uploads\/2025\/11\/0qwk9lCaHR0cHM6Ly9vY2RuLmV1L3B1bHNjbXMvTURBXy9hODIwZTIxMjFjMjU4NzI5OTg3MzY5NjM1NTc1MGE1Mi5qcGVnkZUCz.jpeg\" height=\"503\" width=\"480\" alt=\"Ok\u0142adka ksi\u0105\u017cki Kamila Dziubki &quot;Kierownik. Kulisy w\u0142adzy Donalda Tuska&quot;\" loading=\"lazy\" class=\"ods-c-image__img ods-c-image__img--vertical\"\/><\/p>\n<p>Ok\u0142adka ksi\u0105\u017cki Kamila Dziubki &#8222;Kierownik. Kulisy w\u0142adzy Donalda Tuska&#8221;Wydawnictwo Czerwone i Czarne<\/p>\n<p> &#8222;Tusk nie wierzy\u0142 w fa\u0142szerstwa&#8221;<\/p>\n<p class=\"ods-c-paragraph \">Do\u015bwiadczony parlamentarzysta KO: Ja si\u0119 z tym nie zgadzam. To jest przekaz do wewn\u0105trz, \u017ceby nikomu do g\u0142owy nie przysz\u0142y bajania o wielkich rozliczeniach, bo one zawsze gdzie\u015b tam uderzy\u0142yby w samego Tuska. Przegrali\u015bmy o trzysta tysi\u0119cy g\u0142os\u00f3w. To jest troch\u0119 ponad dziesi\u0119\u0107 g\u0142os\u00f3w na komisj\u0119. R\u00f3\u017cnica najmniejsza w historii. Nikt mnie nie przekona, \u017ce nie da\u0142o si\u0119 nic zrobi\u0107 i \u017ce przegrali\u015bmy z jakimi\u015b wielkimi procesami spo\u0142ecznymi. Nie byli\u015bmy z g\u00f3ry na przegranej pozycji.<\/p>\n<p class=\"ods-c-paragraph \">Polityk KO: Oczywi\u015bcie <a href=\"https:\/\/wiadomosci.onet.pl\/swiat\/wybory-w-usa-donald-trump-oglosil-sie-zwyciezca-wyborow\/xjjssqd\" id=\"74affb0b-6b78-4dae-9647-a9a43e8db8e6\" rel=\"nofollow noopener\" target=\"_blank\">wybory w USA zmieni\u0142y perspektyw\u0119 polityczn\u0105<\/a> w \u015bwiecie zachodnim. Sytuacja idzie w t\u0119 stron\u0119, \u017ce ludzie nie chc\u0105 na kluczowych stanowiskach cz\u0142owieka dobrze wykszta\u0142conego, z ksi\u0105\u017ck\u0105 pod pach\u0105. Wol\u0105 bandyt\u0119, bo im si\u0119 wydaje, \u017ce ten za\u0142atwi ich problemy.<\/p>\n<p>   <img decoding=\"async\" src=\"https:\/\/www.europesays.com\/pl\/wp-content\/uploads\/2025\/12\/_RWk9lBaHR0cHM6Ly9vY2RuLmV1L3B1bHNjbXMvTURBXy82ZWZiMzAxZTg2NTAzYmI3NDUzZTU1MzA5NjU4ZjBmYS5qcGeRlQLNB.jpeg\" height=\"627\" width=\"940\" alt=\"Wiecz\u00f3r wyborczy Rafa\u0142a Trzaskowskiego\" loading=\"lazy\" class=\"ods-c-image__img ods-c-image__img--viewport-width\"\/><\/p>\n<p>Wiecz\u00f3r wyborczy Rafa\u0142a TrzaskowskiegoPiotr Polak \/ PAP<\/p>\n<p class=\"ods-c-paragraph \">Minister: Tusk pocz\u0105tkowo nie chcia\u0142 \u017cadnych rozlicze\u0144 po wyborach prezydenckich. Nie chcia\u0142 wi\u0119c s\u0142ysze\u0107 o dymisjonowaniu ludzi, kt\u00f3rzy byli odpowiedzialni za kampani\u0119 Rafa\u0142a. M\u00f3wi\u0142 wprost: &#8222;To nas podzieli jeszcze bardziej ni\u017c wyborcza pora\u017cka&#8221;.<\/p>\n<p class=\"ods-c-paragraph \">Do\u015bwiadczony parlamentarzysta: Donald pocz\u0105tkowo zrobi\u0142 to, co Kaczor w 2023 r., kt\u00f3rego pozycja po tym, jak PiS straci\u0142 w\u0142adz\u0119, zosta\u0142a bardzo mocno podwa\u017cona i to nawet w samej partii. <a href=\"https:\/\/www.onet.pl\/informacje\/onetwiadomosci\/wypychanie-morawieckiego-z-pis-weszlo-w-nowa-faze-tracimy-cierpliwosc\/3k4cltl,79cfc278\" id=\"8c580aed-31ed-4377-acc4-f9e944c7d8bf\" rel=\"nofollow noopener\" target=\"_blank\">Morawiecki wtedy powiedzia\u0142 pierwszy raz otwarcie, \u017ce jest got\u00f3w<\/a> stan\u0105\u0107 na czele Prawa i Sprawiedliwo\u015bci. A Kaczy\u0144ski poszed\u0142 na ostro, powiedzia\u0142: &#8222;\u017badnych rozlicze\u0144&#8221; \u2014 i usta\u0142. Donald nie mia\u0142 wyj\u015bcia. Powiedzia\u0142, \u017ce idziemy dalej i nie ma polowania na czarownice, bo to by\u0142aby droga ku zatraceniu.<\/p>\n<p>   &#8222;Donald sta\u0142 si\u0119 ch\u0142opcem do bicia&#8221;<\/p>\n<p class=\"ods-c-paragraph \">Wieloletni wsp\u00f3\u0142pracownik Donalda Tuska: Donald ca\u0142y czas my\u015bli przede wszystkim o swojej w\u0142asnej pozycji. Problem polega na tym, \u017ce nie ma wok\u00f3\u0142 siebie go\u015bci, kt\u00f3rzy potrafi\u0105 podejmowa\u0107 samodzielne decyzje. Nie ma tam ludzi z charakterem. Co robi\u0142 Adam Bodnar po wyborach? 2 czerwca, od bladego \u015bwitu, powinien pru\u0107 ka\u017cdy protest wyborczy, b\u0142yskawicznie powo\u0142a\u0107 zesp\u00f3\u0142 prokurator\u00f3w, \u017ceby pokaza\u0107 ludziom, \u017ce wszystko, co mog\u0142o zosta\u0107 sprawdzone, zosta\u0142o skontrolowane. Trzeba by\u0142o stworzy\u0107 obrazek, \u017ce pa\u0144stwo dzia\u0142a. Nie wiem, dlaczego nikt si\u0119 do tego wcze\u015bniej nie przygotowa\u0142. A by\u0142o jasne, \u017ce nawet jak wygramy, to PiS i tak podpali Polsk\u0119. Zatem trzeba by\u0142o mie\u0107 przygotowane narz\u0119dzia niezale\u017cnie od okoliczno\u015bci.<\/p>\n<p class=\"ods-c-paragraph \">Bodnar dzia\u0142a\u0142 tak, jak gdyby by\u0142o pi\u0119\u0107dziesi\u0105t protest\u00f3w wyborczych w skali Polski, a nie kilkadziesi\u0105t tysi\u0119cy. Do tego doszed\u0142 Robert B\u0105kiewicz z tym, po\u017cal si\u0119 Bo\u017ce, pilnowaniem granicy, <a href=\"https:\/\/www.onet.pl\/informacje\/onetwiadomosci\/robert-bakiewicz-pojawil-sie-na-granicy-zlamal-zakaz-sprawa-trafi-do-prokuratury\/q6k8f5w,79cfc278\" id=\"67fadd9d-aa60-41a0-993e-e07d60cea80d\" rel=\"nofollow noopener\" target=\"_blank\">kt\u00f3ry op****ala\u0142 policjanta i funkcjonariuszk\u0119 Stra\u017cy Granicznej. A ci skuleni, przestraszeni.<\/a> Ju\u017c pomijam fakt, \u017ce prokuratorzy bali si\u0119 B\u0105kiewiczowi postawi\u0107 zarzuty i sytuacja zmieni\u0142a si\u0119 dopiero po interwencji z Prokuratury Krajowej. Do tego poszukiwania tego Tadeusza Dudy, kt\u00f3ry zastrzeli\u0142 rodzin\u0119 pod Limanow\u0105, uciek\u0142 do lasu i go nie mogli d\u0142ugo znale\u017a\u0107. A jak tamten si\u0119 zabi\u0142, to na konferencji prasowej pokaza\u0142 si\u0119 oddzia\u0142 antyterroryst\u00f3w, jakby co najmniej Pabla Escobara \u015bcigali. I to wszystko zebrane do kupy uderza\u0142o w wizerunek Donalda. Pa\u0144stwo pokazywa\u0142o s\u0142abo\u015b\u0107.<\/p>\n<p class=\"ods-c-paragraph \">Polityk KO: Po wyborach Donald sta\u0142 si\u0119 ch\u0142opcem do bicia, a p\u00f3\u0142tora roku wcze\u015bniej, kiedy przej\u0119li\u015bmy w\u0142adz\u0119, by\u0142 Bogiem. Nasz wyborca jest bardzo wymagaj\u0105cy. I to r\u00f3\u017cni tych, kt\u00f3rzy g\u0142osuj\u0105 na nas, od tych, kt\u00f3rzy wspieraj\u0105 PiS. Gdyby dzi\u015b Jaros\u0142aw Kaczy\u0144ski wskaza\u0142 na Kidaw\u0119-B\u0142o\u0144sk\u0105 jako kandydatk\u0119 na prezydenta, ona dzi\u015b by\u0142aby g\u0142ow\u0105 pa\u0144stwa. A u nas Tusk m\u00f3wi, \u017ce trzeba si\u0119 z pewnymi faktami pogodzi\u0107 i b\u0119dzie zaprzysi\u0119\u017cenie Nawrockiego, tymczasem nasz wyborca odpowiada: &#8222;Jakie kurwa zaprzysi\u0119\u017cenie? Nie \u017cyczymy sobie tego. Wybory zosta\u0142y sfa\u0142szowane&#8221;.<\/p>\n<p class=\"ods-c-paragraph \">Do\u015bwiadczony parlamentarzysta KO: My\u015bmy sami nie wiedzieli, co m\u00f3wi\u0107 w wywiadach w kontek\u015bcie tych rzekomych fa\u0142szerstw w wyborach. Jednego dnia wydzwaniali do nas z g\u00f3ry, \u017ceby nie podkr\u0119ca\u0107 atmosfery, unika\u0107 s\u0142owa &#8222;sfa\u0142szowane&#8221;, a nazajutrz Donald dawa\u0142 ostre wpisy w internecie, sugeruj\u0105ce, \u017ce z tymi wyborami to jest jaka\u015b \u015bmierdz\u0105ca sprawa.<\/p>\n<p class=\"ods-c-paragraph \">Wa\u017cny urz\u0119dnik: Wiem, \u017ce Tusk od pocz\u0105tku nie wierzy\u0142 w masowe fa\u0142szerstwa. M\u00f3wi\u0142, \u017ce mo\u017ce by\u0142y jakie\u015b nieprawid\u0142owo\u015bci w komisjach, ale to nie by\u0142a taka skala, kt\u00f3ra pozwala\u0142aby na stwierdzenie, \u017ce wybory zosta\u0142y sfa\u0142szowane i wynik nie jest znany.<\/p>\n<p class=\"ods-c-paragraph \">Minister: My\u015bl\u0119, \u017ce ta ca\u0142a akcja Romana Giertycha si\u0119 troch\u0119 wymkn\u0119\u0142a spod kontroli i sam Tusk nie wiedzia\u0142, co z tym zrobi\u0107. W pewnym momencie zacz\u0105\u0142 delikatnie i\u015b\u0107 w stron\u0119 radykalnej narracji, ale po kilku dniach si\u0119 cofn\u0105\u0142, bo stwierdzi\u0142, \u017ce nie ma narz\u0119dzi, by kwestionowa\u0107 wynik wybor\u00f3w. Wida\u0107 by\u0142o, \u017ce jest troch\u0119 pogubiony. Tyle \u017ce to spowodowa\u0142o, i\u017c oczekiwania cz\u0119\u015bci naszych wyborc\u00f3w zderzy\u0142y si\u0119 ze \u015bcian\u0105.<\/p>\n","protected":false},"excerpt":{"rendered":"Publikujemy fragment ksi\u0105\u017cki &#8222;Kierownik. Kulisy w\u0142adzy Donalda Tuska&#8221;. Minister: Zawsze trzeba my\u015ble\u0107 o z\u0142ych scenariuszach, ale jeszcze ca\u0142kiem&hellip;\n","protected":false},"author":2,"featured_media":153710,"comment_status":"","ping_status":"","sticky":false,"template":"","format":"standard","meta":{"footnotes":""},"categories":[12],"tags":[56,32,33,212,36,37,27,34,35,28,31,48,25,46,42,38,40,39,41,1014,47,29,30,341,26,30795],"class_list":{"0":"post-153709","1":"post","2":"type-post","3":"status-publish","4":"format-standard","5":"has-post-thumbnail","7":"category-polska","8":"tag-article_premium","9":"tag-breaking-news","10":"tag-breakingnews","11":"tag-donald_tusk","12":"tag-featured-news","13":"tag-featurednews","14":"tag-headlines","15":"tag-latest-news","16":"tag-latestnews","17":"tag-naglowki","18":"tag-najwazniejsze-artykuly","19":"tag-nat_styl","20":"tag-news","21":"tag-omp","22":"tag-pl","23":"tag-poland","24":"tag-polish","25":"tag-polska","26":"tag-polski","27":"tag-rafal_trzaskowski","28":"tag-screening_general","29":"tag-top-stories","30":"tag-topstories","31":"tag-tylko_w_onecie","32":"tag-wiadomosci","33":"tag-wybory_prezydenckie_2025"},"share_on_mastodon":{"url":"https:\/\/pubeurope.com\/@pl\/115728714749291918","error":""},"_links":{"self":[{"href":"https:\/\/www.europesays.com\/pl\/wp-json\/wp\/v2\/posts\/153709","targetHints":{"allow":["GET"]}}],"collection":[{"href":"https:\/\/www.europesays.com\/pl\/wp-json\/wp\/v2\/posts"}],"about":[{"href":"https:\/\/www.europesays.com\/pl\/wp-json\/wp\/v2\/types\/post"}],"author":[{"embeddable":true,"href":"https:\/\/www.europesays.com\/pl\/wp-json\/wp\/v2\/users\/2"}],"replies":[{"embeddable":true,"href":"https:\/\/www.europesays.com\/pl\/wp-json\/wp\/v2\/comments?post=153709"}],"version-history":[{"count":0,"href":"https:\/\/www.europesays.com\/pl\/wp-json\/wp\/v2\/posts\/153709\/revisions"}],"wp:featuredmedia":[{"embeddable":true,"href":"https:\/\/www.europesays.com\/pl\/wp-json\/wp\/v2\/media\/153710"}],"wp:attachment":[{"href":"https:\/\/www.europesays.com\/pl\/wp-json\/wp\/v2\/media?parent=153709"}],"wp:term":[{"taxonomy":"category","embeddable":true,"href":"https:\/\/www.europesays.com\/pl\/wp-json\/wp\/v2\/categories?post=153709"},{"taxonomy":"post_tag","embeddable":true,"href":"https:\/\/www.europesays.com\/pl\/wp-json\/wp\/v2\/tags?post=153709"}],"curies":[{"name":"wp","href":"https:\/\/api.w.org\/{rel}","templated":true}]}}