{"id":153718,"date":"2025-12-16T10:19:11","date_gmt":"2025-12-16T10:19:11","guid":{"rendered":"https:\/\/www.europesays.com\/pl\/153718\/"},"modified":"2025-12-16T10:19:11","modified_gmt":"2025-12-16T10:19:11","slug":"burza-wokol-slawomira-cenckiewicza-szef-skw-wszczyna-pilna-kontrole-2","status":"publish","type":"post","link":"https:\/\/www.europesays.com\/pl\/153718\/","title":{"rendered":"Burza wok\u00f3\u0142 S\u0142awomira Cenckiewicza. Szef SKW wszczyna piln\u0105 kontrol\u0119"},"content":{"rendered":"<ul class=\"UnorderedList_container__nmfSl\">\n<li class=\"UnorderedList_listElement__Py7xi\" data-id=\"ai-summary-link\">Du\u017co czytania, a ma\u0142o czasu? Sprawd\u017a\u00a0skr\u00f3t\u00a0artyku\u0142u<\/li>\n<\/ul>\n<p class=\"Paragraph_desktopParagraph__U31Gm\">O zatajeniu pewnych informacji w ankiecie bezpiecze\u0144stwa przez S\u0142awomira Cenckiewicza <a href=\"https:\/\/wiadomosci.onet.pl\/tylko-w-onecie\/slawomir-cenckiewicz-sklamal-w-ankiecie-bezpieczenstwa-znalazl-sie-na-celowniku-sluzb\/elyrl6x\" id=\"f4e8e0db-26a7-4193-a93f-e8ca9bef4806\" rel=\"nofollow noopener\" target=\"_blank\">informowali\u015bmy w Onecie rok temu<\/a>. &#8222;Gazeta Wyborcza&#8221; poda\u0142a w poniedzia\u0142kowej publikacji, \u017ce chodzi o konsultacje u lekarza specjalisty i za\u017cywanie dw\u00f3ch lek\u00f3w dzia\u0142aj\u0105cych na o\u015brodkowy uk\u0142ad nerwowy. Ujawnienie danych zdrowotnych szefa BBN wywo\u0142a\u0142o du\u017ce poruszenie. We wtorek rano g\u0142os zabra\u0142 rzecznik koordynatora s\u0142u\u017cb specjalnych Jacek Dobrzy\u0144ski.<\/p>\n<p class=\"VideoPlayerText_videoPlayerText__iDwyz\">Dalszy ci\u0105g materia\u0142u pod wideo<\/p>\n<p class=\"Paragraph_desktopParagraph__U31Gm\">&#8222;W zwi\u0105zku z informacjami o domniemanym ujawnieniu danych rzekomo pochodz\u0105cych z akt post\u0119powania sprawdzaj\u0105cego lub kontrolnego dotycz\u0105cego S\u0142awomira Cenckiewicza, S\u0142u\u017cba Kontrwywiadu Wojskowego informuje, \u017ce wszelkie akta post\u0119powania sprawdzaj\u0105cego oraz kontrolnego zosta\u0142y przekazane do w\u0142a\u015bciwego organu odwo\u0142awczego ju\u017c w sierpniu 2024 r., a od listopada 2024 r. znajduj\u0105 si\u0119 one w wy\u0142\u0105cznej gestii sad\u00f3w administracyjnych rozpatruj\u0105cych odwo\u0142ania stron&#8221; \u2014 przekaza\u0142 na platformie X.<\/p>\n<ul class=\"OchatFollowUps_wrapper__1ry7X\">\n<li class=\"OchatFollowUps_item__Dhyly OchatFollowUps_itemDesktop__R6aBv\">Czemu wszcz\u0119to post\u0119powanie wyja\u015bniaj\u0105ce dotycz\u0105ce S\u0142awomira Cenckiewicza?<\/li>\n<li class=\"OchatFollowUps_item__Dhyly OchatFollowUps_itemDesktop__R6aBv\">Jakie leki przyjmuje S\u0142awomir Cenckiewicz?<\/li>\n<li class=\"OchatFollowUps_item__Dhyly OchatFollowUps_itemDesktop__R6aBv\">Jak zareagowa\u0142 S\u0142awomir Cenckiewicz na publikacj\u0119?<\/li>\n<li class=\"OchatFollowUps_item__Dhyly OchatFollowUps_itemDesktop__R6aBv\">Co spowodowa\u0142o cofni\u0119cie po\u015bwiadczenia bezpiecze\u0144stwa dla Cenckiewicza?<\/li>\n<\/ul>\n<p class=\"Paragraph_desktopParagraph__U31Gm\">Dobrzy\u0144ski poinformowa\u0142, \u017ce &#8222;maj\u0105c na wzgl\u0119dzie dobre imi\u0119 S\u0142u\u017cby&#8221;, szef SKW nakaza\u0142 wszcz\u0119cie pilnego post\u0119powania wyja\u015bniaj\u0105cego.<\/p>\n<p>Sprawa lek\u00f3w S\u0142awomira Cenckiewicza <\/p>\n<p class=\"Paragraph_desktopParagraph__U31Gm\">Redakcja &#8222;Gazety Wyborczej&#8221; podkre\u015bla, \u017ce fakt leczenia psychiatrycznego nie jest powodem do wstydu, ale zatajanie go przy staraniu si\u0119 o dost\u0119p do informacji niejawnych narusza obowi\u0105zuj\u0105ce procedury.<\/p>\n<p class=\"Paragraph_desktopParagraph__U31Gm\">Z publikacji wynika, \u017ce niewpisanie do ankiety bezpiecze\u0144stwa przyjmowania tych lek\u00f3w sta\u0142o si\u0119 przyczyn\u0105 cofni\u0119cia S\u0142awomirowi Cenckiewiczowi przez S\u0142u\u017cb\u0119 Kontrwywiadu Wojskowego po\u015bwiadczenia bezpiecze\u0144stwa i dost\u0119pu do informacji niejawnych.<\/p>\n<p>S\u0142awomir Cenckiewicz zapowiada kroki prawne <\/p>\n<p class=\"Paragraph_desktopParagraph__U31Gm\">Szef BBN zareagowa\u0142 na doniesienia. We wpisie w mediach spo\u0142eczno\u015bciowych <a href=\"https:\/\/wiadomosci.onet.pl\/kraj\/slawomir-cenckiewicz-reaguje-na-tekst-o-lekach-szef-bbn-zapowiada-kroki-prawne\/mkb4xem\" id=\"2d3dcdd8-9e53-4b78-9e17-3ee294899d24\" rel=\"nofollow noopener\" target=\"_blank\">napisa\u0142, \u017ce w tek\u015bcie pojawi\u0142y si\u0119 liczne b\u0142\u0119dy i k\u0142amstwa<\/a> oraz \u017ce wykorzystane zosta\u0142y informacje wra\u017cliwe pochodz\u0105ce z niejawnych akt.<\/p>\n<p class=\"Paragraph_desktopParagraph__U31Gm\">Cenckiewicz zapowiedzia\u0142 tak\u017ce, \u017ce podejmie dzia\u0142ania prawne wobec autora artyku\u0142u i kierownictwa S\u0142u\u017cby Kontrwywiadu Wojskowego.<\/p>\n","protected":false},"excerpt":{"rendered":"Du\u017co czytania, a ma\u0142o czasu? Sprawd\u017a\u00a0skr\u00f3t\u00a0artyku\u0142u O zatajeniu pewnych informacji w ankiecie bezpiecze\u0144stwa przez S\u0142awomira Cenckiewicza informowali\u015bmy w&hellip;\n","protected":false},"author":2,"featured_media":153719,"comment_status":"","ping_status":"","sticky":false,"template":"","format":"standard","meta":{"footnotes":""},"categories":[12],"tags":[32,33,36,37,27,67,15714,34,35,28,31,53,25222,25,52,68,51,55,42,38,40,39,41,47,2739,14829,29,30,65,50,26],"class_list":{"0":"post-153718","1":"post","2":"type-post","3":"status-publish","4":"format-standard","5":"has-post-thumbnail","7":"category-polska","8":"tag-breaking-news","9":"tag-breakingnews","10":"tag-featured-news","11":"tag-featurednews","12":"tag-headlines","13":"tag-intextvideo_splayer","14":"tag-jacek_dobrzynski","15":"tag-latest-news","16":"tag-latestnews","17":"tag-naglowki","18":"tag-najwazniejsze-artykuly","19":"tag-new_header","20":"tag-new_layout_tst2","21":"tag-news","22":"tag-onet3","23":"tag-onet3d","24":"tag-onet3d_2i","25":"tag-phx","26":"tag-pl","27":"tag-poland","28":"tag-polish","29":"tag-polska","30":"tag-polski","31":"tag-screening_general","32":"tag-slawomir_cenckiewicz","33":"tag-sluzba_kontrwywiadu_wojskowego_skw","34":"tag-top-stories","35":"tag-topstories","36":"tag-update_me","37":"tag-v2021","38":"tag-wiadomosci"},"share_on_mastodon":{"url":"https:\/\/pubeurope.com\/@pl\/115728742379723910","error":""},"_links":{"self":[{"href":"https:\/\/www.europesays.com\/pl\/wp-json\/wp\/v2\/posts\/153718","targetHints":{"allow":["GET"]}}],"collection":[{"href":"https:\/\/www.europesays.com\/pl\/wp-json\/wp\/v2\/posts"}],"about":[{"href":"https:\/\/www.europesays.com\/pl\/wp-json\/wp\/v2\/types\/post"}],"author":[{"embeddable":true,"href":"https:\/\/www.europesays.com\/pl\/wp-json\/wp\/v2\/users\/2"}],"replies":[{"embeddable":true,"href":"https:\/\/www.europesays.com\/pl\/wp-json\/wp\/v2\/comments?post=153718"}],"version-history":[{"count":0,"href":"https:\/\/www.europesays.com\/pl\/wp-json\/wp\/v2\/posts\/153718\/revisions"}],"wp:featuredmedia":[{"embeddable":true,"href":"https:\/\/www.europesays.com\/pl\/wp-json\/wp\/v2\/media\/153719"}],"wp:attachment":[{"href":"https:\/\/www.europesays.com\/pl\/wp-json\/wp\/v2\/media?parent=153718"}],"wp:term":[{"taxonomy":"category","embeddable":true,"href":"https:\/\/www.europesays.com\/pl\/wp-json\/wp\/v2\/categories?post=153718"},{"taxonomy":"post_tag","embeddable":true,"href":"https:\/\/www.europesays.com\/pl\/wp-json\/wp\/v2\/tags?post=153718"}],"curies":[{"name":"wp","href":"https:\/\/api.w.org\/{rel}","templated":true}]}}