{"id":153770,"date":"2025-12-16T10:52:05","date_gmt":"2025-12-16T10:52:05","guid":{"rendered":"https:\/\/www.europesays.com\/pl\/153770\/"},"modified":"2025-12-16T10:52:05","modified_gmt":"2025-12-16T10:52:05","slug":"francja-chce-wczesniejszych-gwarancji-dla-ukrainy-przed-wszelka-dyskusja-onet-wiadomosci","status":"publish","type":"post","link":"https:\/\/www.europesays.com\/pl\/153770\/","title":{"rendered":"Francja chce wcze\u015bniejszych gwarancji dla Ukrainy. &quot;Przed wszelk\u0105 dyskusj\u0105&quot; &#8211; Onet Wiadomo\u015bci"},"content":{"rendered":"<ol>\n<li><a href=\"https:\/\/news.google.com\/rss\/articles\/CBMiswFBVV95cUxOOTdOcTVsWFkyT1BNQTE3YW1jV2dlT3Y4UzQ1STF2Z19aSThmdFgzQkRicWNuaGlyMEx4enBtUWdrYnliLUtuWFVmeXRybVVxUWcwdFNOeFIteGFHbGNpYy1GMXdwY2pTUWNqQUZBaldYNVpEMXZUNnJHMGp0NmlvOVAtbjAydjhLXzY0YWEyZDRnY1RIMzBVdWk0NWV3OXJyT3B1VVF4TFplSnlteW1PWFhtaw?oc=5\" target=\"_blank\" rel=\"nofollow noopener\">Francja chce wcze\u015bniejszych gwarancji dla Ukrainy. &#8222;Przed wszelk\u0105 dyskusj\u0105&#8221;<\/a>&nbsp;&nbsp;Onet Wiadomo\u015bci<\/li>\n<li><a href=\"https:\/\/news.google.com\/rss\/articles\/CBMivwFBVV95cUxNZWtnd0tZV0ZwM2NUNWY1eXhuaS1LdS1zVmxCdm9wMi1WaFhXTTh3d01SMVdUYXh0dU8wTGQ1UW91TVJqTWYyRW41MV9zcGxLSWE5TC15bXpab21VZjFqQ1JVR3pLRGtHa1hTSVg0a1I1OFU0OW8wcGY3ZmNXN0FhdkQ3b1NUT2I5NkZ0VUtFSVpwS0c0SHlDeVRNNy1VcnphNEplVkY5NHV4elduN290YlFreEdwRHdhRE51N3ZhZw?oc=5\" target=\"_blank\" rel=\"nofollow noopener\">Optymizm USA przedwczesny? W\u0105tpliwo\u015bci w kwestii rozm\u00f3w pokojowych, media opisuj\u0105<\/a>&nbsp;&nbsp;Wydarzenia w INTERIA.PL<\/li>\n<li><a href=\"https:\/\/news.google.com\/rss\/articles\/CBMisgFBVV95cUxONVg1ZVlvU1JiR1Q0WC1ZaC1qdC01elZuTHJxcjkxNEYyaWd5NUxEeUUyMmhRU01Cd2Q0T3JfWm44eC0xbkRXaXFDWE5EMHhmajNMcExDMmhQaHNhR1psMjB4Qldiel9yaDZxblZvNy1Jc2lhRVh0UkJHV09VVU5aRzZtSzVBUHhWYmVmbElMSThOdTM5ci15dFVtNTZGM1ZlOElLNkFfNnhzdnAxdnVpdnh3?oc=5\" target=\"_blank\" rel=\"nofollow noopener\">Ekspert zdradza klucz do pokoju w Ukrainie. &#8222;Moskwa poczuje prawdziwy b\u00f3l&#8221;<\/a>&nbsp;&nbsp;Onet Wiadomo\u015bci<\/li>\n<li><a href=\"https:\/\/news.google.com\/rss\/articles\/CBMirAFBVV95cUxPWDd1MHpKeGN3amJGYXNLdEplZnN0TkFGcENTemJtQmVZUk5oR0xPM0lqbHBsVFJtcFFWd3Jta3BsT3pXUWQwTXJ2bU82WmdlNmVOWWh0MllPUHFPMnZfc2dFemRLWTUycG9Kd2ZxYmpaSFJxS0NnQXFYNmxOSXN3WUVyVVpkYkdTR2h6bnBqMU8xbElBcXJDb1A3RmRNMkNQVkNLQTREcHFfWXVq?oc=5\" target=\"_blank\" rel=\"nofollow noopener\">Negocjacje w sprawie Ukrainy. Trump \u0142\u0105czy si\u0119 z Berlinem i wieszczy post\u0119p<\/a>&nbsp;&nbsp;Wyborcza.pl<\/li>\n<li><a href=\"https:\/\/news.google.com\/rss\/articles\/CBMiggFBVV95cUxPbmFVZlhqaFdaU1BYWmdBb0xUdU5kZE1XM0Q4R2prdV9JS0lMX0Y3UEJoRVlzZTQxbGxfZFNyYmdGM2Y1QUdJTzRUOXpkeG5IN05nemg4VkNkOFNXSVhpbEc3VWUyVG5YaUFtVUZDam1fdHh3Q2pZb214NEFoU0xvX1V3?oc=5\" target=\"_blank\" rel=\"nofollow noopener\">Tusk wraca ze szczytu. Zabra\u0142 g\u0142os<\/a>&nbsp;&nbsp;WP Wiadomo\u015bci<\/li>\n<\/ol>\n","protected":false},"excerpt":{"rendered":"Francja chce wcze\u015bniejszych gwarancji dla Ukrainy. &#8222;Przed wszelk\u0105 dyskusj\u0105&#8221;&nbsp;&nbsp;Onet Wiadomo\u015bci Optymizm USA przedwczesny? W\u0105tpliwo\u015bci w kwestii rozm\u00f3w pokojowych,&hellip;\n","protected":false},"author":2,"featured_media":153771,"comment_status":"","ping_status":"","sticky":false,"template":"","format":"standard","meta":{"footnotes":""},"categories":[14],"tags":[32,33,340,96,27,76,34,35,28,31,48,25,46,40,41,87,47,80,29,30,415,71,70,26,82,83,84],"class_list":{"0":"post-153770","1":"post","2":"type-post","3":"status-publish","4":"format-standard","5":"has-post-thumbnail","7":"category-swiat","8":"tag-breaking-news","9":"tag-breakingnews","10":"tag-emmanuel_macron","11":"tag-francja","12":"tag-headlines","13":"tag-inwazja_rosji_na_ukraine","14":"tag-latest-news","15":"tag-latestnews","16":"tag-naglowki","17":"tag-najwazniejsze-artykuly","18":"tag-nat_styl","19":"tag-news","20":"tag-omp","21":"tag-polish","22":"tag-polski","23":"tag-rosja","24":"tag-screening_general","25":"tag-swiat","26":"tag-top-stories","27":"tag-topstories","28":"tag-ukraina","29":"tag-usa","30":"tag-w_skrocie","31":"tag-wiadomosci","32":"tag-world","33":"tag-world-news","34":"tag-worldnews"},"share_on_mastodon":{"url":"","error":""},"_links":{"self":[{"href":"https:\/\/www.europesays.com\/pl\/wp-json\/wp\/v2\/posts\/153770","targetHints":{"allow":["GET"]}}],"collection":[{"href":"https:\/\/www.europesays.com\/pl\/wp-json\/wp\/v2\/posts"}],"about":[{"href":"https:\/\/www.europesays.com\/pl\/wp-json\/wp\/v2\/types\/post"}],"author":[{"embeddable":true,"href":"https:\/\/www.europesays.com\/pl\/wp-json\/wp\/v2\/users\/2"}],"replies":[{"embeddable":true,"href":"https:\/\/www.europesays.com\/pl\/wp-json\/wp\/v2\/comments?post=153770"}],"version-history":[{"count":0,"href":"https:\/\/www.europesays.com\/pl\/wp-json\/wp\/v2\/posts\/153770\/revisions"}],"wp:featuredmedia":[{"embeddable":true,"href":"https:\/\/www.europesays.com\/pl\/wp-json\/wp\/v2\/media\/153771"}],"wp:attachment":[{"href":"https:\/\/www.europesays.com\/pl\/wp-json\/wp\/v2\/media?parent=153770"}],"wp:term":[{"taxonomy":"category","embeddable":true,"href":"https:\/\/www.europesays.com\/pl\/wp-json\/wp\/v2\/categories?post=153770"},{"taxonomy":"post_tag","embeddable":true,"href":"https:\/\/www.europesays.com\/pl\/wp-json\/wp\/v2\/tags?post=153770"}],"curies":[{"name":"wp","href":"https:\/\/api.w.org\/{rel}","templated":true}]}}