{"id":153774,"date":"2025-12-16T10:54:10","date_gmt":"2025-12-16T10:54:10","guid":{"rendered":"https:\/\/www.europesays.com\/pl\/153774\/"},"modified":"2025-12-16T10:54:10","modified_gmt":"2025-12-16T10:54:10","slug":"barcelona-oglasza-pilne-wiesci-w-sprawie-wojciecha-szczesnego-przeglad-sportowy-onet","status":"publish","type":"post","link":"https:\/\/www.europesays.com\/pl\/153774\/","title":{"rendered":"Barcelona og\u0142asza! Pilne wie\u015bci w sprawie Wojciecha Szcz\u0119snego &#8211; Przegl\u0105d Sportowy Onet"},"content":{"rendered":"<ol>\n<li><a href=\"https:\/\/news.google.com\/rss\/articles\/CBMivgFBVV95cUxQR0lYd1dOOGZzNE1lZDYxRzFfTWtYY3V0TkVoeDU0aGRrbzlUZzdxejRJbTgtcHdDLTFyeGRXSnNucmpTbXZmQ1FzU2VSalYwTlRkbDE3c1lXYmF2WWRrYWJOVzhmTjBRVHdNQ2lsQjFCSHRVVEJoLVNxbzd5Rng5UzRpMlZMOGVfTVRtbDhaTElVc3JCZ0RjdFNjRUw5eGx6TUhYOGt1UG9OMHppaGhBVzBJU2hZd2VBZmJHVUN3?oc=5\" target=\"_blank\" rel=\"nofollow noopener\">Barcelona og\u0142asza! Pilne wie\u015bci w sprawie Wojciecha Szcz\u0119snego<\/a>&nbsp;&nbsp;Przegl\u0105d Sportowy Onet<\/li>\n<li><a href=\"https:\/\/news.google.com\/rss\/articles\/CBMirwFBVV95cUxPekRHdlZTWGZNYUY3THZTZW5nbDctV0pSM2JBR1BEUDFfemNnb2V1aDZUZjhYcWxfbnRLdDV4Ry1ybnY5NXZtbWREdHBCVDJFVkRDa3pRRGp4a0RFemRTdGJHM2R2ZVozbGttMkFuSGVtNkRKdW1oYlc0VElJR1JNOGtfXzJ2amp1UmxvZFE2SjJwaF9iYm95ckdCYnNqRzBPM1ljdGdJbUlGODdVa0tv?oc=5\" target=\"_blank\" rel=\"nofollow noopener\">Lewandowski na \u0142awce. A Szcz\u0119sny? Hiszpanie nie maj\u0105 w\u0105tpliwo\u015bci<\/a>&nbsp;&nbsp;SportoweFakty<\/li>\n<li><a href=\"https:\/\/news.google.com\/rss\/articles\/CBMisAFBVV95cUxQaE9PS2g1cFMxNWZia3d1WUxGdlpBT0c3WnpfNFJvaUg1LU05dnJXMlVkWnE4VHdsaF8wX3pJODZJNWhrTnFlLVZXU1pzNGtCak5FNmxJQWJvQWFRWnY1cFNPNzBiazdVTmlxbUROZHE1dUpLekV6eVRCSTh4UkdxTnFhdV9SamVWajhGZk12ZUs3b09lVkFweldkUDUxR29zSkgyanRrektJcjF1b1FSbw?oc=5\" target=\"_blank\" rel=\"nofollow noopener\">Hiszpanie od rana tr\u0105bi\u0105 o Szcz\u0119snym! Pisz\u0105 o kluczowej decyzji<\/a>&nbsp;&nbsp;Sport.pl<\/li>\n<li><a href=\"https:\/\/news.google.com\/rss\/articles\/CBMixgFBVV95cUxOZ0FITXNmRmZOWWIzNUtZS3Jqc0VETHhWM1VpUjVqWDhkdEpsaHlqRlBwd0hVV1VlRmx2ZTg1SWVPdlkwTk5ISXRfOG0taDY5d3k4YVd0MUJxM3BfekZXaFUtbkZNeFhQMnZld050Nk9vNzY2dGZMblBXS0RNUWZJWE1UMjZrU3R2Si05YzJvaEhMTUcxc2hGcDFpelRiZk9lemZvWV9yV0Y4a2tyNG9sZmpHb0xqSUxIMUF4NXN5Q09ZTUFHYUHSAcsBQVVfeXFMUGRINGlEM291WXpvV2RuUHFhQjk4WDFTNy1ORm4xUnVFTnZ1emNqWDF5cllhQ0NDWVI3N3hNTXgtSjU5bXNXMWozNUdYUXE2dUFLa1hBZWl3VHMyTUtodmpzRVU1QXJsUEVCUExtT3ljVDJ3bmdRS2ZHMVJFaVNfT0d1cFNMSmFvLThSelphTW5LM1lMSFZnTndTQ294em5NTGFsN1RURmtaZVVHcDFvSDU3NU51b2ZGYTdSeFY2cUZ5emVWOEotRW1hXzA?oc=5\" target=\"_blank\" rel=\"nofollow noopener\">Puchar Kr\u00f3la. Wyst\u0119p Wojciecha Szcz\u0119snego pod znakiem zapytania. Hiszpanie prezentuj\u0105 r\u00f3\u017cne mo\u017cliwo\u015bci<\/a>&nbsp;&nbsp;sport.tvp.pl<\/li>\n<li><a href=\"https:\/\/news.google.com\/rss\/articles\/CBMiwAFBVV95cUxQVzV6U3BNLXpEWVVGVWRfT0RsSmxGd0prOHFRb25CREFxVlA4TmRfMEFSZ1cwNGJYRk56WlA5SlI3bVdLYUhpWmNJRUNLQk5IcFNiLUFLU0xXbDRRQXVfdzRCTTBUQUNxdWVlU3NvLTNMcGZ1VWpta214ZUVNaG8yRnZoQmVKWVEwRVBBUEZGNVF4WjM0Yk1vOURvOW9jMnZDMFdZbTdQMnJXQUhxSWpUVXJzMUVrcE1hWjNuc09NTUo?oc=5\" target=\"_blank\" rel=\"nofollow noopener\">Godziny do meczu Barcelony, a teraz takie doniesienia. Pilny komunikat ws. Szcz\u0119snego<\/a>&nbsp;&nbsp;Sport w INTERIA.PL<\/li>\n<\/ol>\n","protected":false},"excerpt":{"rendered":"Barcelona og\u0142asza! Pilne wie\u015bci w sprawie Wojciecha Szcz\u0119snego&nbsp;&nbsp;Przegl\u0105d Sportowy Onet Lewandowski na \u0142awce. A Szcz\u0119sny? Hiszpanie nie maj\u0105&hellip;\n","protected":false},"author":2,"featured_media":153775,"comment_status":"","ping_status":"","sticky":false,"template":"","format":"standard","meta":{"footnotes":""},"categories":[5],"tags":[32,33,303,36,37,301,27,67,2051,34,35,29806,28,31,25,42,38,40,39,41,136,128,30517,47,135,29,30,26,130,1789],"class_list":{"0":"post-153774","1":"post","2":"type-post","3":"status-publish","4":"format-standard","5":"has-post-thumbnail","7":"category-naglowki","8":"tag-breaking-news","9":"tag-breakingnews","10":"tag-fc_barcelona","11":"tag-featured-news","12":"tag-featurednews","13":"tag-hansi_flick","14":"tag-headlines","15":"tag-intextvideo_splayer","16":"tag-laliga","17":"tag-latest-news","18":"tag-latestnews","19":"tag-marc_andre_ter_stegen","20":"tag-naglowki","21":"tag-najwazniejsze-artykuly","22":"tag-news","23":"tag-pl","24":"tag-poland","25":"tag-polish","26":"tag-polska","27":"tag-polski","28":"tag-ps_detal_new","29":"tag-psv2","30":"tag-puchar_krola","31":"tag-screening_general","32":"tag-sport_sport","33":"tag-top-stories","34":"tag-topstories","35":"tag-wiadomosci","36":"tag-wiadomosci_sportowe","37":"tag-wojciech_szczesny"},"share_on_mastodon":{"url":"https:\/\/pubeurope.com\/@pl\/115728879937924454","error":""},"_links":{"self":[{"href":"https:\/\/www.europesays.com\/pl\/wp-json\/wp\/v2\/posts\/153774","targetHints":{"allow":["GET"]}}],"collection":[{"href":"https:\/\/www.europesays.com\/pl\/wp-json\/wp\/v2\/posts"}],"about":[{"href":"https:\/\/www.europesays.com\/pl\/wp-json\/wp\/v2\/types\/post"}],"author":[{"embeddable":true,"href":"https:\/\/www.europesays.com\/pl\/wp-json\/wp\/v2\/users\/2"}],"replies":[{"embeddable":true,"href":"https:\/\/www.europesays.com\/pl\/wp-json\/wp\/v2\/comments?post=153774"}],"version-history":[{"count":0,"href":"https:\/\/www.europesays.com\/pl\/wp-json\/wp\/v2\/posts\/153774\/revisions"}],"wp:featuredmedia":[{"embeddable":true,"href":"https:\/\/www.europesays.com\/pl\/wp-json\/wp\/v2\/media\/153775"}],"wp:attachment":[{"href":"https:\/\/www.europesays.com\/pl\/wp-json\/wp\/v2\/media?parent=153774"}],"wp:term":[{"taxonomy":"category","embeddable":true,"href":"https:\/\/www.europesays.com\/pl\/wp-json\/wp\/v2\/categories?post=153774"},{"taxonomy":"post_tag","embeddable":true,"href":"https:\/\/www.europesays.com\/pl\/wp-json\/wp\/v2\/tags?post=153774"}],"curies":[{"name":"wp","href":"https:\/\/api.w.org\/{rel}","templated":true}]}}