{"id":153800,"date":"2025-12-16T11:07:10","date_gmt":"2025-12-16T11:07:10","guid":{"rendered":"https:\/\/www.europesays.com\/pl\/153800\/"},"modified":"2025-12-16T11:07:10","modified_gmt":"2025-12-16T11:07:10","slug":"student-planowal-zamach-na-jarmarku-swiatecznym-nowe-informacje-sluzb","status":"publish","type":"post","link":"https:\/\/www.europesays.com\/pl\/153800\/","title":{"rendered":"Student planowa\u0142 zamach na jarmarku \u015bwi\u0105tecznym. Nowe informacje s\u0142u\u017cb"},"content":{"rendered":"<p class=\"ods-c-paragraph \">\u015aledztwo w tej sprawie prowadzi Agencja Bezpiecze\u0144stwa Wewn\u0119trznego delegatura w Szczecinie pod nadzorem Prokuratury Krajowej. \u2014 To kolejny przypadek, gdy funkcjonariusze ABW wykryli pr\u00f3b\u0119 du\u017cego zamachu, zanim do niego nast\u0105pi\u0142o. Wcze\u015bniej zatrzymano kilku m\u0142odych mieszka\u0144c\u00f3w Olsztyna, kt\u00f3rzy przygotowywali si\u0119, aby na\u015bladowa\u0107 najwi\u0119kszych masowych zab\u00f3jc\u00f3w na \u015bwiecie. Teraz mamy kolejny przyk\u0142ad przygotowywania zamachu przed \u015bwi\u0119tami Bo\u017cego Narodzenia \u2014 doda\u0142 rzecznik.<\/p>\n<p>Dalszy ci\u0105g artyku\u0142u pod materia\u0142em wideo<\/p>\n<p> Kto zosta\u0142 zatrzymany przez ABW? <\/p>\n<p> Jakie by\u0142o zamiary studenta? <\/p>\n<p> Gdzie zatrzymano podejrzanego? <\/p>\n<p> Jak d\u0142ugo m\u0119\u017cczyzna b\u0119dzie w areszcie? <\/p>\n<p class=\"ods-c-paragraph \">Jacek Dobrzy\u0144ski przekaza\u0142 tak\u017ce, \u017ce sprawa p\u00f3ki co nie ma &#8222;\u017cadnych rosyjskich \u015blad\u00f3w, tylko islamskie, kt\u00f3re \u015bwiadcz\u0105 o umi\u0142owaniu studenta Katolickiego Uniwersytetu Lubelskiego do terroryzmu&#8221;. \u2014 M\u0119\u017cczyzna zosta\u0142 zatrzymany pod koniec listopada w Lublinie, gdzie przebywa\u0142. Przez ten okres \u015bledztwo jest ca\u0142y czas prowadzone. Sprawdzane s\u0105 w\u0105tki i powi\u0105zania tego studenta. Decyzj\u0105 s\u0105du m\u0119\u017cczyzna najbli\u017csze trzy miesi\u0105ce sp\u0119dzi w areszcie \u2014 wskaza\u0142.<\/p>\n<p>   Apel Jacka Dobrzy\u0144skiego. &#8222;To jest pierwszy sygna\u0142&#8221;<\/p>\n<p class=\"ods-c-paragraph \">\u2014 Nie chcemy wskazywa\u0107 konkretnego miasta, poniewa\u017c podobne zagro\u017cenie mo\u017ce nast\u0105pi\u0107 w ka\u017cdym polskim i europejskim mie\u015bcie. Bardzo wa\u017cna jest czujno\u015b\u0107 obywatelska, ale przede wszystkim dzia\u0142anie s\u0142u\u017cb. Funkcjonariusze po raz kolejny zapobiegli tragedii. Ich dzia\u0142ania ujawni\u0142y te przygotowania \u2014 m\u00f3wi\u0142 rzecznik koordynatora s\u0142u\u017cb specjalnych, dodaj\u0105c, \u017ce podejrzany jest Polakiem, a jego rodzina jest bardzo katolicka.<\/p>\n<p class=\"ods-c-paragraph \">Jacek Dobrzy\u0144ski zwr\u00f3ci\u0142 si\u0119 r\u00f3wnie\u017c z apelem do rodzic\u00f3w. \u2014 Prosz\u0119 pa\u0144stwa, je\u015bli widzicie, \u017ce wasze dzieci interesuj\u0105 si\u0119 islamem, komunizmem, faszyzmem i zbieraj\u0105 r\u00f3\u017cnego rodzaju informacje i gad\u017cety na ten temat, to jest pierwszy sygna\u0142. Zaopiekujcie si\u0119 w\u0142asnymi dzie\u0107mi, bo potem mo\u017ce by\u0107 ju\u017c tylko gorzej \u2014 skwitowa\u0142.<\/p>\n","protected":false},"excerpt":{"rendered":"\u015aledztwo w tej sprawie prowadzi Agencja Bezpiecze\u0144stwa Wewn\u0119trznego delegatura w Szczecinie pod nadzorem Prokuratury Krajowej. \u2014 To kolejny&hellip;\n","protected":false},"author":2,"featured_media":97591,"comment_status":"","ping_status":"","sticky":false,"template":"","format":"standard","meta":{"footnotes":""},"categories":[12],"tags":[32,33,36,37,27,28691,15714,25202,49,34,35,1891,28,31,48,25,46,42,38,40,39,41,1627,47,29,30,26],"class_list":{"0":"post-153800","1":"post","2":"type-post","3":"status-publish","4":"format-standard","5":"has-post-thumbnail","7":"category-polska","8":"tag-breaking-news","9":"tag-breakingnews","10":"tag-featured-news","11":"tag-featurednews","12":"tag-headlines","13":"tag-isis_panstwo_islamskie","14":"tag-jacek_dobrzynski","15":"tag-jarmark_swiateczny","16":"tag-kraj","17":"tag-latest-news","18":"tag-latestnews","19":"tag-mswia","20":"tag-naglowki","21":"tag-najwazniejsze-artykuly","22":"tag-nat_styl","23":"tag-news","24":"tag-omp","25":"tag-pl","26":"tag-poland","27":"tag-polish","28":"tag-polska","29":"tag-polski","30":"tag-prokuratura","31":"tag-screening_general","32":"tag-top-stories","33":"tag-topstories","34":"tag-wiadomosci"},"share_on_mastodon":{"url":"https:\/\/pubeurope.com\/@pl\/115728931343587440","error":""},"_links":{"self":[{"href":"https:\/\/www.europesays.com\/pl\/wp-json\/wp\/v2\/posts\/153800","targetHints":{"allow":["GET"]}}],"collection":[{"href":"https:\/\/www.europesays.com\/pl\/wp-json\/wp\/v2\/posts"}],"about":[{"href":"https:\/\/www.europesays.com\/pl\/wp-json\/wp\/v2\/types\/post"}],"author":[{"embeddable":true,"href":"https:\/\/www.europesays.com\/pl\/wp-json\/wp\/v2\/users\/2"}],"replies":[{"embeddable":true,"href":"https:\/\/www.europesays.com\/pl\/wp-json\/wp\/v2\/comments?post=153800"}],"version-history":[{"count":0,"href":"https:\/\/www.europesays.com\/pl\/wp-json\/wp\/v2\/posts\/153800\/revisions"}],"wp:featuredmedia":[{"embeddable":true,"href":"https:\/\/www.europesays.com\/pl\/wp-json\/wp\/v2\/media\/97591"}],"wp:attachment":[{"href":"https:\/\/www.europesays.com\/pl\/wp-json\/wp\/v2\/media?parent=153800"}],"wp:term":[{"taxonomy":"category","embeddable":true,"href":"https:\/\/www.europesays.com\/pl\/wp-json\/wp\/v2\/categories?post=153800"},{"taxonomy":"post_tag","embeddable":true,"href":"https:\/\/www.europesays.com\/pl\/wp-json\/wp\/v2\/tags?post=153800"}],"curies":[{"name":"wp","href":"https:\/\/api.w.org\/{rel}","templated":true}]}}