{"id":153816,"date":"2025-12-16T11:16:15","date_gmt":"2025-12-16T11:16:15","guid":{"rendered":"https:\/\/www.europesays.com\/pl\/153816\/"},"modified":"2025-12-16T11:16:15","modified_gmt":"2025-12-16T11:16:15","slug":"cd-guadalajara-fc-barcelona-na-zywo-relacja-w-tvp-kiedy-i-o-ktorej-mecz-zespolu-szczesnego-i-lewandowskiego-w-pucharze-krola-sport-tvp-pl","status":"publish","type":"post","link":"https:\/\/www.europesays.com\/pl\/153816\/","title":{"rendered":"CD Guadalajara \u2013 FC Barcelona na \u017cywo relacja w TVP. Kiedy i o kt\u00f3rej mecz zespo\u0142u Szcz\u0119snego i Lewandowskiego w Pucharze Kr\u00f3la? &#8211; sport.tvp.pl"},"content":{"rendered":"<ol>\n<li><a href=\"https:\/\/news.google.com\/rss\/articles\/CBMi6wFBVV95cUxOVzJjbjItY0NpQW1vWV9QY2dmWTVoVmJ2eDBwWHU4Rngxdjl0Qm1iWV9GUnEybVEyV1g0NzNRN0ROWTJLblgtYk5GQkVWdTM2b2FlYlRnWmxTdzlxdU55WGdTQXgtdXhBUjRUUDl1Wmw3SEFXZWxvUElkRUpBV1VPQjZYdUYtVWdfX09pLVF5SllYVnBvQjBtTE5Cb3M1MTd3M21JV2U1YlBJWk9mVHF6cnVreGFPLUZUTHpDeU9rV2lrRzB5eHlXX0Q3aDZMbFRXV3hSS3NYdWJQT3lHOS1keTI0c3paMnRUYkNJ0gHwAUFVX3lxTE5rN1laRkZ5akJUMmlZYTJCRjNNdFZ5UHBCeEhCSmhQWVZFU0RXS3Q2aGtPN2MyMndiaG1OUzIwckd3WVVxeGliQXpEdkZiRFJSWkk4VVdTcjlGZEVsamdiTXdpTy1kRjVDWm9YUTBtMm04SU5mQjdMcmRsTW5INzdRUWdvZXNPOHNKTlJPRTZEdXhJYTZlUmpWM1FMTVlVeVBMOVFmbzhWT1NoVG9GNlJtaXJLaGRzR3l1aDk1RklpanZoZGxmZlVaSEowak9maGl6ZXktUXVITkpiS1N5NEVTZjltYk5oZVJoaE1HVGdLSw?oc=5\" target=\"_blank\" rel=\"nofollow noopener\">CD Guadalajara \u2013 FC Barcelona na \u017cywo relacja w TVP. Kiedy i o kt\u00f3rej mecz zespo\u0142u Szcz\u0119snego i Lewandowskiego w Pucharze Kr\u00f3la?<\/a>&nbsp;&nbsp;sport.tvp.pl<\/li>\n<li><a href=\"https:\/\/news.google.com\/rss\/articles\/CBMivAFBVV95cUxNTXpLTFJKMC12MHZMUXN3VFMxTXpwdE1YdVhjWjVjR3BkTm5vSDVXNFJ3eGJzeTRZTmVpbThXYk1XWlY1WmxFVHdOc1o1NkJiRlg3VFJ5cldveElOTlJFWVp3YnNLeXFVcnhLY3FVOV9DOFVsVE93eEplR19HMG5DMEhob0tYQjFOOW9NaUlKelBQY3J6VE56Tjc3eUh6NTQzYTFEaHZMUDJRMWVsQzJKN0JRWHVDN25RdU1GOQ?oc=5\" target=\"_blank\" rel=\"nofollow noopener\">Oficjalnie: To ta stacja poka\u017ce mecze Barcelony! Wyja\u015bni\u0142o si\u0119<\/a>&nbsp;&nbsp;Przegl\u0105d Sportowy Onet<\/li>\n<li><a href=\"https:\/\/news.google.com\/rss\/articles\/CBMivAJBVV95cUxQaEhxcWQwYmk3c2dweldFS1Y0ZEFkdDQxc095eW4wZU1EdWhkdXhOMVhGSFFmQlBUVGF3b1Z1ZnJwRjhZOHJzeHFTSmhMbFhqV1BHdDllZFBRSW04OS02bmhjZk9FOTF6a0x3dGloMmE3LVdfTkc3NnhvVTh0aldtVEFzUWpvWHFOTmM1dkNmdzVpSFNqUkhNR2dnMVR5Y3pKejFIUk5YUWJ5TWs5LXhfZmg3QWZwT2I5RlJEMDdiTzlMNkc5b0tPaU9CNGYzdHhveHZUaXNENktnbHQxNDZYdTVuME9tX0EwbHB5WmFpYUxfbzhkaUdCTFctME5ob3p5WFZ2S3Jqc3pReWtDVkVDSk1BU01TU3R2aV9hd0tMNHpfNEN1YnZSajJubXFqUm9zc3RZTTlVT1YwTm5l?oc=5\" target=\"_blank\" rel=\"nofollow noopener\">W takim sk\u0142adzie FC Barcelona mo\u017ce zagra\u0107 we wtorkowy wiecz\u00f3r<\/a>&nbsp;&nbsp;Eurosport Polska<\/li>\n<li><a href=\"https:\/\/news.google.com\/rss\/articles\/CBMirwFBVV95cUxPMzhNbHkzLXpaZ3pKWkVTSlRaMlVGQThKdlY0RGZYQ2ZST01ZbkJ3N21XUU1EVmVuakxfXzluMVp5S0w0VmphQU01RjFLbEFfdEJyeEQwYXBEcGxUV3VRS1E3Y3FfejdIVG5IUTRlaDczLTNpdGRleldka0hNLUdqR0xZc2RIZzllS19NaHd3QnZFakJscTVzQVpjRWZxNzNvQlFpeHkzb2Y2Wm1PV2JN?oc=5\" target=\"_blank\" rel=\"nofollow noopener\">Tylko w WP. Wszystko ju\u017c jasne. Ta stacja b\u0119dzie pokazywa\u0107 Puchar Hiszpanii<\/a>&nbsp;&nbsp;SportoweFakty<\/li>\n<li><a href=\"https:\/\/news.google.com\/rss\/articles\/CBMi5AFBVV95cUxQMUFsVW1mN3FnU3c1Mm1nS1hITElYdkxwb2g5NFdsYjRNMUhvNkdqc09hb2ZlU2xEUGVCd3N1cXpaZVZ0YUZYdk1CWFBUOHNza1FTWVdCV0xBR05BdEVEQ194QTF6NFpaZ19OZWt6b0J3ME5nam9wZHdEMEs3aHVpTDN2UW0xT3ZNSkl5UkQzejhIbFkxODVRdno4TGNjOTFvZWwtN1lzbDlIVzl6eGR1bG43LThYaHpVUVhWNkI0Vk1CX2NFR2hwcGRXM3I4bmFpc0pySGhRZGFLdkRJcjM4Y21YUzI?oc=5\" target=\"_blank\" rel=\"nofollow noopener\">TVP traci prawa pi\u0142karskie. To oni poka\u017c\u0105 Lewandowskiego<\/a>&nbsp;&nbsp;wirtualnemedia.pl<\/li>\n<\/ol>\n","protected":false},"excerpt":{"rendered":"CD Guadalajara \u2013 FC Barcelona na \u017cywo relacja w TVP. Kiedy i o kt\u00f3rej mecz zespo\u0142u Szcz\u0119snego i&hellip;\n","protected":false},"author":2,"featured_media":153817,"comment_status":"","ping_status":"","sticky":false,"template":"","format":"standard","meta":{"footnotes":""},"categories":[24],"tags":[30815,272,42,38,40,39,41,30677,273,127,334,126,1876],"class_list":{"0":"post-153816","1":"post","2":"type-post","3":"status-publish","4":"format-standard","5":"has-post-thumbnail","7":"category-sport","8":"tag-cd-guadalajara","9":"tag-fc-barcelona","10":"tag-pl","11":"tag-poland","12":"tag-polish","13":"tag-polska","14":"tag-polski","15":"tag-puchar-krla","16":"tag-robert-lewandowski","17":"tag-sport","18":"tag-sport-tvp-pl","19":"tag-sports","20":"tag-wojciech-szczesny"},"share_on_mastodon":{"url":"https:\/\/pubeurope.com\/@pl\/115728966679376653","error":""},"_links":{"self":[{"href":"https:\/\/www.europesays.com\/pl\/wp-json\/wp\/v2\/posts\/153816","targetHints":{"allow":["GET"]}}],"collection":[{"href":"https:\/\/www.europesays.com\/pl\/wp-json\/wp\/v2\/posts"}],"about":[{"href":"https:\/\/www.europesays.com\/pl\/wp-json\/wp\/v2\/types\/post"}],"author":[{"embeddable":true,"href":"https:\/\/www.europesays.com\/pl\/wp-json\/wp\/v2\/users\/2"}],"replies":[{"embeddable":true,"href":"https:\/\/www.europesays.com\/pl\/wp-json\/wp\/v2\/comments?post=153816"}],"version-history":[{"count":0,"href":"https:\/\/www.europesays.com\/pl\/wp-json\/wp\/v2\/posts\/153816\/revisions"}],"wp:featuredmedia":[{"embeddable":true,"href":"https:\/\/www.europesays.com\/pl\/wp-json\/wp\/v2\/media\/153817"}],"wp:attachment":[{"href":"https:\/\/www.europesays.com\/pl\/wp-json\/wp\/v2\/media?parent=153816"}],"wp:term":[{"taxonomy":"category","embeddable":true,"href":"https:\/\/www.europesays.com\/pl\/wp-json\/wp\/v2\/categories?post=153816"},{"taxonomy":"post_tag","embeddable":true,"href":"https:\/\/www.europesays.com\/pl\/wp-json\/wp\/v2\/tags?post=153816"}],"curies":[{"name":"wp","href":"https:\/\/api.w.org\/{rel}","templated":true}]}}