{"id":153826,"date":"2025-12-16T11:24:18","date_gmt":"2025-12-16T11:24:18","guid":{"rendered":"https:\/\/www.europesays.com\/pl\/153826\/"},"modified":"2025-12-16T11:24:18","modified_gmt":"2025-12-16T11:24:18","slug":"paszport-zbigniewa-ziobry-uniewazniony-jest-decyzja-2","status":"publish","type":"post","link":"https:\/\/www.europesays.com\/pl\/153826\/","title":{"rendered":"Paszport Zbigniewa Ziobry uniewa\u017cniony. Jest decyzja"},"content":{"rendered":"<p class=\"ods-c-paragraph \">&#8222;Paszport Zbigniewa Z. zosta\u0142 uniewa\u017cniony decyzj\u0105 wojewody mazowieckiego Mariusza Frankowskiego na wniosek Prokuratury Krajowej. Nikt nie ucieknie przed odpowiedzialno\u015bci\u0105&#8221; \u2014 napisa\u0142 w platformie X minister spraw wewn\u0119trznych i administracji Marcin Kierwi\u0144ski.<\/p>\n<p> Co zdecydowa\u0142 wojewoda mazowiecki w sprawie paszportu Zbigniewa Ziobry? <\/p>\n<p> Dlaczego uniewa\u017cniono paszport Zbigniewa Ziobry? <\/p>\n<p> Jakie konsekwencje ma uniewa\u017cnienie paszportu dla Zbigniewa Ziobry? <\/p>\n<p> Kiedy odb\u0119dzie si\u0119 posiedzenie s\u0105du w sprawie ewentualnego aresztu Ziobry? <\/p>\n<p class=\"ods-c-paragraph \">Kilka minut wcze\u015bniej o swojej decyzji poinformowa\u0142 wojewoda mazowiecki Mariusz Frankowski. &#8222;Na podstawie przepis\u00f3w Kodeksu post\u0119powania administracyjnego oraz ustawy o dokumentach paszportowych podj\u0105\u0142em decyzj\u0119 o uniewa\u017cnieniu paszportu by\u0142ego ministra sprawiedliwo\u015bci Zbigniewa Ziobro. Decyzj\u0119 poprzedzi\u0142o przeprowadzenie post\u0119powania administracyjnego wszcz\u0119tego na podstawie wniosku Prokuratury Krajowej. Dokument paszportowy zosta\u0142 uniewa\u017cniony w rejestrze dokument\u00f3w paszportowych&#8221; \u2014 przekaza\u0142.<\/p>\n<p class=\"ods-c-paragraph \">Uniewa\u017cnienie paszportu uniemo\u017cliwia podr\u00f3\u017cowanie politykowi jedynie poza Stref\u0105 Schengen. Oznacza to, \u017ce nadal mo\u017ce swobodnie przemieszcza\u0107 si\u0119 po 29 krajach w Europie.<\/p>\n<p>Paszport Zbigniewa Ziobry uniewa\u017cniony. Jest decyzja<\/p>\n<p class=\"ods-c-paragraph \"><a href=\"https:\/\/wiadomosci.onet.pl\/warszawa\/co-z-paszportem-zbigniewa-ziobry-mamy-odpowiedz-wojewody\/f4lcl57\" id=\"c74f74e6-78d5-4956-97e3-5d1f59466b5a\" rel=\"nofollow noopener\" target=\"_blank\">O sprawie paszportu Zbigniewa Ziobry informowali\u015bmy w Onecie w poniedzia\u0142ek.<\/a> Prokuratura od d\u0142u\u017cszego czasu stara\u0142a si\u0119 uniewa\u017cni\u0107 dokument. Zwi\u0105zane jest to z tym, \u017ce by\u0142y minister sprawiedliwo\u015bci wyjecha\u0142 za granic\u0119 i nie stawia si\u0119 na wezwania. \u015aledczy zamierzaj\u0105 mu przedstawi\u0107 26 zarzut\u00f3w zwi\u0105zanych z niew\u0142a\u015bciwym wydatkowaniem pieni\u0119dzy z Funduszu Sprawiedliwo\u015bci, w tym zarzut kierowania zorganizowan\u0105 grup\u0105 przest\u0119pcz\u0105.<\/p>\n<p class=\"ods-c-paragraph \">Dlaczego trwa\u0142o to tyle czasu? \u2014 Urz\u0105d wojew\u00f3dzki zapewni\u0142 stronie czynny udzia\u0142 w post\u0119powaniu, umo\u017cliwiaj\u0105c wgl\u0105d w akta sprawy, celem odniesienia si\u0119 \u2014 odpowiedzia\u0142y na pytania Onetu s\u0142u\u017cby wojewody mazowieckiego.<\/p>\n<p class=\"ods-c-paragraph \">Nast\u0119pnie informacja zostanie wprowadzona do Rejestru Dokument\u00f3w Paszportowych. \u2014 Zgodnie z obowi\u0105zuj\u0105cymi przepisami informacje z tego Rejestru przekazywane s\u0105 automatycznie do bazy danych Interpolu i Systemu Informacyjnego Schengen. Decyzja o uniewa\u017cnieniu paszportu dor\u0119czana jest stronie zgodnie z przepisami Kodeksu post\u0119powania administracyjnego \u2014 przekaza\u0142y s\u0142u\u017cby wojewody.<\/p>\n<p>Za tydzie\u0144 s\u0105d zdecyduje o ewentualnym areszcie Ziobry<\/p>\n<p class=\"ods-c-paragraph \"><a href=\"https:\/\/wiadomosci.onet.pl\/zbigniew-ziobro-polityk\" id=\"bda75262-6643-46a0-9dc8-a0cb548ced85\" rel=\"nofollow noopener\" target=\"_blank\">Zbigniew Ziobro<\/a> podejrzewany jest przez prokuratur\u0119 o pope\u0142nienie 26 przest\u0119pstw zwi\u0105zanych z wydatkowaniem \u015brodk\u00f3w z <a href=\"https:\/\/wiadomosci.onet.pl\/fundusz-sprawiedliwosci\" id=\"ca1a9347-b631-4c84-9e49-758f171804c1\" rel=\"nofollow noopener\" target=\"_blank\">Funduszu Sprawiedliwo\u015bci<\/a>, w tym kierowanie zorganizowan\u0105 grup\u0105 przest\u0119pcz\u0105. 7 listopada br. Sejm uchyli\u0142 immunitet by\u0142emu ministrowi sprawiedliwo\u015bci w odniesieniu do wszystkich zarzut\u00f3w, kt\u00f3re chce mu postawi\u0107 prokuratura. Wyrazi\u0142 r\u00f3wnie\u017c zgod\u0119 na jego zatrzymanie i aresztowanie.<\/p>\n<p class=\"ods-c-paragraph \"><a href=\"https:\/\/wiadomosci.onet.pl\/swiat\/viktor-orban-spotkal-sie-ze-zbigniewem-ziobra-polski-rzad-chce-go-aresztowac\/dbywy2q\" id=\"bd6c2357-fbd2-4b67-8c0e-33e4d262683e\" rel=\"nofollow noopener\" target=\"_blank\">Pod koniec pa\u017adziernika Zbigniew Ziobro przekaza\u0142, \u017ce przebywa na W\u0119grzech, gdzie spotka\u0142 si\u0119 z premierem Viktorem Orbanem<\/a>. Potem mia\u0142 pojawi\u0107 si\u0119 w Brukseli. W zwi\u0105zku z tym polskie organy \u015bcigania maj\u0105 obecnie zwi\u0105zane r\u0119ce. Niedawno <a href=\"https:\/\/wiadomosci.onet.pl\/kraj\/ziobro-o-zabezpieczeniu-majatku-przez-prokurature-kolejny-akt-zemsty\/2z36mqj\" id=\"5e30bbea-c710-461c-a5a1-5537b1f682ba\" rel=\"nofollow noopener\" target=\"_blank\">prokurator prowadz\u0105cy \u015bledztwo zarz\u0105dzi\u0142 wobec polityka zabezpieczenie maj\u0105tkowe<\/a>.<\/p>\n<p class=\"ods-c-paragraph \">Prokuratura skierowa\u0142a do S\u0105du Rejonowego dla Warszawy-Mokotowa wniosek o aresztowanie Zbigniewa Ziobry na trzy miesi\u0105ce. Posiedzenie s\u0105du w tej sprawie zaplanowane jest na 22 grudnia.<\/p>\n","protected":false},"excerpt":{"rendered":"&#8222;Paszport Zbigniewa Z. zosta\u0142 uniewa\u017cniony decyzj\u0105 wojewody mazowieckiego Mariusza Frankowskiego na wniosek Prokuratury Krajowej. Nikt nie ucieknie przed&hellip;\n","protected":false},"author":2,"featured_media":153827,"comment_status":"","ping_status":"","sticky":false,"template":"","format":"standard","meta":{"footnotes":""},"categories":[12],"tags":[32,33,36,37,27,49,34,35,1680,28898,28,31,48,25,46,5873,42,38,40,39,41,1627,47,29,30,26,2037],"class_list":{"0":"post-153826","1":"post","2":"type-post","3":"status-publish","4":"format-standard","5":"has-post-thumbnail","7":"category-polska","8":"tag-breaking-news","9":"tag-breakingnews","10":"tag-featured-news","11":"tag-featurednews","12":"tag-headlines","13":"tag-kraj","14":"tag-latest-news","15":"tag-latestnews","16":"tag-marcin_kierwinski","17":"tag-mariusz_frankowski_polityk","18":"tag-naglowki","19":"tag-najwazniejsze-artykuly","20":"tag-nat_styl","21":"tag-news","22":"tag-omp","23":"tag-paszport","24":"tag-pl","25":"tag-poland","26":"tag-polish","27":"tag-polska","28":"tag-polski","29":"tag-prokuratura","30":"tag-screening_general","31":"tag-top-stories","32":"tag-topstories","33":"tag-wiadomosci","34":"tag-zbigniew_ziobro"},"share_on_mastodon":{"url":"","error":""},"_links":{"self":[{"href":"https:\/\/www.europesays.com\/pl\/wp-json\/wp\/v2\/posts\/153826","targetHints":{"allow":["GET"]}}],"collection":[{"href":"https:\/\/www.europesays.com\/pl\/wp-json\/wp\/v2\/posts"}],"about":[{"href":"https:\/\/www.europesays.com\/pl\/wp-json\/wp\/v2\/types\/post"}],"author":[{"embeddable":true,"href":"https:\/\/www.europesays.com\/pl\/wp-json\/wp\/v2\/users\/2"}],"replies":[{"embeddable":true,"href":"https:\/\/www.europesays.com\/pl\/wp-json\/wp\/v2\/comments?post=153826"}],"version-history":[{"count":0,"href":"https:\/\/www.europesays.com\/pl\/wp-json\/wp\/v2\/posts\/153826\/revisions"}],"wp:featuredmedia":[{"embeddable":true,"href":"https:\/\/www.europesays.com\/pl\/wp-json\/wp\/v2\/media\/153827"}],"wp:attachment":[{"href":"https:\/\/www.europesays.com\/pl\/wp-json\/wp\/v2\/media?parent=153826"}],"wp:term":[{"taxonomy":"category","embeddable":true,"href":"https:\/\/www.europesays.com\/pl\/wp-json\/wp\/v2\/categories?post=153826"},{"taxonomy":"post_tag","embeddable":true,"href":"https:\/\/www.europesays.com\/pl\/wp-json\/wp\/v2\/tags?post=153826"}],"curies":[{"name":"wp","href":"https:\/\/api.w.org\/{rel}","templated":true}]}}