{"id":153837,"date":"2025-12-16T11:35:12","date_gmt":"2025-12-16T11:35:12","guid":{"rendered":"https:\/\/www.europesays.com\/pl\/153837\/"},"modified":"2025-12-16T11:35:12","modified_gmt":"2025-12-16T11:35:12","slug":"bialorus-alaksandr-lukaszenka-o-nicolasie-maduro-bylby-mile-widziany-w-minsku","status":"publish","type":"post","link":"https:\/\/www.europesays.com\/pl\/153837\/","title":{"rendered":"Bia\u0142oru\u015b. Alaksandr \u0141ukaszenka o Nicolasie Maduro: By\u0142by mile widziany w Mi\u0144sku"},"content":{"rendered":"<p>W skr\u00f3cie<\/p>\n<ul class=\"typography ids-typeset-body ids-typeset-body--preset-large list ids-list ids-list--unordered ids-list--size-large \" datatype=\"disc\">\n<li class=\"ids-list-item\">\n<p>Alaksandr \u0141ukaszenka zadeklarowa\u0142, \u017ce Nicolas Maduro by\u0142by mile widziany w Mi\u0144sku, je\u015bli zdecyduje si\u0119 opu\u015bci\u0107 urz\u0105d prezydenta Wenezueli.<\/p>\n<\/li>\n<li class=\"ids-list-item\">\n<p>Bia\u0142oruski przyw\u00f3dca uwa\u017ca, \u017ce wojna z Wenezuel\u0105 nie ma sensu i mog\u0142aby tylko zjednoczy\u0107 Wenezuelczyk\u00f3w wok\u00f3\u0142 Maduro.<\/p>\n<\/li>\n<li class=\"ids-list-item\">\n<p>Ostatnie dzia\u0142ania Bia\u0142orusi maj\u0105 wskazywa\u0107 na ch\u0119\u0107 wzmocnienia pozycji mi\u0119dzynarodowej \u0141ukaszenki, m.in. uwolnienie wi\u0119\u017ani\u00f3w w ramach porozumienia ze Stanami Zjednoczonymi.<\/p>\n<\/li>\n<li class=\"ids-list-item\"><\/li>\n<\/ul>\n<p class=\"typography ids-typeset-body ids-typeset-body--preset-large link paragraph ids-paragraph ids-paragraph--default\"><a href=\"https:\/\/wydarzenia.interia.pl\/tematy-alaksandr-lukaszenka,gsbi,1060\" rel=\"nofollow noopener\" target=\"_blank\">Alaksandr \u0141ukaszenka<\/a> powiedzia\u0142 w rozmowie z ameryka\u0144sk\u0105 stacj\u0105 Newsmax, \u017ce gdyby <a href=\"https:\/\/wydarzenia.interia.pl\/tematy-nicolas-maduro,gsbi,4678\" rel=\"nofollow noopener\" target=\"_blank\">Nicolas Maduro<\/a> postanowi\u0142 zrezygnowa\u0107 z urz\u0119du prezydenta Wenezueli, by\u0142by mile widziany w <a href=\"https:\/\/wydarzenia.interia.pl\/tematy-minsk,gsbi,6543\" rel=\"nofollow noopener\" target=\"_blank\">Mi\u0144sku<\/a>. Zastrzeg\u0142 jednak, \u017ce takie rozmowy nie by\u0142y prowadzone.<\/p>\n<p class=\"typography ids-typeset-body ids-typeset-body--preset-large link paragraph ids-paragraph ids-paragraph--default\">&#8211; Maduro nigdy nie by\u0142 dla nas wrogiem ani przeciwnikiem. Gdyby chcia\u0142 przyjecha\u0107 na <a href=\"https:\/\/wydarzenia.interia.pl\/tematy-bialorus,gsbi,2916\" rel=\"nofollow noopener\" target=\"_blank\">Bia\u0142oru\u015b<\/a>,\u00a0drzwi b\u0119d\u0105 dla niego otwarte\u00a0&#8211; powiedzia\u0142 \u0141ukaszenka.<\/p>\n<p class=\"typography ids-typeset-body ids-typeset-body--preset-large link paragraph ids-paragraph ids-paragraph--default\">&#8211; Ale powiem szczerze, nigdy o tym nie rozmawiali\u015bmy. Maduro nie jest typem cz\u0142owieka, kt\u00f3ry wyje\u017cd\u017ca czy ucieka. To twardziel &#8211; doda\u0142.<\/p>\n<p>Konflikt USA &#8211; Wenezuela. Dyktator Bia\u0142orusi: To by\u0142by drugi Wietnam<\/p>\n<p class=\"typography ids-typeset-body ids-typeset-body--preset-large link paragraph ids-paragraph ids-paragraph--default\">Bia\u0142oruski przyw\u00f3dca zapewni\u0142, \u017ce ch\u0119tnie om\u00f3wi kwesti\u0119 Wenezueli i wszelkie inne w rozmowie z prezydentem USA. &#8211; My\u015bl\u0119, \u017ce w niedalekiej przysz\u0142o\u015bci b\u0119dziemy mogli om\u00f3wi\u0107 t\u0119 spraw\u0119 z <a href=\"https:\/\/wydarzenia.interia.pl\/tematy-donald-trump,gsbi,16\" rel=\"nofollow noopener\" target=\"_blank\">Donaldem Trumpem<\/a>. Powiedzia\u0142bym mu wiele interesuj\u0105cych rzeczy &#8211; przekaza\u0142.<\/p>\n<p class=\"typography ids-typeset-body ids-typeset-body--preset-large link paragraph ids-paragraph ids-paragraph--default\">\u0141ukaszenka utrzymywa\u0142, \u017ce wojna z Wenezuel\u0105 oznacza\u0142aby &#8222;drugi <a href=\"https:\/\/wydarzenia.interia.pl\/tematy-wietnam,gsbi,5623\" rel=\"nofollow noopener\" target=\"_blank\">Wietnam<\/a>&#8222;. &#8211; Czy tego potrzebujecie? Nie potrzebujecie. Wi\u0119c nie ma potrzeby toczy\u0107 wojny. Mo\u017cecie doj\u015b\u0107 do porozumienia &#8211; powiedzia\u0142.<\/p>\n<p class=\"typography ids-typeset-body ids-typeset-body--preset-large link paragraph ids-paragraph ids-paragraph--default\">Dyktator przekonywa\u0142, \u017ce konflikt\u00a0z Wenezuel\u0105 sk\u0142oni Wenezuelczyk\u00f3w do zjednoczenia si\u0119 wok\u00f3\u0142 Maduro, kt\u00f3rego opisa\u0142 jako &#8222;porz\u0105dnego, rozs\u0105dnego cz\u0142owieka, z kt\u00f3rym mo\u017cna doj\u015b\u0107 do porozumienia&#8221;. Wyrazi\u0142 w\u0105tpliwo\u015b\u0107, co do prawdziwo\u015bci twierdze\u0144 Trumpa o ogromnym nap\u0142ywie narkotyk\u00f3w z Wenezueli.<\/p>\n<p>Bia\u0142oru\u015b. Uwolnienie 123 wi\u0119\u017ani\u00f3w na mocy porozumienia z USA<\/p>\n<p class=\"typography ids-typeset-body ids-typeset-body--preset-large link paragraph ids-paragraph ids-paragraph--default\">Napi\u0119cia mi\u0119dzy rz\u0105dami USA i Wenezueli wzmog\u0142y si\u0119 z powodu zakrojonej na szerok\u0105 skal\u0119 ameryka\u0144skiej ekspansji wojskowej na po\u0142udniowych Karaibach, atak\u00f3w USA na domniemane \u0142odzie przemytnicze oraz wypowiedzi Trumpa, kt\u00f3ry nie wykluczy\u0142 rych\u0142ego rozpocz\u0119cia operacji l\u0105dowych w Wenezueli.<\/p>\n<p class=\"typography ids-typeset-body ids-typeset-body--preset-large link paragraph ids-paragraph ids-paragraph--default\">Rz\u0105d w Caracas twierdzi, \u017ce Stany Zjednoczone d\u0105\u017c\u0105 do zmiany w\u0142adz, aby przej\u0105\u0107 kontrol\u0119 nad ogromnymi rezerwami ropy naftowej <a href=\"https:\/\/wydarzenia.interia.pl\/tematy-wenezuela,gsbi,4627\" rel=\"nofollow noopener\" target=\"_blank\">Wenezueli<\/a> &#8211; przypomnia\u0142 Reuters.<\/p>\n<p class=\"typography ids-typeset-body ids-typeset-body--preset-large link paragraph ids-paragraph ids-paragraph--default\">W sobot\u0119 bia\u0142oruskie w\u0142adze poinformowa\u0142y o uwolnieniu 123 wi\u0119\u017ani\u00f3w politycznych z r\u00f3\u017cnych pa\u0144stw, w tym jednego obywatela <a href=\"https:\/\/wydarzenia.interia.pl\/tematy-polska,gsbi,2628\" rel=\"nofollow noopener\" target=\"_blank\">Polski<\/a>, w ramach umowy ze Stanami Zjednoczonymi, kt\u00f3re w zamian maj\u0105 znie\u015b\u0107 sankcje na bia\u0142oruski potas.<\/p>\n<p class=\"typography ids-typeset-body ids-typeset-body--preset-large link paragraph ids-paragraph ids-paragraph--default\">Jak oceni\u0142a ekspertka z PISM Anna Maria Dyner, \u0141ukaszence zale\u017cy m.in. na tym, by pokaza\u0107 si\u0119 jako wa\u017cny po\u015brednik w stosunkach z <a href=\"https:\/\/wydarzenia.interia.pl\/tematy-rosja,gsbi,3125\" rel=\"nofollow noopener\" target=\"_blank\">Rosj\u0105<\/a> oraz umocni\u0107 swoj\u0105 pozycj\u0119 mi\u0119dzynarodow\u0105, w tym uzyska\u0107 aprobat\u0119 USA.<\/p>\n<p>\u015amiszek: Prezydent &#8222;podpala&#8221; spok\u00f3j spo\u0142eczny i robi wojn\u0119 domow\u0105Polsat NewsPolsat News<\/p>\n<p><a class=\"ids-undecorated-link source ids-page-info--source__link\" href=\"https:\/\/p.iplsc.com\/-\/000L0SCEGA4O3ESS.pdf\" rel=\"nofollow noopener\" target=\"_blank\"><img decoding=\"async\" class=\"ids-image-holder__img\" loading=\"lazy\" alt=\"\" title=\"\" height=\"24px\" src=\"https:\/\/www.europesays.com\/pl\/wp-content\/uploads\/2025\/12\/0009A6098CYXTC6T-C202-F4.webp.webp\"\/><\/a><a class=\"ids-undecorated-link source ids-page-info--source__link\" href=\"https:\/\/www.interia.pl\" rel=\"nofollow noopener\" target=\"_blank\"><img decoding=\"async\" class=\"ids-image-holder__img\" loading=\"lazy\" alt=\"\" title=\"\" height=\"24px\" src=\"https:\/\/www.europesays.com\/pl\/wp-content\/uploads\/2025\/12\/1765870332_919_0009A60QQ5I2TYF7-C202-F4.webp.webp\"\/><\/a><\/p>\n<p>Masz sugestie, uwagi albo widzisz b\u0142\u0105d? Napisz do nas<\/p>\n","protected":false},"excerpt":{"rendered":"W skr\u00f3cie Alaksandr \u0141ukaszenka zadeklarowa\u0142, \u017ce Nicolas Maduro by\u0142by mile widziany w Mi\u0144sku, je\u015bli zdecyduje si\u0119 opu\u015bci\u0107 urz\u0105d&hellip;\n","protected":false},"author":2,"featured_media":153838,"comment_status":"","ping_status":"","sticky":false,"template":"","format":"standard","meta":{"footnotes":""},"categories":[14],"tags":[32,33,27,34,35,28,31,25,40,41,80,29,30,26,82,83,84],"class_list":{"0":"post-153837","1":"post","2":"type-post","3":"status-publish","4":"format-standard","5":"has-post-thumbnail","7":"category-swiat","8":"tag-breaking-news","9":"tag-breakingnews","10":"tag-headlines","11":"tag-latest-news","12":"tag-latestnews","13":"tag-naglowki","14":"tag-najwazniejsze-artykuly","15":"tag-news","16":"tag-polish","17":"tag-polski","18":"tag-swiat","19":"tag-top-stories","20":"tag-topstories","21":"tag-wiadomosci","22":"tag-world","23":"tag-world-news","24":"tag-worldnews"},"share_on_mastodon":{"url":"https:\/\/pubeurope.com\/@pl\/115729041401987652","error":""},"_links":{"self":[{"href":"https:\/\/www.europesays.com\/pl\/wp-json\/wp\/v2\/posts\/153837","targetHints":{"allow":["GET"]}}],"collection":[{"href":"https:\/\/www.europesays.com\/pl\/wp-json\/wp\/v2\/posts"}],"about":[{"href":"https:\/\/www.europesays.com\/pl\/wp-json\/wp\/v2\/types\/post"}],"author":[{"embeddable":true,"href":"https:\/\/www.europesays.com\/pl\/wp-json\/wp\/v2\/users\/2"}],"replies":[{"embeddable":true,"href":"https:\/\/www.europesays.com\/pl\/wp-json\/wp\/v2\/comments?post=153837"}],"version-history":[{"count":0,"href":"https:\/\/www.europesays.com\/pl\/wp-json\/wp\/v2\/posts\/153837\/revisions"}],"wp:featuredmedia":[{"embeddable":true,"href":"https:\/\/www.europesays.com\/pl\/wp-json\/wp\/v2\/media\/153838"}],"wp:attachment":[{"href":"https:\/\/www.europesays.com\/pl\/wp-json\/wp\/v2\/media?parent=153837"}],"wp:term":[{"taxonomy":"category","embeddable":true,"href":"https:\/\/www.europesays.com\/pl\/wp-json\/wp\/v2\/categories?post=153837"},{"taxonomy":"post_tag","embeddable":true,"href":"https:\/\/www.europesays.com\/pl\/wp-json\/wp\/v2\/tags?post=153837"}],"curies":[{"name":"wp","href":"https:\/\/api.w.org\/{rel}","templated":true}]}}