{"id":153839,"date":"2025-12-16T11:36:12","date_gmt":"2025-12-16T11:36:12","guid":{"rendered":"https:\/\/www.europesays.com\/pl\/153839\/"},"modified":"2025-12-16T11:36:12","modified_gmt":"2025-12-16T11:36:12","slug":"wraca-sprawa-weta-nawrockiego-dzis-reakcja-sejmu","status":"publish","type":"post","link":"https:\/\/www.europesays.com\/pl\/153839\/","title":{"rendered":"Wraca sprawa weta Nawrockiego. Dzi\u015b reakcja Sejmu"},"content":{"rendered":"<p>We wtorek Komisja Nadzwyczajna ds. ochrony zwierz\u0105t rozpatruje weto prezydenta ws. ustawy o\u00a0ochronie zwierz\u0105t, zwanej &#8222;ustaw\u0105 \u0142a\u0144cuchow\u0105&#8221;. Uzasadnienie przedstawi szef Kancelarii Prezydenta Zbigniew Bogucki. W\u00a0\u015brod\u0119 sprawozdanie trafi na sal\u0119 obrad, a\u00a0pos\u0142owie wys\u0142uchaj\u0105 stanowisk klub\u00f3w.<\/p>\n<p>Budka o\u00a0Nawrockim. &#8222;Uporczywie brnie w\u00a0z\u0142\u0105 \u015bcie\u017ck\u0119&#8221; <\/p>\n<p>Karol Nawrocki zawetowa\u0142 projekt na pocz\u0105tku grudnia. Wskaza\u0142, \u017ce cho\u0107 cel ochrony zwierz\u0105t popiera, to przepisy o\u00a0kojcach by\u0142y &#8211;\u00a0jego zdaniem &#8211;\u00a0nierealne. &#8211; Kojce wielko\u015bci miejskich kawalerek to absurd &#8211;\u00a0powiedzia\u0142. <a href=\"https:\/\/wiadomosci.wp.pl\/ustawa-lancuchowa-po-wecie-prezydent-sklada-wlasny-projekt-7228421889326016a\" rel=\"noopener noreferrer nofollow\" target=\"_blank\">R\u00f3wnolegle z\u0142o\u017cy\u0142 w\u0142asny projekt<\/a>: wprowadza zakaz trzymania zwierz\u0105t domowych na uwi\u0119zi, ale nie reguluje konstrukcji i\u00a0minimalnej powierzchni kojc\u00f3w.<\/p>\n<p>W porz\u0105dku 48. posiedzenia Sejmu zaplanowano na \u015brod\u0119 przedstawienie sprawozdania komisji. Ponownie wyst\u0105pi Zbigniew Bogucki, a\u00a0kluby zabior\u0105 g\u0142os. G\u0142osowanie nad odrzuceniem weta ma odby\u0107 si\u0119 o\u00a0godz. 18. Marsza\u0142ek Sejmu W\u0142odzimierz Czarzasty wcze\u015bniej zapowiada\u0142 termin i\u00a0wspar\u0142 zapowiadane protesty. &#8222;<a href=\"https:\/\/wiadomosci.wp.pl\/czarzasty-wzywa-do-protestu-odrzucmy-lancuchy-7229592679816128a\" rel=\"noopener noreferrer nofollow\" target=\"_blank\">Przyjd\u017acie!!! Odrzu\u0107my \u0142a\u0144cuchy!!!<\/a>&#8221; &#8211;\u00a0napisa\u0142 na platformie X.<\/p>\n<p>Do odrzucenia weta wymagane jest 3\/5 g\u0142os\u00f3w w\u00a0obecno\u015bci co najmniej po\u0142owy pos\u0142\u00f3w. W\u00a0praktyce mo\u017ce to oznacza\u0107 potrzeb\u0119 zebrania 276 g\u0142os\u00f3w przy pe\u0142nej frekwencji. Gdy Sejm uchwala\u0142 nowelizacj\u0119 we wrze\u015bniu, popar\u0142o j\u0105 280 pos\u0142\u00f3w, 105 by\u0142o przeciw, 30 si\u0119 wstrzyma\u0142o. <a href=\"https:\/\/wiadomosci.wp.pl\/kaczynski-o-wecie-nawrockiego-wolalbym-zeby-podpisal-7228435950984096a\" rel=\"noopener noreferrer nofollow\" target=\"_blank\">Za ustaw\u0105 g\u0142osowa\u0142o wtedy 49 pos\u0142\u00f3w PiS, w\u00a0tym Jaros\u0142aw Kaczy\u0144ski<\/a>.<\/p>\n<p>Na pocz\u0105tku grudnia prezes PiS zapowiedzia\u0142 jednak zmian\u0119 stanowiska wobec weta. &#8211; <a href=\"https:\/\/wiadomosci.wp.pl\/mentzen-kpi-z-kaczynskiego-poszlo-o-wazne-glosowanie-7228546873895872a\" rel=\"noopener noreferrer nofollow\" target=\"_blank\">W tej sytuacji nie odrzuc\u0119<\/a> &#8211;\u00a0powiedzia\u0142 w\u00a0Sejmie. Doda\u0142, \u017ce w\u00a0projekcie s\u0105 rozwi\u0105zania dobre, ale niewykonalne w\u00a0praktyce, a\u00a0wcze\u015bniejsze poparcie t\u0142umaczy\u0142 tym, \u017ce &#8222;czasem si\u0119 g\u0142osuje za czym\u015b, co jest cz\u0119\u015bciowo dobre&#8221;.<\/p>\n<p>Decyzja prezydenta spotka\u0142a si\u0119 z\u00a0krytyk\u0105 organizacji prozwierz\u0119cych. W\u00a0\u015brod\u0119 planuj\u0105 demonstracj\u0119 przed Sejmem. W\u00a0niedziel\u0119 ulicami Warszawy przeszed\u0142 Wielki Marsz dla Zwierz\u0105t &#8211;\u00a0od Sejmu do Pa\u0142acu Prezydenckiego. Adwokat Sara Balcerowicz, pe\u0142nomocniczka Komitetu Stop \u0141a\u0144cuchom Pseudohodowlom i\u00a0Bezdomno\u015bci Zwierz\u0105t, podkre\u015bla\u0142a w\u00a0rozmowie z\u00a0Polsk\u0105 Agencj\u0105 Prasow\u0105, \u017ce zawetowana nowelizacja wyznacza\u0142a minimum ochrony dla ps\u00f3w.<\/p>\n","protected":false},"excerpt":{"rendered":"We wtorek Komisja Nadzwyczajna ds. ochrony zwierz\u0105t rozpatruje weto prezydenta ws. ustawy o\u00a0ochronie zwierz\u0105t, zwanej &#8222;ustaw\u0105 \u0142a\u0144cuchow\u0105&#8221;. Uzasadnienie&hellip;\n","protected":false},"author":2,"featured_media":153840,"comment_status":"","ping_status":"","sticky":false,"template":"","format":"standard","meta":{"footnotes":""},"categories":[12],"tags":[32,33,36,37,27,34,35,28,31,25,42,38,40,39,41,29,30,26],"class_list":{"0":"post-153839","1":"post","2":"type-post","3":"status-publish","4":"format-standard","5":"has-post-thumbnail","7":"category-polska","8":"tag-breaking-news","9":"tag-breakingnews","10":"tag-featured-news","11":"tag-featurednews","12":"tag-headlines","13":"tag-latest-news","14":"tag-latestnews","15":"tag-naglowki","16":"tag-najwazniejsze-artykuly","17":"tag-news","18":"tag-pl","19":"tag-poland","20":"tag-polish","21":"tag-polska","22":"tag-polski","23":"tag-top-stories","24":"tag-topstories","25":"tag-wiadomosci"},"share_on_mastodon":{"url":"https:\/\/pubeurope.com\/@pl\/115729044932457875","error":""},"_links":{"self":[{"href":"https:\/\/www.europesays.com\/pl\/wp-json\/wp\/v2\/posts\/153839","targetHints":{"allow":["GET"]}}],"collection":[{"href":"https:\/\/www.europesays.com\/pl\/wp-json\/wp\/v2\/posts"}],"about":[{"href":"https:\/\/www.europesays.com\/pl\/wp-json\/wp\/v2\/types\/post"}],"author":[{"embeddable":true,"href":"https:\/\/www.europesays.com\/pl\/wp-json\/wp\/v2\/users\/2"}],"replies":[{"embeddable":true,"href":"https:\/\/www.europesays.com\/pl\/wp-json\/wp\/v2\/comments?post=153839"}],"version-history":[{"count":0,"href":"https:\/\/www.europesays.com\/pl\/wp-json\/wp\/v2\/posts\/153839\/revisions"}],"wp:featuredmedia":[{"embeddable":true,"href":"https:\/\/www.europesays.com\/pl\/wp-json\/wp\/v2\/media\/153840"}],"wp:attachment":[{"href":"https:\/\/www.europesays.com\/pl\/wp-json\/wp\/v2\/media?parent=153839"}],"wp:term":[{"taxonomy":"category","embeddable":true,"href":"https:\/\/www.europesays.com\/pl\/wp-json\/wp\/v2\/categories?post=153839"},{"taxonomy":"post_tag","embeddable":true,"href":"https:\/\/www.europesays.com\/pl\/wp-json\/wp\/v2\/tags?post=153839"}],"curies":[{"name":"wp","href":"https:\/\/api.w.org\/{rel}","templated":true}]}}