{"id":153841,"date":"2025-12-16T11:37:10","date_gmt":"2025-12-16T11:37:10","guid":{"rendered":"https:\/\/www.europesays.com\/pl\/153841\/"},"modified":"2025-12-16T11:37:10","modified_gmt":"2025-12-16T11:37:10","slug":"malo-kto-wie-ze-jennifer-aniston-ma-drugi-talent-jej-dzielo-wisialo-w-slynnym-met","status":"publish","type":"post","link":"https:\/\/www.europesays.com\/pl\/153841\/","title":{"rendered":"Ma\u0142o kto wie, \u017ce Jennifer Aniston ma drugi talent. Jej dzie\u0142o wisia\u0142o w s\u0142ynnym MET"},"content":{"rendered":"<p>Sekretny talent Jennifer Aniston<\/p>\n<p class=\"typography ids-typeset-body ids-typeset-body--preset-large link paragraph ids-paragraph ids-paragraph--default\">Jennifer\u00a0Aniston\u00a0urodzi\u0142a si\u0119 11 lutego 1969 roku w Los Angeles, p\u00f3\u017aniej sp\u0119dzi\u0142a rok w Grecji, sk\u0105d pochodzi\u0142 jej ojciec, a nast\u0119pnie razem z rodzicami zamieszka\u0142a w Nowym Jorku. Tam rozpocz\u0119\u0142a edukacj\u0119 w wyj\u0105tkowej plac\u00f3wce. Szko\u0142a Rudolfa Steinera, inaczej\u00a0waldorfska, albo\u00a0steinerowska\u00a0stawia na indywidualny rozw\u00f3j, bez sztywnych schemat\u00f3w. Na jednej lekcji uczniowie jednocze\u015bnie ucz\u0105 si\u0119 pisa\u0107, czyta\u0107, liczy\u0107, poznaj\u0105 zasady biologii,\u00a0geografii itd.<\/p>\n<p class=\"typography ids-typeset-body ids-typeset-body--preset-large link paragraph ids-paragraph ids-paragraph--default\">A co szczeg\u00f3lnie istotne w jej przypadku, ta szko\u0142a traktuje zaj\u0119cia artystyczne na r\u00f3wni z innymi. Od 1 klasy wychowankowie ucz\u0105 si\u0119 gra\u0107 na instrumentach, szyde\u0142kuj\u0105, maluj\u0105, pracuj\u0105 w glinie i drewnie&#8230; I w\u0142a\u015bnie tutaj zrodzi\u0142a si\u0119 pierwsza, przed aktorstwem, pasja\u00a0aktorki. &#8222;Steiner jest\u00a0szko\u0142\u0105, w kt\u00f3rej mo\u017cliwe jest rozwini\u0119cie swojego indywidualizmu i kreatywno\u015bci&#8221;, m\u00f3wi\u0142a w jednym z wywiad\u00f3w.<\/p>\n<p>Dzie\u0142o Aniston trafi\u0142o do s\u0142ynnego MET<\/p>\n<p class=\"typography ids-typeset-body ids-typeset-body--preset-large link paragraph ids-paragraph ids-paragraph--default\">Jennifer\u00a0Aniston\u00a0uwielbia\u0142a malarstwo i mia\u0142a wszystko,\u00a0co potrzebne, aby zosta\u0107 wielk\u0105\u00a0artystk\u0105.\u00a0Jej wczesne prace\u00a0robi\u0142y ogromne wra\u017cenie &#8211; do tego stopnia, \u017ce w 1980 jeden z jej obraz\u00f3w zosta\u0142 wystawiony\u00a0w miejscu, do kt\u00f3rego wielbiciele sztuki podr\u00f3\u017cuj\u0105 z ca\u0142ego \u015bwiata, aby zobaczy\u0107 Rembrandta, Vermeera, czy van Gogha.\u00a0Ma\u0142o kto wie, \u017ce obraz uwielbianej aktorki wisia\u0142 w Metropolitan\u00a0Museum\u00a0od Art w Nowym Jorku.<\/p>\n<p class=\"typography ids-typeset-body ids-typeset-body--preset-large link paragraph ids-paragraph ids-paragraph--default\">Gwiazda &#8222;Przyjaci\u00f3\u0142&#8221; m\u00f3wi\u0142a w kilku wywiadach o roli sztuki w jej \u017cyciu. Wiadomo, \u017ce nie tylko malowa\u0142a, ale tak\u017ce rysowa\u0142a w\u0119glem i rze\u017abi\u0142a w glinie.<\/p>\n<p class=\"typography ids-typeset-body ids-typeset-body--preset-large link paragraph ids-paragraph ids-paragraph--default\">Edukacj\u0119 kontynuowa\u0142a w r\u00f3wnie presti\u017cowej i artystycznej szkole \u015bredniej. Chodzi\u0142a do\u00a0Fiorello\u00a0H.\u00a0LaGuardia\u00a0High School of Music &amp; Art and Performing\u00a0Arts, tam zapisa\u0142a si\u0119 do k\u00f3\u0142ka teatralnego i zacz\u0119\u0142a wyst\u0119powa\u0107 w pierwszych szkolnych przedstawieniach. Zaraz po szkole gra\u0142a w sztukach off-broadway&#8217;owskich,\u00a0wkr\u00f3tce przeprowadzi\u0142a si\u0119 do Hollywood i dorabia\u0142a jako kurierka rowerowa i kelnerka.<\/p>\n<p>Jest wielk\u0105 aktork\u0105, mog\u0142a by\u0107 wielk\u0105 malark\u0105. Jennifer Aniston ma drugi talent<\/p>\n<p class=\"typography ids-typeset-body ids-typeset-body--preset-large link paragraph ids-paragraph ids-paragraph--default\">W ko\u0144cu w 1994 zachwyci\u0142a \u015bwiat jako Rachel Green z &#8222;Przyjaci\u00f3\u0142&#8221;, a za rol\u0119 dosta\u0142a nagrod\u0119 Emmy dla wybitnej aktorki pierwszoplanowej w serialu komediowym. Potem przysz\u0142a ca\u0142a seria udanych wyst\u0119p\u00f3w, kt\u00f3r\u0105 kontynuuje do dzisiaj. Nikt nie ma\u00a0w\u0105tpliwo\u015bci, \u017ce Jennifer\u00a0Aniston\u00a0jest jedn\u0105 z najs\u0142ynniejszych aktorek na \u015bwiecie, ale kto wie? Mo\u017ce gdyby nie posz\u0142a na k\u00f3\u0142ko teatralne, dzisiaj jej nazwisko wymienialiby\u015bmy tu\u017c obok najwi\u0119kszych tw\u00f3rc\u00f3w sztuki wsp\u00f3\u0142czesnej?<\/p>\n<p>Masz sugestie, uwagi albo widzisz b\u0142\u0105d? Napisz do nas<\/p>\n","protected":false},"excerpt":{"rendered":"Sekretny talent Jennifer Aniston Jennifer\u00a0Aniston\u00a0urodzi\u0142a si\u0119 11 lutego 1969 roku w Los Angeles, p\u00f3\u017aniej sp\u0119dzi\u0142a rok w Grecji,&hellip;\n","protected":false},"author":2,"featured_media":153842,"comment_status":"","ping_status":"","sticky":false,"template":"","format":"standard","meta":{"footnotes":""},"categories":[5],"tags":[32,33,36,37,27,34,35,28,31,25,42,38,40,39,41,29,30,26],"class_list":{"0":"post-153841","1":"post","2":"type-post","3":"status-publish","4":"format-standard","5":"has-post-thumbnail","7":"category-naglowki","8":"tag-breaking-news","9":"tag-breakingnews","10":"tag-featured-news","11":"tag-featurednews","12":"tag-headlines","13":"tag-latest-news","14":"tag-latestnews","15":"tag-naglowki","16":"tag-najwazniejsze-artykuly","17":"tag-news","18":"tag-pl","19":"tag-poland","20":"tag-polish","21":"tag-polska","22":"tag-polski","23":"tag-top-stories","24":"tag-topstories","25":"tag-wiadomosci"},"share_on_mastodon":{"url":"https:\/\/pubeurope.com\/@pl\/115729048896276570","error":""},"_links":{"self":[{"href":"https:\/\/www.europesays.com\/pl\/wp-json\/wp\/v2\/posts\/153841","targetHints":{"allow":["GET"]}}],"collection":[{"href":"https:\/\/www.europesays.com\/pl\/wp-json\/wp\/v2\/posts"}],"about":[{"href":"https:\/\/www.europesays.com\/pl\/wp-json\/wp\/v2\/types\/post"}],"author":[{"embeddable":true,"href":"https:\/\/www.europesays.com\/pl\/wp-json\/wp\/v2\/users\/2"}],"replies":[{"embeddable":true,"href":"https:\/\/www.europesays.com\/pl\/wp-json\/wp\/v2\/comments?post=153841"}],"version-history":[{"count":0,"href":"https:\/\/www.europesays.com\/pl\/wp-json\/wp\/v2\/posts\/153841\/revisions"}],"wp:featuredmedia":[{"embeddable":true,"href":"https:\/\/www.europesays.com\/pl\/wp-json\/wp\/v2\/media\/153842"}],"wp:attachment":[{"href":"https:\/\/www.europesays.com\/pl\/wp-json\/wp\/v2\/media?parent=153841"}],"wp:term":[{"taxonomy":"category","embeddable":true,"href":"https:\/\/www.europesays.com\/pl\/wp-json\/wp\/v2\/categories?post=153841"},{"taxonomy":"post_tag","embeddable":true,"href":"https:\/\/www.europesays.com\/pl\/wp-json\/wp\/v2\/tags?post=153841"}],"curies":[{"name":"wp","href":"https:\/\/api.w.org\/{rel}","templated":true}]}}