{"id":153843,"date":"2025-12-16T11:38:08","date_gmt":"2025-12-16T11:38:08","guid":{"rendered":"https:\/\/www.europesays.com\/pl\/153843\/"},"modified":"2025-12-16T11:38:08","modified_gmt":"2025-12-16T11:38:08","slug":"padnie-transferowy-rekord-ekstraklasy-wezma-zawodnika-za-20-mln-zl-przeglad-sportowy-onet","status":"publish","type":"post","link":"https:\/\/www.europesays.com\/pl\/153843\/","title":{"rendered":"Padnie transferowy rekord Ekstraklasy! Wezm\u0105 zawodnika za 20 mln z\u0142 &#8211; Przegl\u0105d Sportowy Onet"},"content":{"rendered":"<ol>\n<li><a href=\"https:\/\/news.google.com\/rss\/articles\/CBMiywFBVV95cUxNQThSd1ZHYW5OUlJ6S045ak44VFExOFhSM0drYm1SUDVnNWlnSnBxOEpFR2dKbHJrc3pGbVFCSmEwLTB4d1J1dEdlWkxuU2oxQ1g2TXhGZlhOdEJUaC1qUklpMktxSWZodHEyYkJaOC10eF9vSFZVQUIwWXk5M2xHazFWS1ZTT050Q285aXlLcmNmcTU2QTN4c0lUVFF3dnZFWUpua3VSaWw1ekpLUnRLNkJkVmcxamMwaEFjZDFUUkdZWjk2VEk2aHlIcw?oc=5\" target=\"_blank\" rel=\"nofollow noopener\">Padnie transferowy rekord Ekstraklasy! Wezm\u0105 zawodnika za 20 mln z\u0142<\/a>&nbsp;&nbsp;Przegl\u0105d Sportowy Onet<\/li>\n<li><a href=\"https:\/\/news.google.com\/rss\/articles\/CBMiswFBVV95cUxPYjVXTGNCRlVEZkVLZFc4c1RWR0xveWc0UW4xWHVpSHNnZHl4dFh5NTUtMHZ1U0g1NmFLWDM5TDlLSEx5Qjh3bnNpVXBONVM4MnRUVG1rRk9sQk5nR29WRS1rUlpKU19JUjZtb0xYWWI3S3EyZHJ4MDZaVWNFT01OZWhKOTRNUHVKYWhNUy1tUG01RXRNd1o2UEhIbU9VaXlMd1paWkRUa3RWOE1DaXIwN0twdw?oc=5\" target=\"_blank\" rel=\"nofollow noopener\">Gigant zablokowa\u0142 transfer do Ekstraklasy. To legendarny dzia\u0142acz<\/a>&nbsp;&nbsp;Sport.pl<\/li>\n<li><a href=\"https:\/\/news.google.com\/rss\/articles\/CBMirwFBVV95cUxQRFpuWTJ1aXdUcVhfRWtHR1hwTXgta2gtMThWOG1xdEtFaVVOYzhVNU9HZDRvNnlNTXBJUjNHVDlMODBwSTh0QUpQOVhZczZHSF9vVEJSZVNJMDFfX0tsbmNxa1NNNHBhVFRJZV9mc2drWkM3Um1QQ2JhRkFmajBOMVBwbHd1SXhnSk10WDlNNWlxUUFld0RTZElqdjVIeVZEbVhiU1dNQ2tmN2dwVjh3?oc=5\" target=\"_blank\" rel=\"nofollow noopener\">Media. Widzew blisko kolejnego transferu. To napastnik z Jamajki<\/a>&nbsp;&nbsp;SportoweFakty<\/li>\n<li><a href=\"https:\/\/news.google.com\/rss\/articles\/CBMiggFBVV95cUxQbVhoMnJoaHJ4TndoNjlBQlFJVnpLenBRVjJFbS0ySF9SeXRCRTg5UXFGZjNMRGVSNFZvM21Cc1h6X001YTVObkxmWlVTSDVDcFJoaHlzaVRQMlZzbWttdVBGbU1yeVg1RXloNThOdk9tcHhldnoxM2J1Ul9yUVo0LTRB?oc=5\" target=\"_blank\" rel=\"nofollow noopener\">\u201eTo jest kosmos\u201d. Mocne s\u0142owa dzia\u0142acza o transferach Widzewa<\/a>&nbsp;&nbsp;weszlo.com<\/li>\n<li><a href=\"https:\/\/news.google.com\/rss\/articles\/CBMid0FVX3lxTFBrR3JPWTlJdG1JeURSUTlMNzR2WHVfdXMyV0lHakkxOG5fUzBFcVB6NV9VY0FKS2NTblBMMms2VXdkUnJVRlNRNVg4X1YtSi16Ym1qQVJDWmE5VTVJY0loNnE0Vl9DbjlyMFJGSWhhQk9qT3lXRkxV?oc=5\" target=\"_blank\" rel=\"nofollow noopener\">Jakim zawodnikiem jest Christopher Cheng?<\/a>&nbsp;&nbsp;WidzewToMy<\/li>\n<\/ol>\n","protected":false},"excerpt":{"rendered":"Padnie transferowy rekord Ekstraklasy! Wezm\u0105 zawodnika za 20 mln z\u0142&nbsp;&nbsp;Przegl\u0105d Sportowy Onet Gigant zablokowa\u0142 transfer do Ekstraklasy. To&hellip;\n","protected":false},"author":2,"featured_media":153844,"comment_status":"","ping_status":"","sticky":false,"template":"","format":"standard","meta":{"footnotes":""},"categories":[24],"tags":[274,67,194,2475,42,38,40,39,41,136,128,9096,47,127,135,126,130,3469],"class_list":{"0":"post-153843","1":"post","2":"type-post","3":"status-publish","4":"format-standard","5":"has-post-thumbnail","7":"category-sport","8":"tag-ekstraklasa","9":"tag-intextvideo_splayer","10":"tag-maja","11":"tag-pko_ekstraklasa","12":"tag-pl","13":"tag-poland","14":"tag-polish","15":"tag-polska","16":"tag-polski","17":"tag-ps_detal_new","18":"tag-psv2","19":"tag-robert_dobrzycki","20":"tag-screening_general","21":"tag-sport","22":"tag-sport_sport","23":"tag-sports","24":"tag-wiadomosci_sportowe","25":"tag-widzew_lodz"},"share_on_mastodon":{"url":"https:\/\/pubeurope.com\/@pl\/115729052822331474","error":""},"_links":{"self":[{"href":"https:\/\/www.europesays.com\/pl\/wp-json\/wp\/v2\/posts\/153843","targetHints":{"allow":["GET"]}}],"collection":[{"href":"https:\/\/www.europesays.com\/pl\/wp-json\/wp\/v2\/posts"}],"about":[{"href":"https:\/\/www.europesays.com\/pl\/wp-json\/wp\/v2\/types\/post"}],"author":[{"embeddable":true,"href":"https:\/\/www.europesays.com\/pl\/wp-json\/wp\/v2\/users\/2"}],"replies":[{"embeddable":true,"href":"https:\/\/www.europesays.com\/pl\/wp-json\/wp\/v2\/comments?post=153843"}],"version-history":[{"count":0,"href":"https:\/\/www.europesays.com\/pl\/wp-json\/wp\/v2\/posts\/153843\/revisions"}],"wp:featuredmedia":[{"embeddable":true,"href":"https:\/\/www.europesays.com\/pl\/wp-json\/wp\/v2\/media\/153844"}],"wp:attachment":[{"href":"https:\/\/www.europesays.com\/pl\/wp-json\/wp\/v2\/media?parent=153843"}],"wp:term":[{"taxonomy":"category","embeddable":true,"href":"https:\/\/www.europesays.com\/pl\/wp-json\/wp\/v2\/categories?post=153843"},{"taxonomy":"post_tag","embeddable":true,"href":"https:\/\/www.europesays.com\/pl\/wp-json\/wp\/v2\/tags?post=153843"}],"curies":[{"name":"wp","href":"https:\/\/api.w.org\/{rel}","templated":true}]}}