{"id":153847,"date":"2025-12-16T11:40:12","date_gmt":"2025-12-16T11:40:12","guid":{"rendered":"https:\/\/www.europesays.com\/pl\/153847\/"},"modified":"2025-12-16T11:40:12","modified_gmt":"2025-12-16T11:40:12","slug":"final-fantasy-vii-remake-intergrade-za-darmo-na-xboxach-series-xs-mozna-przetestowac-gre-przed-premiera","status":"publish","type":"post","link":"https:\/\/www.europesays.com\/pl\/153847\/","title":{"rendered":"Final Fantasy VII Remake Intergrade za darmo na Xboxach Series X|S. Mo\u017cna przetestowa\u0107 gr\u0119 przed premier\u0105"},"content":{"rendered":"<p>Square Enix dotrzyma\u0142o s\u0142owa danego na wrze\u015bniowych targach i przygotowa\u0142o \u015bwietn\u0105 niespodziank\u0119 dla w\u0142a\u015bcicieli konsol Microsoftu.<\/p>\n<p>W sklepie cyfrowym w\u0142a\u015bnie wyl\u0105dowa\u0142a darmowa wersja demonstracyjna gry Final Fantasy VII Remake Intergrade. Ka\u017cdy posiadacz Xbox Series X lub S mo\u017ce ju\u017c teraz pobra\u0107 plik wa\u017c\u0105cy oko\u0142o 20 GB i na w\u0142asnej sk\u00f3rze przekona\u0107 si\u0119, jak s\u0142ynny jRPG prezentuje si\u0119 na ich sprz\u0119cie. To idealna rozgrzewka przed premier\u0105 pe\u0142nej wersji, kt\u00f3ra zosta\u0142a zaplanowana na 22 stycznia 2026 roku.<\/p>\n<p>    Dalsza cz\u0119\u015b\u0107 tekstu pod wideo<\/p>\n<p>Udost\u0119pniony fragment to nie byle co &#8211; gracze otrzymuj\u0105 dost\u0119p do ca\u0142ego pierwszego rozdzia\u0142u opowie\u015bci. Oznacza to, \u017ce we\u017amiecie udzia\u0142 w kultowej misji wysadzenia reaktora Mako, poznaj\u0105c Clouda Strife&#8217;a i cz\u0142onk\u00f3w organizacji Avalanche (Baretta oraz Tif\u0119). Jest to wystarczaj\u0105co du\u017co czasu, aby zapozna\u0107 si\u0119 z dynamicznym systemem walki oraz podziwia\u0107 od\u015bwie\u017con\u0105 opraw\u0119 graficzn\u0105 nim zdecydujecie si\u0119 na zakup.<\/p>\n<p>        <img loading=\"lazy\" decoding=\"async\" src=\"https:\/\/www.europesays.com\/pl\/wp-content\/uploads\/2025\/12\/1765838116_270_B32963402.414688363;dc_trk_aid=607216972;dc_trk_cid=228291445;ord=[timestamp];dc_lat=;dc_rdid=;tag_f.gif\" attributionsrc=\"\" border=\"0\" height=\"1\" width=\"1\" alt=\"Advertisement\"\/><\/p>\n<p>Tw\u00f3rcy zadbali te\u017c o to, by czas sp\u0119dzony w wersji pr\u00f3bnej nie poszed\u0142 na marne. Wasze post\u0119py i zapisane stany gry zostan\u0105 automatycznie przeniesione do pe\u0142nej wersji tytu\u0142u, gdy ta trafi na rynek w przysz\u0142ym miesi\u0105cu. Dodatkowo, za samo uko\u0144czenie dema, gracze otrzymaj\u0105 w prezencie dwa cyfrowe bonusy.<\/p>\n","protected":false},"excerpt":{"rendered":"Square Enix dotrzyma\u0142o s\u0142owa danego na wrze\u015bniowych targach i przygotowa\u0142o \u015bwietn\u0105 niespodziank\u0119 dla w\u0142a\u015bcicieli konsol Microsoftu. W sklepie&hellip;\n","protected":false},"author":2,"featured_media":17729,"comment_status":"","ping_status":"","sticky":false,"template":"","format":"standard","meta":{"footnotes":""},"categories":[20],"tags":[120,118,119,42,38,40,39,41,116,114,115,121,117],"class_list":{"0":"post-153847","1":"post","2":"type-post","3":"status-publish","4":"format-standard","5":"has-post-thumbnail","7":"category-nauka-i-technika","8":"tag-nauka","9":"tag-nauka-i-technika","10":"tag-naukatechnika","11":"tag-pl","12":"tag-poland","13":"tag-polish","14":"tag-polska","15":"tag-polski","16":"tag-science","17":"tag-science-and-technology","18":"tag-sciencetechnology","19":"tag-technika","20":"tag-technology"},"share_on_mastodon":{"url":"https:\/\/pubeurope.com\/@pl\/115729060676339010","error":""},"_links":{"self":[{"href":"https:\/\/www.europesays.com\/pl\/wp-json\/wp\/v2\/posts\/153847","targetHints":{"allow":["GET"]}}],"collection":[{"href":"https:\/\/www.europesays.com\/pl\/wp-json\/wp\/v2\/posts"}],"about":[{"href":"https:\/\/www.europesays.com\/pl\/wp-json\/wp\/v2\/types\/post"}],"author":[{"embeddable":true,"href":"https:\/\/www.europesays.com\/pl\/wp-json\/wp\/v2\/users\/2"}],"replies":[{"embeddable":true,"href":"https:\/\/www.europesays.com\/pl\/wp-json\/wp\/v2\/comments?post=153847"}],"version-history":[{"count":0,"href":"https:\/\/www.europesays.com\/pl\/wp-json\/wp\/v2\/posts\/153847\/revisions"}],"wp:featuredmedia":[{"embeddable":true,"href":"https:\/\/www.europesays.com\/pl\/wp-json\/wp\/v2\/media\/17729"}],"wp:attachment":[{"href":"https:\/\/www.europesays.com\/pl\/wp-json\/wp\/v2\/media?parent=153847"}],"wp:term":[{"taxonomy":"category","embeddable":true,"href":"https:\/\/www.europesays.com\/pl\/wp-json\/wp\/v2\/categories?post=153847"},{"taxonomy":"post_tag","embeddable":true,"href":"https:\/\/www.europesays.com\/pl\/wp-json\/wp\/v2\/tags?post=153847"}],"curies":[{"name":"wp","href":"https:\/\/api.w.org\/{rel}","templated":true}]}}