{"id":153850,"date":"2025-12-16T11:42:10","date_gmt":"2025-12-16T11:42:10","guid":{"rendered":"https:\/\/www.europesays.com\/pl\/153850\/"},"modified":"2025-12-16T11:42:10","modified_gmt":"2025-12-16T11:42:10","slug":"chiny-zmieniaja-stawki-tych-cel-dla-ue-przemysl-poniosl-znaczna-szkode","status":"publish","type":"post","link":"https:\/\/www.europesays.com\/pl\/153850\/","title":{"rendered":"Chiny zmieniaj\u0105 stawki tych ce\u0142 dla UE. &#8222;Przemys\u0142 poni\u00f3s\u0142 znaczn\u0105 szkod\u0119&#8221;"},"content":{"rendered":"<p>Chiny poinformowa\u0142y o obni\u017ceniu antydumpingowych ce\u0142 na importowan\u0105 z Unii Europejskiej wieprzowin\u0119 i jej produkty pochodne. Nowe stawki wynios\u0105 od 4,9 proc. do 19,8 proc. i wejd\u0105 w \u017cycie w \u015brod\u0119. Maj\u0105 obowi\u0105zywa\u0107 przez pi\u0119\u0107 lat.<\/p>\n<p><img decoding=\"async\" width=\"936\" height=\"527\" alt=\"Archiwum zagraniczne East News 2025-10&#10;Chinese President Xi Jinping speaks during a meeting with Sri Lanka's Prime Minister Harini Amarasuriya (not pictured) at the Great Hall of the People in Beijing on October 14, 2025. (Photo by Ichiro Banno \/ POOL \/ AFP)&#10;ICHIRO BANNO\" src=\"https:\/\/www.europesays.com\/pl\/wp-content\/uploads\/2025\/12\/NGM1NzQwYSYsUzhJfgxsM28LbBM4VWJlOBN0WH5OfXE1BHxNfhEnKyhDKwo-WSk1OEEvDSFZPitiUD4TfgF_aClYPQo9FjdoKFws.jpeg\" class=\"wp-media-image\" fetchpriority=\"high\"\/>Chiny obni\u017caj\u0105 antydumpingowe c\u0142a na importowan\u0105 z Unii Europejskiej wieprzowin\u0119<\/p>\n<p>\u0179r\u00f3d\u0142o zdj\u0119\u0107: \u00a9 East News | ICHIRO BANNO<\/p>\n<p><img loading=\"lazy\" decoding=\"async\" src=\"https:\/\/www.europesays.com\/pl\/wp-content\/uploads\/2025\/10\/YWx1cy5qdjYZUxVKGgp7I1oLQRBcU3V1DRNZWxpFaS9MAUwdGwYpPhVWTQlZXmxmQQFSSgdDa3pVAFBJA0duY04EW1ZeEC02Cksa.jpeg\"  alt=\"Katarzyna Kalus\" height=\"40\" width=\"40\" class=\"rounded-full select-none text-[--color-neutral-650] bg-[--bg-content]\"\/>ZAPISZ ZAPISANO    UDOST\u0118PNIJ Udost\u0119pnij na X  Udost\u0119pnij na Facebooku2<\/p>\n<p>D\u017awi\u0119k zosta\u0142 wygenerowany automatycznie i mo\u017ce zawiera\u0107 b\u0142\u0119dy<\/p>\n","protected":false},"excerpt":{"rendered":"Chiny poinformowa\u0142y o obni\u017ceniu antydumpingowych ce\u0142 na importowan\u0105 z Unii Europejskiej wieprzowin\u0119 i jej produkty pochodne. Nowe stawki&hellip;\n","protected":false},"author":2,"featured_media":153851,"comment_status":"","ping_status":"","sticky":false,"template":"","format":"standard","meta":{"footnotes":""},"categories":[14],"tags":[32,33,27,34,35,28,31,25,40,41,80,29,30,26,82,83,84],"class_list":{"0":"post-153850","1":"post","2":"type-post","3":"status-publish","4":"format-standard","5":"has-post-thumbnail","7":"category-swiat","8":"tag-breaking-news","9":"tag-breakingnews","10":"tag-headlines","11":"tag-latest-news","12":"tag-latestnews","13":"tag-naglowki","14":"tag-najwazniejsze-artykuly","15":"tag-news","16":"tag-polish","17":"tag-polski","18":"tag-swiat","19":"tag-top-stories","20":"tag-topstories","21":"tag-wiadomosci","22":"tag-world","23":"tag-world-news","24":"tag-worldnews"},"share_on_mastodon":{"url":"https:\/\/pubeurope.com\/@pl\/115729068722094252","error":""},"_links":{"self":[{"href":"https:\/\/www.europesays.com\/pl\/wp-json\/wp\/v2\/posts\/153850","targetHints":{"allow":["GET"]}}],"collection":[{"href":"https:\/\/www.europesays.com\/pl\/wp-json\/wp\/v2\/posts"}],"about":[{"href":"https:\/\/www.europesays.com\/pl\/wp-json\/wp\/v2\/types\/post"}],"author":[{"embeddable":true,"href":"https:\/\/www.europesays.com\/pl\/wp-json\/wp\/v2\/users\/2"}],"replies":[{"embeddable":true,"href":"https:\/\/www.europesays.com\/pl\/wp-json\/wp\/v2\/comments?post=153850"}],"version-history":[{"count":0,"href":"https:\/\/www.europesays.com\/pl\/wp-json\/wp\/v2\/posts\/153850\/revisions"}],"wp:featuredmedia":[{"embeddable":true,"href":"https:\/\/www.europesays.com\/pl\/wp-json\/wp\/v2\/media\/153851"}],"wp:attachment":[{"href":"https:\/\/www.europesays.com\/pl\/wp-json\/wp\/v2\/media?parent=153850"}],"wp:term":[{"taxonomy":"category","embeddable":true,"href":"https:\/\/www.europesays.com\/pl\/wp-json\/wp\/v2\/categories?post=153850"},{"taxonomy":"post_tag","embeddable":true,"href":"https:\/\/www.europesays.com\/pl\/wp-json\/wp\/v2\/tags?post=153850"}],"curies":[{"name":"wp","href":"https:\/\/api.w.org\/{rel}","templated":true}]}}