{"id":153852,"date":"2025-12-16T11:43:08","date_gmt":"2025-12-16T11:43:08","guid":{"rendered":"https:\/\/www.europesays.com\/pl\/153852\/"},"modified":"2025-12-16T11:43:08","modified_gmt":"2025-12-16T11:43:08","slug":"nowe-informacje-ws-cenckiewicza-szef-skw-nakazal-wszczecie-pilnego-postepowania-wyjasniajacego","status":"publish","type":"post","link":"https:\/\/www.europesays.com\/pl\/153852\/","title":{"rendered":"Nowe informacje ws. Cenckiewicza. 'Szef SKW nakaza\u0142 wszcz\u0119cie pilnego post\u0119powania wyja\u015bniaj\u0105cego&#8217;"},"content":{"rendered":"<p>Sprawa S\u0142awomira\u00a0Cenckiewicza. Jest ruch szefa SKW<\/p>\n<p class=\"art_paragraph\">We wtorek 16 grudnia rzecznik prasowy ministra koordynatora s\u0142u\u017cb specjalnych Jacek Dobrzy\u0144ski przekaza\u0142 w swoich mediach spo\u0142eczno\u015bciowych, \u017ce w zwi\u0105zku z &#8222;informacjami o domniemanym ujawnieniu danych rzekomo pochodz\u0105cych z akt post\u0119powania sprawdzaj\u0105cego lub kontrolnego dotycz\u0105cego S\u0142awomira Cenckiewicza, S\u0142u\u017cba Kontrwywiadu Wojskowego informuje, \u017ce wszelkie akta post\u0119powania sprawdzaj\u0105cego oraz kontrolnego zosta\u0142y przekazane do w\u0142a\u015bciwego organu odwo\u0142awczego ju\u017c w sierpniu 2024 roku&#8221;. &#8222;A od listopada 2024 roku znajduj\u0105 si\u0119 one w wy\u0142\u0105cznej gestii s\u0105d\u00f3w administracyjnych rozpatruj\u0105cych odwo\u0142ania stron&#8221; &#8211; czytamy w komunikacie. Jak podkre\u015bli\u0142 Dobrzy\u0144ski, &#8222;bez wzgl\u0119du na powy\u017csze&#8221; szef S\u0142u\u017cby Kontrwywiadu Wojskowego nakaza\u0142 wszcz\u0119cie &#8222;pilnego post\u0119powania wyja\u015bniaj\u0105cego&#8221;.<\/p>\n<p>Szef MSWiA:\u00a0Jestem przekonany o profesjonalizmie funkcjonariuszy polskich s\u0142u\u017cb specjalnych<\/p>\n<p class=\"art_paragraph\">R\u00f3wnie\u017c we wtorek na antenie RMF FM zapytano o t\u0119 spraw\u0119 ministra spraw wewn\u0119trznych i administracji. &#8211; PiS oskar\u017ca polskie s\u0142u\u017cby, \u017ce to od nich pochodzi\u0142 przeciek dotycz\u0105cy S\u0142awomira Cenckiewicza i przyjmowanych przez niego lek\u00f3w &#8211; powiedzia\u0142 prowadz\u0105cy. Marcin Kierwi\u0144ski odpar\u0142, \u017ce &#8222;ma\u0142o go interesuje, co bredzi PiS&#8221;, jednak\u00a0podkre\u015bli\u0142, \u017ce &#8222;nie ma zgody i nie b\u0119dzie zgody, aby tego typu informacje wyp\u0142ywa\u0142y z jakichkolwiek post\u0119powa\u0144&#8221;. &#8211; Z pewno\u015bci\u0105 nie wyp\u0142yn\u0119\u0142y z polskich s\u0142u\u017cb. Jestem w 100 proc. przekonany o profesjonalizmie funkcjonariuszy polskich s\u0142u\u017cb specjalnych &#8211; podkre\u015bli\u0142 szef MSWiA. Jak doda\u0142, &#8222;to jest fakt&#8221;, \u017ce &#8222;S\u0142awomir Cenckiewicz i inni z domoro\u015bli politycy z Pa\u0142acu Prezydenckiego s\u0105 na wojnie ze s\u0142u\u017cbami specjalnymi&#8221;. &#8211; To jest fakt i to jest bardzo smutne &#8211; podkre\u015bli\u0142.<\/p>\n<p>        Zobacz wideo<\/p>\n<p>            Zamiast bra\u0107 szrot ze Stan\u00f3w rozwijajmy nasz przemys\u0142 zbrojeniowy\n    <\/p>\n<p>T\u0142o sprawy<\/p>\n<p class=\"art_paragraph\">&#8222;Gazeta Wyborcza&#8221; poda\u0142a w poniedzia\u0142ek, \u017ce pod koniec pa\u017adziernika do redakcji zg\u0142osi\u0142 si\u0119 informator, kt\u00f3ry twierdzi\u0142, i\u017c zna szczeg\u00f3\u0142y ankiety bezpiecze\u0144stwa wype\u0142nionej przez S\u0142awomira Cenckiewicza. Poda\u0142 nazwy lek\u00f3w, kt\u00f3rych przyjmowanie obecny szef BBN mia\u0142 zatai\u0107. Na skutek tego mia\u0142 straci\u0107 dost\u0119p do informacji niejawnych. &#8222;Jeden jest zaliczany do psychotrop\u00f3w, drugi ma charakter psycholeptyczny i przy przedawkowaniu jest gro\u017any dla \u017cycia&#8221; &#8211; czytamy. Dziennik podkre\u015bli\u0142, \u017ce samo przyjmowanie lek\u00f3w, w tym psychotrop\u00f3w, nie jest niczym dyskwalifikuj\u0105cym. Problem pojawia si\u0119 jednak, gdy fakt ten jest zatajony w ankiecie bezpiecze\u0144stwa przy staraniu si\u0119 o po\u015bwiadczenie dost\u0119pu do informacji niejawnych.<\/p>\n<p class=\"art_paragraph\">Wi\u0119cej informacji na ten temat znajdziesz w artykule: <a href=\"https:\/\/wiadomosci.gazeta.pl\/polityka\/7,198012,32472429,cenckiewicz-zapowiada-kroki-w-sprawie-lekow-wykorzystano-informacje.html\" class=\"art_link\" rel=\"dofollow noopener\" target=\"_blank\">&#8222;Cenckiewicz reaguje na tekst 'Gazety Wyborczej&#8217;. 'B\u0142\u0119dy, k\u0142amstwa i wra\u017cliwe informacje'&#8221;<\/a>.<\/p>\n<p>\u0179r\u00f3d\u0142a: Jacek Dobrzy\u0144ski (X), RMF FM, Gazeta.pl<\/p>\n","protected":false},"excerpt":{"rendered":"Sprawa S\u0142awomira\u00a0Cenckiewicza. Jest ruch szefa SKW We wtorek 16 grudnia rzecznik prasowy ministra koordynatora s\u0142u\u017cb specjalnych Jacek Dobrzy\u0144ski&hellip;\n","protected":false},"author":2,"featured_media":153853,"comment_status":"","ping_status":"","sticky":false,"template":"","format":"standard","meta":{"footnotes":""},"categories":[12],"tags":[32,33,36,37,27,34,35,28,31,25,42,38,40,39,41,29,30,26],"class_list":{"0":"post-153852","1":"post","2":"type-post","3":"status-publish","4":"format-standard","5":"has-post-thumbnail","7":"category-polska","8":"tag-breaking-news","9":"tag-breakingnews","10":"tag-featured-news","11":"tag-featurednews","12":"tag-headlines","13":"tag-latest-news","14":"tag-latestnews","15":"tag-naglowki","16":"tag-najwazniejsze-artykuly","17":"tag-news","18":"tag-pl","19":"tag-poland","20":"tag-polish","21":"tag-polska","22":"tag-polski","23":"tag-top-stories","24":"tag-topstories","25":"tag-wiadomosci"},"share_on_mastodon":{"url":"https:\/\/pubeurope.com\/@pl\/115729072506391019","error":""},"_links":{"self":[{"href":"https:\/\/www.europesays.com\/pl\/wp-json\/wp\/v2\/posts\/153852","targetHints":{"allow":["GET"]}}],"collection":[{"href":"https:\/\/www.europesays.com\/pl\/wp-json\/wp\/v2\/posts"}],"about":[{"href":"https:\/\/www.europesays.com\/pl\/wp-json\/wp\/v2\/types\/post"}],"author":[{"embeddable":true,"href":"https:\/\/www.europesays.com\/pl\/wp-json\/wp\/v2\/users\/2"}],"replies":[{"embeddable":true,"href":"https:\/\/www.europesays.com\/pl\/wp-json\/wp\/v2\/comments?post=153852"}],"version-history":[{"count":0,"href":"https:\/\/www.europesays.com\/pl\/wp-json\/wp\/v2\/posts\/153852\/revisions"}],"wp:featuredmedia":[{"embeddable":true,"href":"https:\/\/www.europesays.com\/pl\/wp-json\/wp\/v2\/media\/153853"}],"wp:attachment":[{"href":"https:\/\/www.europesays.com\/pl\/wp-json\/wp\/v2\/media?parent=153852"}],"wp:term":[{"taxonomy":"category","embeddable":true,"href":"https:\/\/www.europesays.com\/pl\/wp-json\/wp\/v2\/categories?post=153852"},{"taxonomy":"post_tag","embeddable":true,"href":"https:\/\/www.europesays.com\/pl\/wp-json\/wp\/v2\/tags?post=153852"}],"curies":[{"name":"wp","href":"https:\/\/api.w.org\/{rel}","templated":true}]}}