{"id":153856,"date":"2025-12-16T11:45:12","date_gmt":"2025-12-16T11:45:12","guid":{"rendered":"https:\/\/www.europesays.com\/pl\/153856\/"},"modified":"2025-12-16T11:45:12","modified_gmt":"2025-12-16T11:45:12","slug":"od-slowa-do-slowa-i-zalozyli-sie-o-legie-podali-o-jakie-kwoty","status":"publish","type":"post","link":"https:\/\/www.europesays.com\/pl\/153856\/","title":{"rendered":"Od s\u0142owa do s\u0142owa i&#8230; za\u0142o\u017cyli si\u0119 o Legi\u0119. Podali, o jakie kwoty"},"content":{"rendered":"\n<p class=\"contentpart contentpart--default contentpart--text\" data-position=\"0\"><a href=\"https:\/\/sportowefakty.wp.pl\/pilka-nozna\/jaroslaw-krolewski\" rel=\"nofollow noopener\" target=\"_blank\">Jaros\u0142aw Kr\u00f3lewski<\/a>, w\u0142a\u015bciciel <a href=\"https:\/\/sportowefakty.wp.pl\/pilka-nozna\/wisla-krakow\" rel=\"nofollow noopener\" target=\"_blank\">Wis\u0142y Krak\u00f3w<\/a>, zaskoczy\u0142 w poniedzia\u0142ek prognoz\u0105 dotycz\u0105c\u0105 <a href=\"https:\/\/sportowefakty.wp.pl\/pilka-nozna\/legia-warszawa\" rel=\"nofollow noopener\" target=\"_blank\">Legii Warszawa<\/a>. Wytypowa\u0142, \u017ce sto\u0142eczny klub zako\u0144czy sezon na miejscu premiowanym awansem do eliminacji europejskich puchar\u00f3w. To oznacza lokaty 1-4, cho\u0107 niewykluczone \u017ce premiowana awansem b\u0119dzie r\u00f3wnie\u017c pi\u0105ta pozycja. To ju\u017c zale\u017cy od miejsca w <a href=\"https:\/\/sportowefakty.wp.pl\/pilka-nozna\/pko-ekstraklasa\" rel=\"nofollow noopener\" target=\"_blank\">PKO Ekstraklasie<\/a>\u00a0triumfatora <a href=\"https:\/\/sportowefakty.wp.pl\/pilka-nozna\/puchar-polski\" rel=\"nofollow noopener\" target=\"_blank\">STS Pucharu Polski<\/a>.<\/p>\n<p class=\"contentpart contentpart--default contentpart--text\" data-position=\"1\">Legia na razie musi jednak martwi\u0107 si\u0119 utrzymaniem w <a href=\"https:\/\/sportowefakty.wp.pl\/pilka-nozna\/pko-ekstraklasa\" rel=\"nofollow noopener\" target=\"_blank\">PKO Ekstraklasie<\/a>, poniewa\u017c zimuje na przedostatnim miejscu w tabeli, w strefie spadkowej. Na poprawienie sytuacji pozosta\u0142a jeszcze runda wiosenna, chocia\u017c do puchar\u00f3w na razie Legii daleko.<\/p>\n<p> <img role=\"presentation\" src=\"https:\/\/std.wpcdn.pl\/images\/adv\/placeholder_wp.svg\" loading=\"lazy\" alt=\"\" decoding=\"async\"\/>  <\/p>\n<p class=\"contentpart contentpart--default contentpart--text\" data-position=\"2\">Jaros\u0142aw Kr\u00f3lewski przedstawi\u0142 swoj\u0105 argumentacj\u0119 w portalu spo\u0142eczno\u015bciowym X, na co zareagowa\u0142 <a href=\"https:\/\/sportowefakty.wp.pl\/pilka-nozna\/cezary-kucharski\" rel=\"nofollow noopener\" target=\"_blank\">Cezary Kucharski<\/a>. By\u0142y pi\u0142karz, a tak\u017ce mened\u017cer <a href=\"https:\/\/sportowefakty.wp.pl\/pilka-nozna\/robert-lewandowski\" rel=\"nofollow noopener\" target=\"_blank\">Roberta Lewandowskiego<\/a>\u00a0nie podziela optymizmu Kr\u00f3lewskiego w sprawie Legii.<\/p>\n<p class=\"contentpart contentpart--default contentpart--text\" data-position=\"3\">ZOBACZ WIDEO: #dziejesiewsporcie: Gol z po\u0142owy boiska. Mo\u017cna ogl\u0105da\u0107 i ogl\u0105da\u0107<\/p>\n<p class=\"contentpart contentpart--default contentpart--text\" data-position=\"5\">&#8222;Rozumiem dobre intencje, ale \u017cyczliwie doradzam korzystanie z inteligencji a nie sztucznej inteligencji&#8221; &#8211; rozpocz\u0105\u0142 sw\u00f3j wpis Cezary Kucharski, a w podsumowaniu napisa\u0142 sw\u00f3j wniosek, \u017ce Legia do europejskich puchar\u00f3w si\u0119 nie za\u0142apie.<\/p>\n<p class=\"contentpart contentpart--default contentpart--text\" data-position=\"6\">Od s\u0142owa do s\u0142owa w\u0142a\u015bciciel Wis\u0142y zaproponowa\u0142 zak\u0142ad Cezaremu Kucharskiemu. Stawk\u0105 jest solidna wp\u0142ata na cel charytatywny. Kr\u00f3lewski poda\u0142 ju\u017c nawet nieprzypadkowe stawki.<\/p>\n<p> <img role=\"presentation\" src=\"https:\/\/std.wpcdn.pl\/images\/adv\/placeholder_wp.svg\" loading=\"lazy\" alt=\"\" decoding=\"async\"\/>  <\/p>\n<p class=\"contentpart contentpart--default contentpart--text\" data-position=\"7\">Je\u017celi Legia awansuje przynajmniej do eliminacji <a href=\"https:\/\/sportowefakty.wp.pl\/pilka-nozna\/liga-konferencji-europy\" rel=\"nofollow noopener\" target=\"_blank\">Ligi Konferencji<\/a>, Cezary Kucharski b\u0119dzie musia\u0142 wp\u0142aci\u0107 1916 z\u0142otych, a w razie braku awansu konto Kr\u00f3lewskiego zostanie odchudzone o 1906 z\u0142otych. Te kwoty nawi\u0105zuj\u0105 do lat, w kt\u00f3rych powsta\u0142y kluby z <a href=\"https:\/\/sportowefakty.wp.pl\/polska\/warszawa\" rel=\"nofollow noopener\" target=\"_blank\">Warszawy<\/a>\u00a0i <a href=\"https:\/\/sportowefakty.wp.pl\/polska\/krakow\" rel=\"nofollow noopener\" target=\"_blank\">Krakowa<\/a>.<\/p>\n<p class=\"contentpart contentpart--default contentpart--text\" data-position=\"8\">&#8222;Wchodz\u0119 w zak\u0142ad&#8221; &#8211; odpisa\u0142 kr\u00f3tko Kucharski.<\/p>\n<p class=\"contentpart contentpart--default contentpart--text\" data-position=\"9\">Kryzys Legii powoduje du\u017ce emocje, czemu trudno si\u0119 dziwi\u0107. Dru\u017cyna zimuje w strefie spadkowej, a tak\u017ce odpad\u0142a ju\u017c z <a href=\"https:\/\/sportowefakty.wp.pl\/pilka-nozna\/puchar-polski\" rel=\"nofollow noopener\" target=\"_blank\">STS Pucharu Polski<\/a>\u00a0i <a href=\"https:\/\/sportowefakty.wp.pl\/pilka-nozna\/liga-konferencji-europy\" rel=\"nofollow noopener\" target=\"_blank\">Ligi Konferencji<\/a>. W rundzie wiosennej za jej wyniki ma ju\u017c odpowiada\u0107 nowy trener <a href=\"https:\/\/sportowefakty.wp.pl\/pilka-nozna\/marek-papszun\" rel=\"nofollow noopener\" target=\"_blank\">Marek Papszun<\/a>.<\/p>\n<p class=\"contentpart contentpart--default contentpart--text\" data-position=\"10\">Na razie jednak w czwartek Legia zako\u0144czy rund\u0119 jesienn\u0105 po\u017cegnalnym meczem przeciwko <a href=\"https:\/\/sportowefakty.wp.pl\/pilka-nozna\/lincoln-red-imps-fc\" rel=\"nofollow noopener\" target=\"_blank\">Lincoln Red Imps<\/a>\u00a0w Lidze Konferencji.<\/p>\n","protected":false},"excerpt":{"rendered":"Jaros\u0142aw Kr\u00f3lewski, w\u0142a\u015bciciel Wis\u0142y Krak\u00f3w, zaskoczy\u0142 w poniedzia\u0142ek prognoz\u0105 dotycz\u0105c\u0105 Legii Warszawa. Wytypowa\u0142, \u017ce sto\u0142eczny klub zako\u0144czy sezon&hellip;\n","protected":false},"author":2,"featured_media":153857,"comment_status":"","ping_status":"","sticky":false,"template":"","format":"standard","meta":{"footnotes":""},"categories":[24],"tags":[1740,19666,713,269,1724,42,38,40,39,41,127,268,126,435],"class_list":{"0":"post-153856","1":"post","2":"type-post","3":"status-publish","4":"format-standard","5":"has-post-thumbnail","7":"category-sport","8":"tag-cezary-kucharski","9":"tag-jaroslaw-krolewski","10":"tag-legia-warszawa","11":"tag-pilka-nozna","12":"tag-pko-ekstraklasa","13":"tag-pl","14":"tag-poland","15":"tag-polish","16":"tag-polska","17":"tag-polski","18":"tag-sport","19":"tag-sportowybar","20":"tag-sports","21":"tag-warszawa"},"share_on_mastodon":{"url":"https:\/\/pubeurope.com\/@pl\/115729080653343605","error":""},"_links":{"self":[{"href":"https:\/\/www.europesays.com\/pl\/wp-json\/wp\/v2\/posts\/153856","targetHints":{"allow":["GET"]}}],"collection":[{"href":"https:\/\/www.europesays.com\/pl\/wp-json\/wp\/v2\/posts"}],"about":[{"href":"https:\/\/www.europesays.com\/pl\/wp-json\/wp\/v2\/types\/post"}],"author":[{"embeddable":true,"href":"https:\/\/www.europesays.com\/pl\/wp-json\/wp\/v2\/users\/2"}],"replies":[{"embeddable":true,"href":"https:\/\/www.europesays.com\/pl\/wp-json\/wp\/v2\/comments?post=153856"}],"version-history":[{"count":0,"href":"https:\/\/www.europesays.com\/pl\/wp-json\/wp\/v2\/posts\/153856\/revisions"}],"wp:featuredmedia":[{"embeddable":true,"href":"https:\/\/www.europesays.com\/pl\/wp-json\/wp\/v2\/media\/153857"}],"wp:attachment":[{"href":"https:\/\/www.europesays.com\/pl\/wp-json\/wp\/v2\/media?parent=153856"}],"wp:term":[{"taxonomy":"category","embeddable":true,"href":"https:\/\/www.europesays.com\/pl\/wp-json\/wp\/v2\/categories?post=153856"},{"taxonomy":"post_tag","embeddable":true,"href":"https:\/\/www.europesays.com\/pl\/wp-json\/wp\/v2\/tags?post=153856"}],"curies":[{"name":"wp","href":"https:\/\/api.w.org\/{rel}","templated":true}]}}