{"id":153863,"date":"2025-12-16T11:49:08","date_gmt":"2025-12-16T11:49:08","guid":{"rendered":"https:\/\/www.europesays.com\/pl\/153863\/"},"modified":"2025-12-16T11:49:08","modified_gmt":"2025-12-16T11:49:08","slug":"kreml-reaguje-na-szczyt-w-berlinie-nie-widzielismy-zadnych-tekstow","status":"publish","type":"post","link":"https:\/\/www.europesays.com\/pl\/153863\/","title":{"rendered":"Kreml reaguje na szczyt w Berlinie. &#8222;Nie widzieli\u015bmy \u017cadnych tekst\u00f3w&#8221;"},"content":{"rendered":"<p class=\"ods-c-paragraph \">W poniedzia\u0142ek europejscy przyw\u00f3dcy spotkali si\u0119 na szczycie w Berlinie, po dwudniowych negocjacjach z udzia\u0142em delegacji Ukrainy i USA. O\u015bwiadczyli, \u017ce <a href=\"https:\/\/wiadomosci.onet.pl\/swiat\/rozmowy-w-berlinie-o-ukrainie-mamy-piec-celow-dotyczacych-negocjacji\/m9gysmz\" id=\"43b86d89-eb10-402c-af9a-470ec5880e51\" rel=\"nofollow noopener\" target=\"_blank\">USA i Europa zobowi\u0105za\u0142y si\u0119 do wsp\u00f3\u0142pracy nad zapewnieniem Ukrainie gwarancji bezpiecze\u0144stwa<\/a> w razie zako\u0144czenia wojny z Rosj\u0105.<\/p>\n<p>Dalszy ci\u0105g artyku\u0142u pod materia\u0142em wideo<\/p>\n<p> Jakie by\u0142y tematy rozm\u00f3w w Berlinie? <\/p>\n<p> Co powiedzia\u0142 rzecznik Kremla o negocjacjach? <\/p>\n<p> Czy Kreml widzia\u0142 ju\u017c teksty dotycz\u0105ce planu pokojowego? <\/p>\n<p> Jak Kreml ocenia ch\u0119\u0107 Ukrainy do zawarcia porozumienia pokojowego? <\/p>\n<p class=\"ods-c-paragraph \">Rzecznik prasowy W\u0142adimira Putina o\u015bwiadczy\u0142 we wtorek, \u017ce Moskwa do tej pory widzia\u0142a jedynie doniesienia medialne w tej sprawie, ale nie zamierza na nie odpowiada\u0107. \u2014 Nie widzieli\u015bmy jeszcze \u017cadnych tekst\u00f3w. Kiedy je zobaczymy, przeanalizujemy je \u2014 stwierdzi\u0142 Dmitrij Pieskow w rozmowie z dziennikarzami.<\/p>\n<p>   Rzecznik Kremla zn\u00f3w oskar\u017ca Ukrain\u0119<\/p>\n<p class=\"ods-c-paragraph \">Po raz kolejny powt\u00f3rzy\u0142 te\u017c propagand\u0119 Kremla, oskar\u017caj\u0105c Ukrain\u0119 o to, \u017ce w\u0142adze w Kijowie wcale nie chc\u0105 zawrze\u0107 trwa\u0142ego porozumienia pokojowego. \u2014 Je\u015bli w\u015br\u00f3d Ukrai\u0144c\u00f3w dominowa\u0107 b\u0119dzie ch\u0119\u0107 zast\u0105pienia porozumienia kr\u00f3tkoterminowymi, nierealnymi rozwi\u0105zaniami, to raczej nie b\u0119dziemy gotowi do udzia\u0142u w tym procesie \u2014 oznajmi\u0142 Pieskow.<\/p>\n<p class=\"ods-c-paragraph \">Odni\u00f3s\u0142 si\u0119 te\u017c do ewentualnego rozejmu bo\u017conarodzeniowego. \u2014 Rosja chce pokoju, a nie zawieszenia broni, aby Kij\u00f3w m\u00f3g\u0142 odpocz\u0105\u0107 i przygotowa\u0107 si\u0119 do kontynuacji wojny \u2014 stwierdzi\u0142.<\/p>\n<p class=\"ods-c-paragraph \">Rzecznik Kremla w rozmowie z dziennikarzami m\u00f3wi\u0142 te\u017c <a href=\"https:\/\/wiadomosci.onet.pl\/swiat\/zakonczyla-sie-rozmowa-telefoniczna-trumpa-z-putinem-spotkaja-sie-na-wegrzech\/3z7w2rr\" id=\"59c9570e-821c-488e-9702-ef30724f01c2\" rel=\"nofollow noopener\" target=\"_blank\">o ostatniej rozmowie W\u0142adimira Putina z prezydentem USA Donaldem Trumpem.<\/a> Jak potwierdzi\u0142, mia\u0142a ona miejsce 16 pa\u017adziernika, podkre\u015blaj\u0105c, \u017ce od tego czasu nie by\u0142o dalszych rozm\u00f3w telefonicznych mi\u0119dzy przyw\u00f3dcami obu pa\u0144stw.<\/p>\n","protected":false},"excerpt":{"rendered":"W poniedzia\u0142ek europejscy przyw\u00f3dcy spotkali si\u0119 na szczycie w Berlinie, po dwudniowych negocjacjach z udzia\u0142em delegacji Ukrainy i&hellip;\n","protected":false},"author":2,"featured_media":153864,"comment_status":"","ping_status":"","sticky":false,"template":"","format":"standard","meta":{"footnotes":""},"categories":[14],"tags":[32,33,445,27,76,34,35,28,31,48,25,46,13037,40,41,47,80,29,30,26,408,82,83,84],"class_list":{"0":"post-153863","1":"post","2":"type-post","3":"status-publish","4":"format-standard","5":"has-post-thumbnail","7":"category-swiat","8":"tag-breaking-news","9":"tag-breakingnews","10":"tag-dmitrij_pieskow","11":"tag-headlines","12":"tag-inwazja_rosji_na_ukraine","13":"tag-latest-news","14":"tag-latestnews","15":"tag-naglowki","16":"tag-najwazniejsze-artykuly","17":"tag-nat_styl","18":"tag-news","19":"tag-omp","20":"tag-plan_pokojowy","21":"tag-polish","22":"tag-polski","23":"tag-screening_general","24":"tag-swiat","25":"tag-top-stories","26":"tag-topstories","27":"tag-wiadomosci","28":"tag-wladimir_putin","29":"tag-world","30":"tag-world-news","31":"tag-worldnews"},"share_on_mastodon":{"url":"https:\/\/pubeurope.com\/@pl\/115729096531645499","error":""},"_links":{"self":[{"href":"https:\/\/www.europesays.com\/pl\/wp-json\/wp\/v2\/posts\/153863","targetHints":{"allow":["GET"]}}],"collection":[{"href":"https:\/\/www.europesays.com\/pl\/wp-json\/wp\/v2\/posts"}],"about":[{"href":"https:\/\/www.europesays.com\/pl\/wp-json\/wp\/v2\/types\/post"}],"author":[{"embeddable":true,"href":"https:\/\/www.europesays.com\/pl\/wp-json\/wp\/v2\/users\/2"}],"replies":[{"embeddable":true,"href":"https:\/\/www.europesays.com\/pl\/wp-json\/wp\/v2\/comments?post=153863"}],"version-history":[{"count":0,"href":"https:\/\/www.europesays.com\/pl\/wp-json\/wp\/v2\/posts\/153863\/revisions"}],"wp:featuredmedia":[{"embeddable":true,"href":"https:\/\/www.europesays.com\/pl\/wp-json\/wp\/v2\/media\/153864"}],"wp:attachment":[{"href":"https:\/\/www.europesays.com\/pl\/wp-json\/wp\/v2\/media?parent=153863"}],"wp:term":[{"taxonomy":"category","embeddable":true,"href":"https:\/\/www.europesays.com\/pl\/wp-json\/wp\/v2\/categories?post=153863"},{"taxonomy":"post_tag","embeddable":true,"href":"https:\/\/www.europesays.com\/pl\/wp-json\/wp\/v2\/tags?post=153863"}],"curies":[{"name":"wp","href":"https:\/\/api.w.org\/{rel}","templated":true}]}}