{"id":153867,"date":"2025-12-16T11:51:14","date_gmt":"2025-12-16T11:51:14","guid":{"rendered":"https:\/\/www.europesays.com\/pl\/153867\/"},"modified":"2025-12-16T11:51:14","modified_gmt":"2025-12-16T11:51:14","slug":"kurski-opisal-spory-w-pis-na-reakcje-politykow-nie-trzeba-bylo-czekac","status":"publish","type":"post","link":"https:\/\/www.europesays.com\/pl\/153867\/","title":{"rendered":"Kurski opisa\u0142 spory w PiS. Na reakcje polityk\u00f3w nie trzeba by\u0142o czeka\u0107"},"content":{"rendered":"\n<p>Jacek Kurski w\u00a0czterech d\u0142ugich wpisach w\u00a0mediach spo\u0142eczno\u015bciowych opisa\u0142 sp\u00f3r frakcyjny w\u00a0PiS i\u00a0skrytykowa\u0142 Mateusza Morawieckiego, nawi\u0105zuj\u0105c m.in. <a href=\"https:\/\/wiadomosci.wp.pl\/pilne-zebranie-wladz-pis-bez-morawieckiego-i-szydlo-7231577793366944a?pvclid=01KCJGZ8VHFMZSKECBXM9V0329\" rel=\"noopener noreferrer nofollow\" target=\"_blank\">do jego nieobecno\u015bci na zebraniu w\u0142adz partii<\/a> i\u00a0osobnej, pozapartyjnej Wigilii. W\u00a0tle pojawi\u0142 si\u0119 te\u017c w\u0105tek sonda\u017cowych k\u0142opot\u00f3w PiS, za kt\u00f3re Kurski sugerowa\u0142 odpowiedzialno\u015b\u0107 by\u0142ego premiera.<\/p>\n<p> <a href=\"https:\/\/wiadomosci.wp.pl\/kaczynski-chcial-zdjecie-ale-zabraklo-morawieckiego-prezes-pis-szuka-nowego-terminu-7232717113908160a\" class=\"teaser-inline\" rel=\"nofollow noopener\" target=\"_blank\">  <img decoding=\"async\" src=\"https:\/\/www.europesays.com\/pl\/wp-content\/uploads\/2025\/12\/Y2JjMGQ3dlMrCDt0fkh7RmhQby44EXUQP0h3ZX4Cawp6EmIhOF88QC8aImk2QSxCKx09aSFfdlM6A2IxYBw9WzkaISYoHDxfKA8p.jpeg\" width=\"0\" height=\"0\" loading=\"lazy\" class=\"wp-media-image cropped\" alt=\"Kaczy\u0144ski chcia\u0142 zdj\u0119cie, ale zabrak\u0142o Morawieckiego. Prezes PiS szuka nowego terminu\"\/><\/p>\n<p>Kaczy\u0144ski chcia\u0142 zdj\u0119cie, ale zabrak\u0142o Morawieckiego. Prezes PiS szuka nowego terminu<\/p>\n<p><\/a><\/p>\n<p>Miejsce &#8222;must see&#8221; podczas wizyty w\u00a0Leeds. Istnieje ponad 200 lat <\/p>\n<p>&#8222;Mateusz Morawiecki ewidentnie realizuje jaki\u015b plan. Zachowuje si\u0119 przy tym tak, jakby si\u0119 czego\u015b strasznie ba\u0142. A\u00a0strach jest z\u0142ym doradc\u0105. Deklaracje b. premiera dalece wykraczaj\u0105 poza mandat naszego \u015brodowiska, a\u00a0chwilami przekraczaj\u0105 granice politycznej \u015bmieszno\u015bci. \u015amieszno\u015b\u0107 polega na og\u0142aszaniu si\u0119 premierem wbrew zdrowemu rozs\u0105dkowi&#8221; &#8211;\u00a0napisa\u0142 Kurski.<\/p>\n<p> <img role=\"presentation\" class=\"absolute left-1\/2 top-1\/2 max-h-[80%] max-w-[100px] -translate-x-1\/2 -translate-y-1\/2\" src=\"https:\/\/v.wpimg.pl\/ZXJfd3AudTkrBBIAbg54LGhcRlAxHQUrPgJGH2MAeGJoSQ1eIBI_K2UHAEVuBTY5KQMMXC0RPyoVERQdMgM9ejc\" loading=\"lazy\" decoding=\"async\"\/> <\/p>\n<blockquote><p>&#8222;Dlatego irracjonalne, nielojalne wobec PJK zachowania Mateusza Morawieckiego, przybierane przeze\u0144 ostatnio miny i\u00a0pozy, wydawane sprzeczne komunikaty \u015bwiadcz\u0105 o\u00a0tym, \u017ce cz\u0142owiek ten musia\u0142 znale\u017a\u0107 si\u0119 pod wielkim naciskiem i\u00a0dzia\u0142a w\u00a0warunkach osobistego strachu. Strach jest bardzo z\u0142ym doradc\u0105. Dlatego b. premier powinien by\u0107 otoczony przez nasz\u0105 parti\u0119 ochron\u0105. Je\u015bli jest on czym\u015b szanta\u017cowany, je\u015bli kuszony jest kooptacj\u0105 do w\u0142adzy i\u00a0osobistymi gwarancjami w\u00a0zamian za rozbicie albo os\u0142abienie prawicy, to jego obowi\u0105zkiem jest stani\u0119cie w\u00a0prawdzie i\u00a0powiedzenie tego albo publicznie, albo swojemu politycznemu zwierzchnikowi. Tylko prawda i\u00a0jasno\u015b\u0107 sytuacji daje wolno\u015b\u0107 i\u00a0mo\u017cliwo\u015b\u0107 zarz\u0105dzenia problemem po naszej stronie i\u00a0dla dobra obozu patriotycznego&#8221; &#8211;\u00a0czytamy we wpisie by\u0142ego prezesa TVP.<\/p><\/blockquote>\n<p> <a href=\"https:\/\/wiadomosci.wp.pl\/niesubordynacja-morawieckiego-internet-komentuje-7231763054418880a\" class=\"teaser-inline\" rel=\"nofollow noopener\" target=\"_blank\">  <img decoding=\"async\" src=\"https:\/\/www.europesays.com\/pl\/wp-content\/uploads\/2025\/12\/OTI2MDc3YDUoUDt3TEhtIGsIby0KEWN2PBB3ZkwCfWx5SmIiCl8qJixCImoEQTokKEU9ahNfYDU5W2IyUhwrPTpCISUaHCo5K1cp.jpeg\" width=\"0\" height=\"0\" loading=\"lazy\" class=\"wp-media-image cropped\" alt=\"Niesubordynacja Morawieckiego. Internet komentuje\"\/><\/p>\n<p>Niesubordynacja Morawieckiego. Internet komentuje<\/p>\n<p><\/a><\/p>\n<p>Ruszyli na\u00a0Kurskiego. Tak odpowiedzieli na\u00a0d\u0142ugie wpisy <\/p>\n<p>Wobec wpis\u00f3w Kurskiego nie przeszli oboj\u0119tnie inni politycy PiS-u. Pojawi\u0142o si\u0119 wiele uszczypliwych komentarzy w\u00a0kierunku by\u0142ego szefa TVP.<\/p>\n<p> <img role=\"presentation\" class=\"absolute left-1\/2 top-1\/2 max-h-[80%] max-w-[100px] -translate-x-1\/2 -translate-y-1\/2\" src=\"https:\/\/v.wpimg.pl\/ZXJfd3AudTkrBBIAbg54LGhcRlAxHQUrPgJGH2MAeGJoSQ1eIBI_K2UHAEVuBTY5KQMMXC0RPyoVERQdMgM9ejc\" loading=\"lazy\" decoding=\"async\"\/> <\/p>\n<p>&#8222;Jacku, wykorzystaj sw\u00f3j talent do obrony prof. Cenckiewicza, do wypunktowania jak zrujnowali s\u0142u\u017cb\u0119 zdrowia albo jak zamiast CPK zrobili &#8222;port&#8221; rodem z\u00a0film\u00f3w Barei. Na wewn\u0119trzne uszczypliwo\u015bci go szkoda, szczeg\u00f3lnie \u017ce sto lajk\u00f3w w\u00a0trzy godziny to ich najlepsza recenzja&#8230;&#8221; \u2014\u00a0stwierdzi\u0142 Janusz Cieszy\u0144ski.<\/p>\n<p>&#8222;Taka refleksja: nie zamie\u015bci\u0142e\u015b wczoraj ani dzi\u015b, Jacku, ani jednego wpisu w\u00a0obronie atakowanego prof. Cenckiewicza. Stworzy\u0142e\u015b za to esej na cztery d\u0142ugie wpisy, \u0142\u0105cznie kilka tysi\u0119cy znak\u00f3w \u2014\u00a0przeciwko Mateuszowi Morawieckiego. Po co? PS. Stwierdzenie, \u017ce Prezydent Nawrocki odci\u0105\u0142 si\u0119 w\u00a0kampanii od b. premiera Morawieckiego, jest z\u00a0twojej strony \u2014\u00a0by tak rzec \u2014\u00a0do\u015b\u0107 odwa\u017cne&#8230;&#8221; \u2014\u00a0napisa\u0142 Pawe\u0142 Jab\u0142o\u0144ski. Do swojego komentarza doda\u0142 wpis Karola Nawrockiego, kt\u00f3ry skomentowa\u0142 zapowied\u017a Kurskiego powrotu do telewizji publicznej. <a href=\"https:\/\/wiadomosci.wp.pl\/kurski-zapowiada-powrot-nawrocki-juz-mu-odpowiedzial-7161597022972608a\" rel=\"noopener noreferrer nofollow\" target=\"_blank\">&#8222;Po moim trupie&#8230;&#8221; &#8211;\u00a0napisa\u0142 w\u00f3wczas prezydent.<\/a><\/p>\n<p>&#8222;Jacku, poza tym, \u017ce strasznie d\u0142ugie, po co to?&#8221; &#8211;\u00a0skomentowa\u0142a pos\u0142anka PiS Anita Czerwi\u0144ska.<\/p>\n<p> <img role=\"presentation\" class=\"absolute left-1\/2 top-1\/2 max-h-[80%] max-w-[100px] -translate-x-1\/2 -translate-y-1\/2\" src=\"https:\/\/v.wpimg.pl\/ZXJfd3AudTkrBBIAbg54LGhcRlAxHQUrPgJGH2MAeGJoSQ1eIBI_K2UHAEVuBTY5KQMMXC0RPyoVERQdMgM9ejc\" loading=\"lazy\" decoding=\"async\"\/> <\/p>\n<p>Czytaj tak\u017ce: <a href=\"https:\/\/wiadomosci.wp.pl\/swiateczny-zgrzyt-w-pis-morawiecki-konkuruje-z-kaczynskim-7232670481492928a\" rel=\"noopener noreferrer nofollow\" target=\"_blank\">\u015awi\u0105teczny zgrzyt w\u00a0PiS. Morawiecki &#8222;konkuruje&#8221; z\u00a0Kaczy\u0144skim<\/a><\/p>\n<p>&#8222;Jacku, po pierwsze, b\u0142agam, po twojej kompromitacji w\u00a0wyborach do PE jeste\u015b ostatni\u0105 osob\u0105 w\u00a0zakresie doradzania, jak je wygra\u0107. Wyborcy podsumowali to doskonale. Po drugie, wiem, \u017ce nie by\u0142e\u015b w\u00a0rz\u0105dzie, ale ja akurat mia\u0142em okazj\u0119 by\u0107 blisko procesu podejmowania decyzji \u2014\u00a0w\u00a0tym r\u00f3wnie\u017c w\u00a0sprawach europejskich. I\u00a0zapewniam ciebie, \u017ce nic nie dzia\u0142o si\u0119 bez odpowiednich uzgodnie\u0144 (o kt\u00f3rych nie masz poj\u0119cia) i bez wiedzy pana prezesa Jaros\u0142awa Kaczy\u0144skiego, wi\u0119c nie atakuj szefa naszego obozu!&#8221; \u2014\u00a0napisa\u0142 Piotr Muller.<\/p>\n<p>Do sprawy odni\u00f3s\u0142 si\u0119 tak\u017ce sam Kaczy\u0144ski. &#8211;\u00a0<a href=\"https:\/\/wiadomosci.wp.pl\/kaczynski-o-napieciach-w-pis-interesy-personalne-na-szostym-miejscu-7232879692692416a?pvclid=01KCJFYV4MTBDTXK30H3Z5KSYJ\" rel=\"noopener noreferrer nofollow\" target=\"_blank\">(Mi\u0119dzy politykami PiS -) pad\u0142o kilka niepotrzebnych s\u0142\u00f3w w\u00a0r\u00f3\u017cnych miejscach, r\u00f3\u017cne zapowiedzi, kto kim b\u0119dzie<\/a>. Inni protestowali i\u00a0w\u00a0zwi\u0105zku z\u00a0tym dosz\u0142o do sporu. By\u0142 jeden wywiad, kt\u00f3ry si\u0119 niekt\u00f3rym nie spodoba\u0142, bywa\u0142 nadinterpretowany. By\u0142y nieobecno\u015bci, kt\u00f3re mog\u0142y by\u0107, mog\u0142y nie by\u0107, ale ja bym wola\u0142, \u017ceby jednak te osoby by\u0142y obecne. S\u0105dz\u0119, \u017ce najbli\u017csze dni to wszystko za\u0142atwi\u0105, wyprostuj\u0105, chocia\u017c pewne napi\u0119cie oczywi\u015bcie b\u0119dzie trwa\u0142o &#8211;\u00a0stwierdzi\u0142 lider PiS w\u00a0wywiadzie na Kanale Tak! na YouTube,<\/p>\n<p> <img role=\"presentation\" class=\"absolute left-1\/2 top-1\/2 max-h-[80%] max-w-[100px] -translate-x-1\/2 -translate-y-1\/2\" src=\"https:\/\/v.wpimg.pl\/ZXJfd3AudTkrBBIAbg54LGhcRlAxHQUrPgJGH2MAeGJoSQ1eIBI_K2UHAEVuBTY5KQMMXC0RPyoVERQdMgM9ejc\" loading=\"lazy\" decoding=\"async\"\/> <\/p>\n<p>&#8222;Dzi\u015b nasz kolega Jacek w\u00a0poszukiwaniu swojego miejsca w\u00a0polityce zab\u0142\u0105dzi\u0142. To smutne, ale do przewidzenia. W\u00a0ko\u0144cu to nie pierwszy raz\u2026&#8221; &#8211;\u00a0kpi\u0142 Grzegorz Puda.<\/p>\n<p> <a href=\"https:\/\/wiadomosci.wp.pl\/wrze-w-pis-kulisy-trzygodzinnego-spotkania-7231915378121632a\" class=\"teaser-inline\" rel=\"nofollow noopener\" target=\"_blank\">  <img decoding=\"async\" src=\"https:\/\/www.europesays.com\/pl\/wp-content\/uploads\/2025\/12\/MDhmMDQ0YiUJDzt3fktvMEpXby04EmFmHU93Zn4Bf3xYFWIiOFwoNg0dImo2Qjg0CRo9aiFcYiUYBGIyYB8pLRsdISUoHygpCggp.jpeg\" width=\"0\" height=\"0\" loading=\"lazy\" class=\"wp-media-image cropped\" alt=\"Wrze w PiS. Kulisy trzygodzinnego spotkania\"\/><\/p>\n<p>Wrze w PiS. Kulisy trzygodzinnego spotkania<\/p>\n<p><\/a> <\/p>\n<p>&#8222;Dzwoni\u0119 do Jacka Kurskiego, naszego doradcy w\u00a0ECR, mamy posiedzenie w\u00a0Strasburgu, mn\u00f3stwo spraw, nie ma kontaktu. Nie wiecie, co teraz robi?&#8221; \u2014\u00a0pyta\u0142 Waldemar Buda.<\/p>\n<p> <img role=\"presentation\" class=\"absolute left-1\/2 top-1\/2 max-h-[80%] max-w-[100px] -translate-x-1\/2 -translate-y-1\/2\" src=\"https:\/\/v.wpimg.pl\/ZXJfd3AudTkrBBIAbg54LGhcRlAxHQUrPgJGH2MAeGJoSQ1eIBI_K2UHAEVuBTY5KQMMXC0RPyoVERQdMgM9ejc\" loading=\"lazy\" decoding=\"async\"\/> <\/p>\n<p>&#8222;Waldku, aby kto\u015b si\u0119 dodzwoni\u0142, nale\u017cy znale\u017a\u0107 go na li\u015bcie kontaktowej i\u00a0w\u0142\u0105czy\u0107 zielony przycisk. Obawiam si\u0119, \u017ce nie uda\u0142o ci si\u0119 uzyska\u0107 tych 2\u00a0warunk\u00f3w, poniewa\u017c nie mam pr\u00f3by podj\u0119cia pr\u00f3by od ciebie. Je\u015bli z\u00a0r\u00f3wn\u0105 staranno\u015bci\u0105, jak telefon do mnie, ogarnia\u0142e\u015b kamienie milowe dla Polski, to nie dziwi\u0119 si\u0119, \u017ce na prawo od nas jest dzisiaj 20 proc. wyborc\u00f3w prawicy. PS. Mi\u0142o mi, \u017ce liczysz na moje rady. Co prawda na sta\u0142e z\u00a0innymi cz\u0142onkami, ale zawsze jestem gotowy do pomocy tobie&#8221; &#8211;\u00a0odpowiedzia\u0142 mu Kurski.<\/p>\n<p>&#8222;Jacku, problem z\u00a0wypadkami wyborc\u00f3w masz bardziej ty sam ni\u017c prawica, kt\u00f3rego potrzebujesz, wyczuwam frustracj\u0119, ale na to tylko jedna rada, praca pokora i\u00a0jeszcze raz praca&#8221; &#8211;\u00a0napisa\u0142 zn\u00f3w k\u0105\u015bliwie Buda.<\/p>\n<p>Morawiecki bezpo\u015brednio nie odpowiedzia\u0142 na wpis Kurskiego, jednak doda\u0142 nagranie ze spotkania na Podkarpaciu. &#8222;Gor\u0105ce pozdrowienia z\u00a0Try\u0144czy! Walczymy o\u00a0Polsk\u0119 na Podkarpaciu, a\u00a0nie na X&#8221; &#8211;\u00a0doda\u0142 by\u0142y premier.<\/p>\n","protected":false},"excerpt":{"rendered":"Jacek Kurski w\u00a0czterech d\u0142ugich wpisach w\u00a0mediach spo\u0142eczno\u015bciowych opisa\u0142 sp\u00f3r frakcyjny w\u00a0PiS i\u00a0skrytykowa\u0142 Mateusza Morawieckiego, nawi\u0105zuj\u0105c m.in. do jego&hellip;\n","protected":false},"author":2,"featured_media":153868,"comment_status":"","ping_status":"","sticky":false,"template":"","format":"standard","meta":{"footnotes":""},"categories":[5],"tags":[32,33,36,37,27,34,35,28,31,25,42,38,40,39,41,29,30,26],"class_list":{"0":"post-153867","1":"post","2":"type-post","3":"status-publish","4":"format-standard","5":"has-post-thumbnail","7":"category-naglowki","8":"tag-breaking-news","9":"tag-breakingnews","10":"tag-featured-news","11":"tag-featurednews","12":"tag-headlines","13":"tag-latest-news","14":"tag-latestnews","15":"tag-naglowki","16":"tag-najwazniejsze-artykuly","17":"tag-news","18":"tag-pl","19":"tag-poland","20":"tag-polish","21":"tag-polska","22":"tag-polski","23":"tag-top-stories","24":"tag-topstories","25":"tag-wiadomosci"},"share_on_mastodon":{"url":"https:\/\/pubeurope.com\/@pl\/115729104495973155","error":""},"_links":{"self":[{"href":"https:\/\/www.europesays.com\/pl\/wp-json\/wp\/v2\/posts\/153867","targetHints":{"allow":["GET"]}}],"collection":[{"href":"https:\/\/www.europesays.com\/pl\/wp-json\/wp\/v2\/posts"}],"about":[{"href":"https:\/\/www.europesays.com\/pl\/wp-json\/wp\/v2\/types\/post"}],"author":[{"embeddable":true,"href":"https:\/\/www.europesays.com\/pl\/wp-json\/wp\/v2\/users\/2"}],"replies":[{"embeddable":true,"href":"https:\/\/www.europesays.com\/pl\/wp-json\/wp\/v2\/comments?post=153867"}],"version-history":[{"count":0,"href":"https:\/\/www.europesays.com\/pl\/wp-json\/wp\/v2\/posts\/153867\/revisions"}],"wp:featuredmedia":[{"embeddable":true,"href":"https:\/\/www.europesays.com\/pl\/wp-json\/wp\/v2\/media\/153868"}],"wp:attachment":[{"href":"https:\/\/www.europesays.com\/pl\/wp-json\/wp\/v2\/media?parent=153867"}],"wp:term":[{"taxonomy":"category","embeddable":true,"href":"https:\/\/www.europesays.com\/pl\/wp-json\/wp\/v2\/categories?post=153867"},{"taxonomy":"post_tag","embeddable":true,"href":"https:\/\/www.europesays.com\/pl\/wp-json\/wp\/v2\/tags?post=153867"}],"curies":[{"name":"wp","href":"https:\/\/api.w.org\/{rel}","templated":true}]}}