{"id":153877,"date":"2025-12-16T11:56:10","date_gmt":"2025-12-16T11:56:10","guid":{"rendered":"https:\/\/www.europesays.com\/pl\/153877\/"},"modified":"2025-12-16T11:56:10","modified_gmt":"2025-12-16T11:56:10","slug":"trump-uruchomil-w-europie-mroczne-sily-niecny-plan-usa-wchodzi-juz-w-zycie-patrioci-maja-rozsadzic-ue-od-srodka-analiza","status":"publish","type":"post","link":"https:\/\/www.europesays.com\/pl\/153877\/","title":{"rendered":"Trump uruchomi\u0142 w Europie mroczne si\u0142y. Niecny plan USA wchodzi ju\u017c w \u017cycie. &#8222;Patrioci&#8221; maj\u0105 rozsadzi\u0107 UE od \u015brodka [ANALIZA]"},"content":{"rendered":"<p>Od czasu opublikowania kontrowersyjnej ameryka\u0144skiej strategii bezpiecze\u0144stwa narodowego urz\u0119dnicy administracji Trumpa i przyw\u00f3dcy europejskiej skrajnej prawicy wzi\u0119li udzia\u0142 w serii spotka\u0144.<\/p>\n<p>D\u0105\u017cenie prezydenta USA do wzmocnienia skrajnych ugrupowa\u0144 nie jest abstrakcyjn\u0105 wizj\u0105 \u2014 ale planem zmian, kt\u00f3ry jest w\u0142a\u015bnie realizowany od podstaw. UE ma powa\u017cne powody do obaw. Krucjata Trumpa ma na celu &#8222;zmieni\u0107 kierunek Europy&#8221; \u2014 Waszyngton zaprz\u0105g\u0142 ca\u0142\u0105 si\u0142\u0119 ameryka\u0144skiej dyplomacji, aby promowa\u0107 partie &#8222;patriotyczne&#8221;, ograniczy\u0107 migracj\u0119, zlikwidowa\u0107 &#8222;cenzur\u0119&#8221; i ocali\u0107 &#8222;cywilizacj\u0119&#8221; przed &#8222;wymazaniem&#8221;.<\/p>\n<p class=\"ods-c-paragraph \">W ubieg\u0142ym tygodniu podsekretarz stanu USA Sarah Rogers spotka\u0142a si\u0119 w Waszyngtonie z politykiem skrajnie prawicowej partii Alternatywa dla Niemiec (AfD) Markusem Frohnmaierem.<\/p>\n<p class=\"ods-c-paragraph \">Frohnmaier powiedzia\u0142, \u017ce rozmawiali o niedawno opublikowanej strategii bezpiecze\u0144stwa narodowego, w kt\u00f3rej stwierdzono, \u017ce <a href=\"https:\/\/www.onet.pl\/informacje\/onetwiadomosci\/mocny-komunikat-z-usa-donald-trump-ostrzega-ze-europie-grozi-cywilizacyjne-wymazanie\/pcv3lkn,79cfc278\" id=\"4f9b0a4a-5b90-4b8b-947d-63bd9f5c10ab\" rel=\"nofollow noopener\" target=\"_blank\">Europa stoi w obliczu &#8222;zaniku cywilizacji&#8221;<\/a> z powodu migracji i utraty to\u017csamo\u015bci narodowej. Jest to przes\u0142anie podzielane r\u00f3wnie\u017c przez polityk\u00f3w AfD.<\/p>\n<p>Dalszy ci\u0105g artyku\u0142u pod materia\u0142em wideo<\/p>\n<p class=\"ods-c-paragraph \">&#8222;Waszyngton szuka silnego niemieckiego partnera, kt\u00f3ry jest got\u00f3w wzi\u0105\u0107 na siebie odpowiedzialno\u015b\u0107&#8221; \u2014 napisa\u0142 Frohnmaier w po\u015bcie opublikowanym po spotkaniu w internecie. &#8222;Niemcy powinny ponownie sta\u0107 si\u0119 zdoln\u0105 do przewodzenia pot\u0119g\u0105 poprzez zdecydowan\u0105 zmian\u0119 polityki migracyjnej i niezale\u017cn\u0105 organizacj\u0119 bezpiecze\u0144stwa europejskiego&#8221;.<\/p>\n<p class=\"ods-c-paragraph \">Frohnmaier by\u0142 jednym z ok. 20 polityk\u00f3w AfD, kt\u00f3rzy w zesz\u0142ym tygodniu udali si\u0119 do Waszyngtonu i Nowego Jorku, aby spotka\u0107 si\u0119 z sympatykami i urz\u0119dnikami administracji Trumpa. Liderzy AfD coraz cz\u0119\u015bciej staraj\u0105 si\u0119 nawi\u0105za\u0107 kontakty z Republikanami, postrzegaj\u0105c poparcie administracji Trumpa jako spos\u00f3b na zapewnienie sobie legitymizacji w kraju i zako\u0144czenie politycznego ostracyzmu.<\/p>\n<p class=\"ods-c-paragraph \">Frohnmaier, wiceprzewodnicz\u0105cy frakcji parlamentarnej AfD, by\u0142 r\u00f3wnie\u017c &#8222;go\u015bciem honorowym&#8221; podczas corocznej gali New York Young Republican Club.<\/p>\n<p><img decoding=\"async\" src=\"https:\/\/www.europesays.com\/pl\/wp-content\/uploads\/2025\/12\/exCk9lBaHR0cHM6Ly9vY2RuLmV1L3B1bHNjbXMvTURBXy8yOTVkZThiMWQxZmEzZDZlNDFkNjQ3YmQxODRiZjI0NS5qcGeRlQLNB.jpeg\" height=\"627\" width=\"940\" alt=\"Markus Frohnmaier (AfD) przemawia na 113. dorocznej gali New York Young Republican Club, 13 grudnia 2025 r.\" loading=\"lazy\" class=\"ods-c-image__img ods-c-image__img--viewport-width\"\/><\/p>\n<p>Markus Frohnmaier (AfD) przemawia na 113. dorocznej gali New York Young Republican Club, 13 grudnia 2025 r.Adam Gray \/ Stringer \/ Getty Images<\/p>\n<p class=\"ods-c-paragraph \">Ta nowojorska grupa otwarcie popar\u0142a AfD, g\u0142osz\u0105c has\u0142o: &#8222;AfD uber alles&#8221; (AfD ponad wszystko). Jest to adaptacja nacjonalistycznego has\u0142a kojarzonego z nazistowsk\u0105 przesz\u0142o\u015bci\u0105 Niemiec.<\/p>\n<p class=\"ods-c-paragraph \">&#8222;Sojusz mi\u0119dzy ameryka\u0144skimi i niemieckimi patriotami jest koszmarem liberalnych elit i nadziej\u0105 wolnego \u015bwiata&#8221; \u2014 powiedzia\u0142 Frohnmaier w przem\u00f3wieniu podczas imprezy.<\/p>\n<p class=\"ods-c-paragraph \">Ostatnie spotkania s\u0105 kontynuacj\u0105 dzia\u0142a\u0144 na rzecz zbli\u017cenia mi\u0119dzy ruchem Trumpa &#8222;Make America Great Again&#8221; [<a href=\"https:\/\/www.onet.pl\/informacje\/onetwiadomosci\/wsciekla-wariatka-marjorie-taylor-greene-zalazla-donaldowi-trumpowi-za-skore\/8rxmvk0,79cfc278\" id=\"da751042-903a-48a3-a548-6804f7983870\" rel=\"nofollow noopener\" target=\"_blank\">&#8222;Uczyni\u0107 Ameryk\u0119 Znowu Wielk\u0105&#8221;, MAGA<\/a>] a ideologicznie zbli\u017conymi partiami europejskimi.<\/p>\n<p>&#8222;B\u0119dziemy to robi\u0107 nadal&#8221;<\/p>\n<p class=\"ods-c-paragraph \"><a href=\"https:\/\/www.onet.pl\/informacje\/onetwiadomosci\/nigel-farage-znecal-sie-nad-zydowskim-kolega-antysemicki-skandal-z-udzialem-ojca\/d1t8s5g,79cfc278\" id=\"5b1a0941-cb6c-4e65-9320-214f26123cf5\" rel=\"nofollow noopener\" target=\"_blank\">Lider brytyjskiej partii Reform Nigel Farage<\/a>, d\u0142ugoletni sojusznik Trumpa, zatrzyma\u0142 si\u0119 w Gabinecie Owalnym podczas wizyty w Stanach Zjednoczonych we wrze\u015bniu. W listopadzie doradca polityczny Trumpa Alex Brusewitz spotka\u0142 si\u0119 z liderami AfD w Berlinie, gdzie og\u0142osi\u0142, \u017ce ruch MAGA w Stanach Zjednoczonych ma wsp\u00f3ln\u0105 spraw\u0119 z niemieck\u0105 parti\u0105.<\/p>\n<p class=\"ods-c-paragraph \">Trump od dawna wyra\u017ca r\u00f3wnie\u017c poparcie dla premiera W\u0119gier Viktora Orbana, chocia\u017c w wywiadzie udzielonym Dashy Burns z POLITICO powiedzia\u0142, \u017ce nie obieca\u0142 <a href=\"https:\/\/wiadomosci.onet.pl\/swiat\/donald-trump-ruszyl-na-pomoc-sojusznikowi-pierwsza-taka-interwencja\/c7l7m74\" id=\"d6206b0c-cd21-4429-a49c-8f25729f57e2\" rel=\"nofollow noopener\" target=\"_blank\">pomocy finansowej w stylu argenty\u0144skim<\/a>, aby zwi\u0119kszy\u0107 szanse Orbana w przysz\u0142orocznych wyborach.<\/p>\n<p>   <a href=\"https:\/\/wiadomosci.onet.pl\/politico\/donald-trump-europa-ma-wielu-glupich-przywodcow-za-to-polska-wykonala-bardzo-dobra\/lw8s9rl\" target=\"_blank\" class=\"ods-c-linked-image\" rel=\"nofollow noopener\"> <img src=\"https:\/\/www.europesays.com\/pl\/wp-content\/uploads\/2025\/12\/8u4k9lBaHR0cHM6Ly9vY2RuLmV1L3B1bHNjbXMvTURBXy9mZmI1MGMyNjlkZTFiNDgwNmM2MDQ5ZDljMmU1NDExMC5wbmeRlQLNB.jpeg\" height=\"133\" width=\"940\" alt=\"Wywiad z Donaldem Trumpem\" fetchpriority=\"auto\" loading=\"lazy\" decoding=\"async\" class=\"ods-c-image__img ods-c-linked-image__image\"\/>  <\/a><\/p>\n<p class=\"ods-c-paragraph \">W Pary\u017cu ambasador USA we Francji Charles Kushner spotka\u0142 si\u0119 z przyw\u00f3dcami francuskiej skrajnej prawicy Marine Le Pen i Jordanem Bardell\u0105 kilka dni po opublikowaniu strategii bezpiecze\u0144stwa narodowego administracji Trumpa.<\/p>\n<p class=\"ods-c-paragraph \">Kushner powiedzia\u0142, \u017ce &#8222;docenia mo\u017cliwo\u015b\u0107&#8221; zapoznania si\u0119 z &#8222;programem gospodarczym i spo\u0142ecznym przyw\u00f3dc\u00f3w skrajnej prawicy oraz ich pogl\u0105dami na przysz\u0142o\u015b\u0107 Francji&#8221;.<\/p>\n<p><img decoding=\"async\" src=\"https:\/\/www.europesays.com\/pl\/wp-content\/uploads\/2025\/12\/ziyk9lBaHR0cHM6Ly9vY2RuLmV1L3B1bHNjbXMvTURBXy9mMTk1NWI3Zjc2YTFkNjE3MjM1ZDc2ODQxOTNlOGNlOC5qcGeRlQLNB.jpeg\" height=\"627\" width=\"940\" alt=\"Przewodnicz\u0105cy Zjednoczenia Narodowego Jordan Bardella\" loading=\"lazy\" class=\"ods-c-image__img ods-c-image__img--viewport-width\"\/><\/p>\n<p>Przewodnicz\u0105cy Zjednoczenia Narodowego Jordan BardellaAlessandro Bremec\/NurPhoto via Getty Images \/ Contributor \/ Getty Images<\/p>\n<p class=\"ods-c-paragraph \">Jako <a href=\"https:\/\/www.onet.pl\/informacje\/onetwiadomosci\/donald-trump-wskazal-przyszlego-ambasadora-we-francji-to-ojciec-jego-ziecia\/c7bbq4n,79cfc278\" id=\"f07c5116-0c01-4d59-b06d-0d10e90481c4\" rel=\"nofollow noopener\" target=\"_blank\">ojciec Jareda Kushnera, zi\u0119cia Trumpa i doradcy dyplomatycznego<\/a>, starszy Kushner ma bezpo\u015bredni kontakt z Bia\u0142ym Domem. W wywiadzie dla POLITICO w zesz\u0142ym tygodniu Trump powiedzia\u0142, \u017ce mo\u017ce poprze\u0107 kandydat\u00f3w politycznych, kt\u00f3rzy podzielaj\u0105 jego wizj\u0119 Europy.<\/p>\n<p class=\"ods-c-paragraph \">W ostatnich tygodniach Kushner spotka\u0142 si\u0119 r\u00f3wnie\u017c z przyw\u00f3dcami co najmniej dw\u00f3ch innych francuskich partii, ale rzecznik ambasady USA we Francji zasugerowa\u0142, \u017ce spotkania te nie by\u0142y cz\u0119\u015bci\u0105 skoordynowanych dzia\u0142a\u0144 maj\u0105cych na celu wsparcie skrajnej prawicy w Europie: &#8222;zgodnie ze standardow\u0105 praktyk\u0105, misja dyplomatyczna USA we Francji regularnie wsp\u00f3\u0142pracuje z szerokim gronem partii politycznych i przyw\u00f3dc\u00f3w i b\u0119dziemy to robi\u0107 nadal&#8221;.<\/p>\n<p class=\"ods-c-paragraph \">Jednak w przeciwie\u0144stwie do przyw\u00f3dc\u00f3w niemieckiej AfD, Le Pen i Bardella \u2014 a tak\u017ce inni politycy z ich skrajnie prawicowego Zjednoczenia Narodowego \u2014 niech\u0119tnie popieraj\u0105 Trumpa, bior\u0105c pod uwag\u0119 jego niepopularno\u015b\u0107 we Francji.<\/p>\n<p class=\"ods-c-paragraph \">Je\u015bli chodzi o AfD, to jej dzia\u0142ania na rzecz pozyskania partner\u00f3w w Stanach Zjednoczonych b\u0119d\u0105 kontynuowane. Frohnmaier powiedzia\u0142, \u017ce zaprosi ameryka\u0144skich prawodawc\u00f3w na kongres w Berlinie w lutym, kt\u00f3rego celem b\u0119dzie pog\u0142\u0119bienie wi\u0119zi z Republikanami.<\/p>\n","protected":false},"excerpt":{"rendered":"Od czasu opublikowania kontrowersyjnej ameryka\u0144skiej strategii bezpiecze\u0144stwa narodowego urz\u0119dnicy administracji Trumpa i przyw\u00f3dcy europejskiej skrajnej prawicy wzi\u0119li udzia\u0142&hellip;\n","protected":false},"author":2,"featured_media":153878,"comment_status":"","ping_status":"","sticky":false,"template":"","format":"standard","meta":{"footnotes":""},"categories":[14],"tags":[56,32,33,44,189,27,34,35,28,31,48,25,46,1769,40,1314,41,47,80,29,30,71,4396,26,82,83,84],"class_list":{"0":"post-153877","1":"post","2":"type-post","3":"status-publish","4":"format-standard","5":"has-post-thumbnail","7":"category-swiat","8":"tag-article_premium","9":"tag-breaking-news","10":"tag-breakingnews","11":"tag-donald_trump","12":"tag-europa","13":"tag-headlines","14":"tag-latest-news","15":"tag-latestnews","16":"tag-naglowki","17":"tag-najwazniejsze-artykuly","18":"tag-nat_styl","19":"tag-news","20":"tag-omp","21":"tag-partia_republikanska_republikanie_","22":"tag-polish","23":"tag-politico","24":"tag-polski","25":"tag-screening_general","26":"tag-swiat","27":"tag-top-stories","28":"tag-topstories","29":"tag-usa","30":"tag-waszyngton","31":"tag-wiadomosci","32":"tag-world","33":"tag-world-news","34":"tag-worldnews"},"share_on_mastodon":{"url":"https:\/\/pubeurope.com\/@pl\/115729124022532835","error":""},"_links":{"self":[{"href":"https:\/\/www.europesays.com\/pl\/wp-json\/wp\/v2\/posts\/153877","targetHints":{"allow":["GET"]}}],"collection":[{"href":"https:\/\/www.europesays.com\/pl\/wp-json\/wp\/v2\/posts"}],"about":[{"href":"https:\/\/www.europesays.com\/pl\/wp-json\/wp\/v2\/types\/post"}],"author":[{"embeddable":true,"href":"https:\/\/www.europesays.com\/pl\/wp-json\/wp\/v2\/users\/2"}],"replies":[{"embeddable":true,"href":"https:\/\/www.europesays.com\/pl\/wp-json\/wp\/v2\/comments?post=153877"}],"version-history":[{"count":0,"href":"https:\/\/www.europesays.com\/pl\/wp-json\/wp\/v2\/posts\/153877\/revisions"}],"wp:featuredmedia":[{"embeddable":true,"href":"https:\/\/www.europesays.com\/pl\/wp-json\/wp\/v2\/media\/153878"}],"wp:attachment":[{"href":"https:\/\/www.europesays.com\/pl\/wp-json\/wp\/v2\/media?parent=153877"}],"wp:term":[{"taxonomy":"category","embeddable":true,"href":"https:\/\/www.europesays.com\/pl\/wp-json\/wp\/v2\/categories?post=153877"},{"taxonomy":"post_tag","embeddable":true,"href":"https:\/\/www.europesays.com\/pl\/wp-json\/wp\/v2\/tags?post=153877"}],"curies":[{"name":"wp","href":"https:\/\/api.w.org\/{rel}","templated":true}]}}