{"id":153881,"date":"2025-12-16T11:58:12","date_gmt":"2025-12-16T11:58:12","guid":{"rendered":"https:\/\/www.europesays.com\/pl\/153881\/"},"modified":"2025-12-16T11:58:12","modified_gmt":"2025-12-16T11:58:12","slug":"marek-papszun-zmienil-zdanie-wygadal-sie-po-spotkaniu-z-markiem-cieslakiem-przeglad-sportowy-onet","status":"publish","type":"post","link":"https:\/\/www.europesays.com\/pl\/153881\/","title":{"rendered":"Marek Papszun zmieni\u0142 zdanie. Wygada\u0142 si\u0119 po spotkaniu z Markiem Cie\u015blakiem &#8211; Przegl\u0105d Sportowy Onet"},"content":{"rendered":"<ol>\n<li><a href=\"https:\/\/news.google.com\/rss\/articles\/CBMizAFBVV95cUxNak5VZzZZcDlyNVhpT21TWlhTM1hianZVdkM2VGRfNkxVb042WDhJQU9ibXJRZkJMdmU5WUw0ZXFyZnk2Rmg5NVhBZlhlY3JsbW1qZVZjbC1vZm1veFFsRnZWUGdfb2lCMkNLUG9La1g0SllyRld3cjVlTkpoODA4YUVmaTdmQ3paQnNHMW5QeXR4VC1sbXlRajdsc3Nwc1hXZ21kUlRMQWxwWS1WOFk4WmxYaEh2S2x5MGZRNHN2aFE2UDFmOG1iTUEzZG0?oc=5\" target=\"_blank\" rel=\"nofollow noopener\">Marek Papszun zmieni\u0142 zdanie. Wygada\u0142 si\u0119 po spotkaniu z Markiem Cie\u015blakiem<\/a>&nbsp;&nbsp;Przegl\u0105d Sportowy Onet<\/li>\n<li><a href=\"https:\/\/news.google.com\/rss\/articles\/CBMiuAFBVV95cUxPUjZaWm5VaGxhTVAxXzl2M3g3emJpUlF6Nl9mQXhDQ0dKRFNxM3c4RUF2dUczNzk4SXpqaG1LRjhkQ2tvLTVmSEdrckV6OTRLTGVRemZQZEhqcUVYdHRuMHlfZXVXZzNMdkl6TTZOTkdWRV9MMmZhbzdfTDhIV2dlVzdwNDExcWl6WFYxMkJ5Z3ZhUTJlMWlrcFdFZnVRWmNfSVVKUTNvMTlWa3NWNlU3Mmd3ekFBelRY?oc=5\" target=\"_blank\" rel=\"nofollow noopener\">Zdradzi\u0142, co us\u0142ysza\u0142 od Papszuna o odej\u015bciu z Rakowa. &#8222;Wierz\u0119, \u017ce tak mo\u017ce by\u0107&#8221;<\/a>&nbsp;&nbsp;SportoweFakty<\/li>\n<li><a href=\"https:\/\/news.google.com\/rss\/articles\/CBMingFBVV95cUxPQ2hPU2Q0bkVxemJ6R1dZMThNaUI0Zk44QVBYVUtkYmR1c3J3TTJxTVJTZ0lkZVlld0Z0dGwtekU3SXlRME0tVVpxLVlDTzVYQk5BSTJnbTkya2VxWjdUeVdTWXJUbjN0RDFFNTBOdEJCUGl4UmtTSHNDQWVLcUM5X2R6TmhkMjZEOE5lRnBxdnlDMGtXbHZMRVdzeVlRdw?oc=5\" target=\"_blank\" rel=\"nofollow noopener\">\u017bu\u017cel. Marek Papszun m\u00f3wi o\u2026 \u017cu\u017clu! Takie s\u0142owa o Cie\u015blaku i dyscyplinie<\/a>&nbsp;&nbsp;PoBandzie<\/li>\n<li><a href=\"https:\/\/news.google.com\/rss\/articles\/CBMiqwFBVV95cUxOUUdFd1VRYml3NnBNZ3QzdTRacXZaN3RaeXUtOXpCQnlPRFRQNG1KbzRLZWh2blJuRkV1b2Q3NTF5TXBPa09MRlRfVlJwWjMzVlhUdmhvbWVPYTktaTVlUGlHQUlBOHp0VmRRakx0Skd1RXpJNktMbVRtblhCTjRlMndFelBpZ3o4N01mdS00NDh5SXZFOUp2em9lUHhZRUFUZlVYck1QMnRFVVk?oc=5\" target=\"_blank\" rel=\"nofollow noopener\">Co za spotkanie w Cz\u0119stochowie! Dwie legendy tu\u017c przed meczem<\/a>&nbsp;&nbsp;Przegl\u0105d Sportowy Onet<\/li>\n<li><a href=\"https:\/\/news.google.com\/rss\/articles\/CBMirgFBVV95cUxNOE02ajJzYy04MXB5ZmpKdEFoVlJYOWs5ODRaSEI1b0FiWHktRkhBU3prVHY2MHlSbUxHNzFCYjhjOE9xczVDNVQ2MERkNjdBVWJxd2tPYmJMTGJxeUt0Unprc1NBOUxReTduYTEyenQ2SWYxQmxzNFFKM0NoYmtid0doN1ZWZjluNm8yZUFIT0lxRE81cklCaGV2aXp2by1LVXdZZ0ZjU3FmNS11U2c?oc=5\" target=\"_blank\" rel=\"nofollow noopener\">Papszun jednak nie dla Legii? Trener nagle wypali\u0142 o innym klubie, w tle wielka legenda<\/a>&nbsp;&nbsp;Sport w INTERIA.PL<\/li>\n<\/ol>\n","protected":false},"excerpt":{"rendered":"Marek Papszun zmieni\u0142 zdanie. Wygada\u0142 si\u0119 po spotkaniu z Markiem Cie\u015blakiem&nbsp;&nbsp;Przegl\u0105d Sportowy Onet Zdradzi\u0142, co us\u0142ysza\u0142 od Papszuna&hellip;\n","protected":false},"author":2,"featured_media":153882,"comment_status":"","ping_status":"","sticky":false,"template":"","format":"standard","meta":{"footnotes":""},"categories":[5],"tags":[32,33,173,36,37,27,67,34,35,29739,2561,28,31,25,175,948,42,38,40,39,41,136,128,2562,47,135,29,30,26,2359,174],"class_list":{"0":"post-153881","1":"post","2":"type-post","3":"status-publish","4":"format-standard","5":"has-post-thumbnail","7":"category-naglowki","8":"tag-breaking-news","9":"tag-breakingnews","10":"tag-ekstraliga","11":"tag-featured-news","12":"tag-featurednews","13":"tag-headlines","14":"tag-intextvideo_splayer","15":"tag-latest-news","16":"tag-latestnews","17":"tag-marek_cieslak","18":"tag-marek_papszun","19":"tag-naglowki","20":"tag-najwazniejsze-artykuly","21":"tag-news","22":"tag-pge_ekstraliga","23":"tag-pilka_nozna","24":"tag-pl","25":"tag-poland","26":"tag-polish","27":"tag-polska","28":"tag-polski","29":"tag-ps_detal_new","30":"tag-psv2","31":"tag-rakow_czestochowa","32":"tag-screening_general","33":"tag-sport_sport","34":"tag-top-stories","35":"tag-topstories","36":"tag-wiadomosci","37":"tag-wlokniarz_czestochowa","38":"tag-zuzel"},"share_on_mastodon":{"url":"","error":"Validation failed: Text character limit of 500 exceeded"},"_links":{"self":[{"href":"https:\/\/www.europesays.com\/pl\/wp-json\/wp\/v2\/posts\/153881","targetHints":{"allow":["GET"]}}],"collection":[{"href":"https:\/\/www.europesays.com\/pl\/wp-json\/wp\/v2\/posts"}],"about":[{"href":"https:\/\/www.europesays.com\/pl\/wp-json\/wp\/v2\/types\/post"}],"author":[{"embeddable":true,"href":"https:\/\/www.europesays.com\/pl\/wp-json\/wp\/v2\/users\/2"}],"replies":[{"embeddable":true,"href":"https:\/\/www.europesays.com\/pl\/wp-json\/wp\/v2\/comments?post=153881"}],"version-history":[{"count":0,"href":"https:\/\/www.europesays.com\/pl\/wp-json\/wp\/v2\/posts\/153881\/revisions"}],"wp:featuredmedia":[{"embeddable":true,"href":"https:\/\/www.europesays.com\/pl\/wp-json\/wp\/v2\/media\/153882"}],"wp:attachment":[{"href":"https:\/\/www.europesays.com\/pl\/wp-json\/wp\/v2\/media?parent=153881"}],"wp:term":[{"taxonomy":"category","embeddable":true,"href":"https:\/\/www.europesays.com\/pl\/wp-json\/wp\/v2\/categories?post=153881"},{"taxonomy":"post_tag","embeddable":true,"href":"https:\/\/www.europesays.com\/pl\/wp-json\/wp\/v2\/tags?post=153881"}],"curies":[{"name":"wp","href":"https:\/\/api.w.org\/{rel}","templated":true}]}}