{"id":153889,"date":"2025-12-16T12:03:07","date_gmt":"2025-12-16T12:03:07","guid":{"rendered":"https:\/\/www.europesays.com\/pl\/153889\/"},"modified":"2025-12-16T12:03:07","modified_gmt":"2025-12-16T12:03:07","slug":"dmitrij-pieskow-dementuje-slowa-donalda-trumpa-nie-szczedzil-ironii","status":"publish","type":"post","link":"https:\/\/www.europesays.com\/pl\/153889\/","title":{"rendered":"Dmitrij Pieskow dementuje s\u0142owa Donalda Trumpa. Nie szcz\u0119dzi\u0142 ironii"},"content":{"rendered":"<p class=\"ods-c-paragraph \">Tu\u017c po <a href=\"https:\/\/wiadomosci.onet.pl\/swiat\/szczyt-pokojowy-w-berlinie-mamy-90-procent-co-wiemy-na-ten-moment\/t2pbkz7\" id=\"5b02067f-897b-406e-bb0c-997b8ee7b578\" rel=\"nofollow noopener\" target=\"_blank\">poniedzia\u0142kowej rozmowie Donalda Trumpa z przyw\u00f3dcami pa\u0144stw europejskich i Wo\u0142odymyrem Ze\u0142enskim<\/a> ameryka\u0144ski prezydent rozmawia\u0142 z dziennikarzami w Gabinecie Owalnym. Przedstawiciele medi\u00f3w spytali Trumpa o jego kontakty z W\u0142adimirem Putinem, na co przyw\u00f3dca USA stwierdzi\u0142, \u017ce rozmawia\u0142 z nim &#8222;niedawno&#8221;.<\/p>\n<p>Dalszy ci\u0105g artyku\u0142u pod materia\u0142em wideo<\/p>\n<p> Co powiedzia\u0142 Pieskow na temat s\u0142\u00f3w Trumpa? <\/p>\n<p> Kiedy mia\u0142a miejsce ostatnia rozmowa mi\u0119dzy USA a Rosj\u0105? <\/p>\n<p> Kto reprezentowa\u0142 Polsk\u0119 na szczycie pokojowym w Berlinie? <\/p>\n<p> Jakie ustalenia podj\u0119to na szczycie dotycz\u0105cym gwarancji bezpiecze\u0144stwa? <\/p>\n<p class=\"ods-c-paragraph \">Na te s\u0142owa odpowiedzia\u0142 we wtorek rzecznik Kremla Dmitrij Pieskow, kt\u00f3ry zdementowa\u0142 przekazane przez Trumpa informacje. Wskaza\u0142 on, \u017ce ostatnia rozmowa przyw\u00f3dc\u00f3w USA i Rosji odby\u0142a si\u0119 16 pa\u017adziernika. \u2014 C\u00f3\u017c, to by\u0142o stosunkowo niedawno \u2014 stwierdzi\u0142 cytowany przez agencj\u0119 TASS Pieskow. <\/p>\n<p class=\"ods-c-paragraph \">\u2014 Sp\u00f3jrzcie na dat\u0119 naszego ostatniego og\u0142oszenia o rozmowie telefonicznej. Og\u00f3lnie rzecz bior\u0105c, by\u0142o to stosunkowo niedawno \u2014 doda\u0142, podkre\u015blaj\u0105c dalej, \u017ce od tego czasu nie by\u0142o \u017cadnych kolejnych rozm\u00f3w. <\/p>\n<p>Szczyt w Berlinie   <\/p>\n<p class=\"ods-c-paragraph \">W poniedzia\u0142ek w stolicy Niemiec odby\u0142 si\u0119 szczyt pokojowy, w kt\u00f3rym udzia\u0142 wzi\u0119li przedstawiciele pa\u0144stw Unii Europejskiej oraz prezydent Ukrainy Wo\u0142odymyr Ze\u0142enski. W rozmowach wzi\u0105\u0142 udzia\u0142 tak\u017ce Trump, kt\u00f3ry po\u0142\u0105czy\u0142 si\u0119 z liderami zdalnie. Polsk\u0119 reprezentowa\u0142 premier Donald Tusk. <\/p>\n<p class=\"ods-c-paragraph \">Spotkanie przynios\u0142o post\u0119py w sprawie gwarancji bezpiecze\u0144stwa, ale najwa\u017cniejsze kwestie pozosta\u0142y nierozstrzygni\u0119te. Podczas szczytu ustalono m.in., \u017ce decyzje dotycz\u0105ce ewentualnych ust\u0119pstw terytorialnych mog\u0105 by\u0107 podejmowane wy\u0142\u0105cznie przez nar\u00f3d ukrai\u0144ski i dopiero po ustanowieniu solidnych gwarancji bezpiecze\u0144stwa.<\/p>\n<p class=\"ods-c-paragraph \">W ramach rzeczonych gwarancji kraje europejskie ustanowi\u0105 przy wsparciu USA misj\u0119 wojskow\u0105, kt\u00f3ra dzia\u0142a\u0107 b\u0119dzie tak\u017ce na terytorium Ukrainy. Uczestnicy rozm\u00f3w maj\u0105 tak\u017ce zapewni\u0107 Ukrainie &#8222;trwa\u0142e i znacz\u0105ce&#8221; wsparcie w utrzymaniu liczby \u017co\u0142nierzy na poziomie 800 tys. Pa\u0144stwa europejskie oraz USA zobowi\u0105za\u0142y si\u0119 tak\u017ce do &#8222;podj\u0119cia dzia\u0142a\u0144 w celu przywr\u00f3cenia pokoju i bezpiecze\u0144stwa w przypadku przysz\u0142ego ataku zbrojnego&#8221;. Dzia\u0142ania te mog\u0105 obejmowa\u0107 u\u017cycie si\u0142y zbrojnej, wsparcie wywiadowcze i logistyczne oraz \u015brodki gospodarcze i dyplomatyczne.<\/p>\n<p class=\"ods-c-paragraph \">Po szczycie spodziewane s\u0105 konsultacje ameryka\u0144skiej ekipy negocjacyjnej z rosyjsk\u0105 stron\u0105.<\/p>\n","protected":false},"excerpt":{"rendered":"Tu\u017c po poniedzia\u0142kowej rozmowie Donalda Trumpa z przyw\u00f3dcami pa\u0144stw europejskich i Wo\u0142odymyrem Ze\u0142enskim ameryka\u0144ski prezydent rozmawia\u0142 z dziennikarzami&hellip;\n","protected":false},"author":2,"featured_media":153890,"comment_status":"","ping_status":"","sticky":false,"template":"","format":"standard","meta":{"footnotes":""},"categories":[14],"tags":[2762,32,33,445,44,27,1709,34,35,28,31,48,25,46,40,41,87,47,1849,80,30816,29,30,26,408,82,83,84],"class_list":{"0":"post-153889","1":"post","2":"type-post","3":"status-publish","4":"format-standard","5":"has-post-thumbnail","7":"category-swiat","8":"tag-berlin","9":"tag-breaking-news","10":"tag-breakingnews","11":"tag-dmitrij_pieskow","12":"tag-donald_trump","13":"tag-headlines","14":"tag-kreml","15":"tag-latest-news","16":"tag-latestnews","17":"tag-naglowki","18":"tag-najwazniejsze-artykuly","19":"tag-nat_styl","20":"tag-news","21":"tag-omp","22":"tag-polish","23":"tag-polski","24":"tag-rosja","25":"tag-screening_general","26":"tag-spotkanie","27":"tag-swiat","28":"tag-szczyt_pokojowy","29":"tag-top-stories","30":"tag-topstories","31":"tag-wiadomosci","32":"tag-wladimir_putin","33":"tag-world","34":"tag-world-news","35":"tag-worldnews"},"share_on_mastodon":{"url":"https:\/\/pubeurope.com\/@pl\/115729151275417100","error":""},"_links":{"self":[{"href":"https:\/\/www.europesays.com\/pl\/wp-json\/wp\/v2\/posts\/153889","targetHints":{"allow":["GET"]}}],"collection":[{"href":"https:\/\/www.europesays.com\/pl\/wp-json\/wp\/v2\/posts"}],"about":[{"href":"https:\/\/www.europesays.com\/pl\/wp-json\/wp\/v2\/types\/post"}],"author":[{"embeddable":true,"href":"https:\/\/www.europesays.com\/pl\/wp-json\/wp\/v2\/users\/2"}],"replies":[{"embeddable":true,"href":"https:\/\/www.europesays.com\/pl\/wp-json\/wp\/v2\/comments?post=153889"}],"version-history":[{"count":0,"href":"https:\/\/www.europesays.com\/pl\/wp-json\/wp\/v2\/posts\/153889\/revisions"}],"wp:featuredmedia":[{"embeddable":true,"href":"https:\/\/www.europesays.com\/pl\/wp-json\/wp\/v2\/media\/153890"}],"wp:attachment":[{"href":"https:\/\/www.europesays.com\/pl\/wp-json\/wp\/v2\/media?parent=153889"}],"wp:term":[{"taxonomy":"category","embeddable":true,"href":"https:\/\/www.europesays.com\/pl\/wp-json\/wp\/v2\/categories?post=153889"},{"taxonomy":"post_tag","embeddable":true,"href":"https:\/\/www.europesays.com\/pl\/wp-json\/wp\/v2\/tags?post=153889"}],"curies":[{"name":"wp","href":"https:\/\/api.w.org\/{rel}","templated":true}]}}