{"id":153919,"date":"2025-12-16T12:20:09","date_gmt":"2025-12-16T12:20:09","guid":{"rendered":"https:\/\/www.europesays.com\/pl\/153919\/"},"modified":"2025-12-16T12:20:09","modified_gmt":"2025-12-16T12:20:09","slug":"para-z-rosji-zatrzymana-na-lotnisku-w-monachium-oto-powod","status":"publish","type":"post","link":"https:\/\/www.europesays.com\/pl\/153919\/","title":{"rendered":"Para z Rosji zatrzymana na lotnisku w Monachium. Oto pow\u00f3d"},"content":{"rendered":"\n<p class=\"contentpart contentpart--default contentpart--text\" data-position=\"0\">Anna Semak, \u017cona trenera <a href=\"https:\/\/sportowefakty.wp.pl\/pilka-nozna\/zenit-sankt-petersburg\" rel=\"nofollow noopener\" target=\"_blank\">Zenita Sankt Petersburg<\/a>, opowiedzia\u0142a o nieprzyjemnej historii, do kt\u00f3rej dosz\u0142o na lotnisku w <a href=\"https:\/\/sportowefakty.wp.pl\/niemcy\/monachium\" rel=\"nofollow noopener\" target=\"_blank\">Monachium<\/a>. Para zosta\u0142a zatrzymana i przes\u0142uchana przez <a href=\"https:\/\/sportowefakty.wp.pl\/niemcy\" rel=\"nofollow noopener\" target=\"_blank\">niemieck\u0105<\/a>\u00a0policj\u0119. Zdarzenie by\u0142o nieoczekiwane dla obojga <a href=\"https:\/\/sportowefakty.wp.pl\/rosja\" rel=\"nofollow noopener\" target=\"_blank\">Rosjan<\/a>.<\/p>\n<p class=\"contentpart contentpart--default contentpart--text\" data-position=\"1\">Po przylocie do Monachium, Anna mia\u0142a nadziej\u0119 na spokojne zakupy. Jednak sytuacja przybra\u0142a nieoczekiwany obr\u00f3t z powodu z\u0142amania unijnych przepis\u00f3w celnych. Jak relacjonuje Anna, na odprawie przywita\u0142y ich &#8222;u\u015bmiechy i zrozumienie&#8221;, ale atmosfera kontroli szybko zmieni\u0142a si\u0119 na gorsze.<\/p>\n<p> <img role=\"presentation\" src=\"https:\/\/std.wpcdn.pl\/images\/adv\/placeholder_wp.svg\" loading=\"lazy\" alt=\"\" decoding=\"async\"\/>  <\/p>\n<p class=\"contentpart contentpart--default contentpart--text\" data-position=\"2\">&#8211; To by\u0142o jak scena z filmu &#8211; m\u00f3wi Anna, kt\u00f3ra opisuje, jak wraz z m\u0119\u017cem, zostali poprowadzeni do oddzielnego pomieszczenia pod pretekstem &#8222;ma\u0142ego problemu&#8221;. Policjanci pytali tam o zakupy Rosjan, a ca\u0142a interwencja zako\u0144czy\u0142a si\u0119 konieczno\u015bci\u0105 zap\u0142aty sporego mandatu.<\/p>\n<p class=\"contentpart contentpart--default contentpart--text\" data-position=\"3\">ZOBACZ WIDEO: #dziejesiewsporcie: Gol z po\u0142owy boiska. Mo\u017cna ogl\u0105da\u0107 i ogl\u0105da\u0107<\/p>\n<p class=\"contentpart contentpart--default contentpart--text\" data-position=\"5\">Para zmuszona by\u0142a pozostawi\u0107 w Europie wszystkie zakupione rzeczy. Anna przyzna\u0142a, \u017ce zgodnie z nowymi unijnymi regulacjami, obywatele Rosji nie mog\u0105 wywozi\u0107 z Europy przedmiot\u00f3w warto\u015bciowych powy\u017cej 300 euro.<\/p>\n<p class=\"contentpart contentpart--default contentpart--text\" data-position=\"6\">Z powodu ca\u0142ego zamieszania, Semakowie sp\u00f3\u017anili si\u0119 na lot, co wi\u0105za\u0142o si\u0119 z dodatkowymi kosztami zakupu nowych bilet\u00f3w na samolot.<\/p>\n<p> <img role=\"presentation\" src=\"https:\/\/std.wpcdn.pl\/images\/adv\/placeholder_wp.svg\" loading=\"lazy\" alt=\"\" decoding=\"async\"\/>  <\/p>\n<p class=\"contentpart contentpart--default contentpart--text\" data-position=\"7\">&#8222;Po\u017cegnali\u015bmy si\u0119 z Niemcami i Monachium na zawsze&#8221; &#8211; napisa\u0142a \u017cona Semaka.<\/p>\n<p class=\"contentpart contentpart--default contentpart--text\" data-position=\"8\">Siergiej Semak rozpocz\u0105\u0142 karier\u0119 trenera pi\u0142karskiego w 2013 roku po zako\u0144czeniu przygody sportowca. Pochodz\u0105cy z <a href=\"https:\/\/sportowefakty.wp.pl\/ukraina\" rel=\"nofollow noopener\" target=\"_blank\">Ukrainy<\/a>, by\u0142y <a href=\"https:\/\/sportowefakty.wp.pl\/pilka-nozna\/rosja\" rel=\"nofollow noopener\" target=\"_blank\">reprezentant Rosji<\/a>, by\u0142 selekcjonerem Rosjan od 2014 do 2016 roku. Poza wspomnianym ju\u017c Zenitem prowadzi\u0142 <a href=\"https:\/\/sportowefakty.wp.pl\/pilka-nozna\/fk-ufa\" rel=\"nofollow noopener\" target=\"_blank\">FK Ufa<\/a>.<\/p>\n<p class=\"contentpart contentpart--default contentpart--text\" data-position=\"9\">Z kolei ma\u0142\u017conka trenera jest znan\u0105 w Rosji celebrytk\u0105, kt\u00f3r\u0105 tylko w portalu spo\u0142eczno\u015bciowym Instagram obserwuje 1,9 miliona os\u00f3b.<\/p>\n","protected":false},"excerpt":{"rendered":"Anna Semak, \u017cona trenera Zenita Sankt Petersburg, opowiedzia\u0142a o nieprzyjemnej historii, do kt\u00f3rej dosz\u0142o na lotnisku w Monachium.&hellip;\n","protected":false},"author":2,"featured_media":153920,"comment_status":"","ping_status":"","sticky":false,"template":"","format":"standard","meta":{"footnotes":""},"categories":[24],"tags":[932,295,269,278,42,38,40,39,41,87,30820,127,268,126],"class_list":{"0":"post-153919","1":"post","2":"type-post","3":"status-publish","4":"format-standard","5":"has-post-thumbnail","7":"category-sport","8":"tag-monachium","9":"tag-niemcy","10":"tag-pilka-nozna","11":"tag-pilka-w-europie","12":"tag-pl","13":"tag-poland","14":"tag-polish","15":"tag-polska","16":"tag-polski","17":"tag-rosja","18":"tag-siergiej-semak","19":"tag-sport","20":"tag-sportowybar","21":"tag-sports"},"share_on_mastodon":{"url":"https:\/\/pubeurope.com\/@pl\/115729218128752551","error":""},"_links":{"self":[{"href":"https:\/\/www.europesays.com\/pl\/wp-json\/wp\/v2\/posts\/153919","targetHints":{"allow":["GET"]}}],"collection":[{"href":"https:\/\/www.europesays.com\/pl\/wp-json\/wp\/v2\/posts"}],"about":[{"href":"https:\/\/www.europesays.com\/pl\/wp-json\/wp\/v2\/types\/post"}],"author":[{"embeddable":true,"href":"https:\/\/www.europesays.com\/pl\/wp-json\/wp\/v2\/users\/2"}],"replies":[{"embeddable":true,"href":"https:\/\/www.europesays.com\/pl\/wp-json\/wp\/v2\/comments?post=153919"}],"version-history":[{"count":0,"href":"https:\/\/www.europesays.com\/pl\/wp-json\/wp\/v2\/posts\/153919\/revisions"}],"wp:featuredmedia":[{"embeddable":true,"href":"https:\/\/www.europesays.com\/pl\/wp-json\/wp\/v2\/media\/153920"}],"wp:attachment":[{"href":"https:\/\/www.europesays.com\/pl\/wp-json\/wp\/v2\/media?parent=153919"}],"wp:term":[{"taxonomy":"category","embeddable":true,"href":"https:\/\/www.europesays.com\/pl\/wp-json\/wp\/v2\/categories?post=153919"},{"taxonomy":"post_tag","embeddable":true,"href":"https:\/\/www.europesays.com\/pl\/wp-json\/wp\/v2\/tags?post=153919"}],"curies":[{"name":"wp","href":"https:\/\/api.w.org\/{rel}","templated":true}]}}