{"id":153927,"date":"2025-12-16T12:24:09","date_gmt":"2025-12-16T12:24:09","guid":{"rendered":"https:\/\/www.europesays.com\/pl\/153927\/"},"modified":"2025-12-16T12:24:09","modified_gmt":"2025-12-16T12:24:09","slug":"kreml-reaguje-na-gwarancje-bezpieczenstwa-dla-ukrainy-moskwa-nie-zgodzi-sie","status":"publish","type":"post","link":"https:\/\/www.europesays.com\/pl\/153927\/","title":{"rendered":"Kreml reaguje na gwarancje bezpiecze\u0144stwa dla Ukrainy. &#8222;Moskwa nie zgodzi si\u0119&#8221;"},"content":{"rendered":"<p> Dlaczego o tym piszemy? <\/p>\n<p class=\"ods-c-paragraph \">W Berlinie odby\u0142y si\u0119 kolejne rozmowy na temat zako\u0144czenia wojny w Ukrainie. W trakcie spotkania europejskich lider\u00f3w, prezydenta Ukrainy Wo\u0142odymyra Ze\u0142enskiego oraz strony ameryka\u0144skiej ustalono m.in. \u017ce w\u015br\u00f3d gwarancji bezpiecze\u0144stwa dla Ukrainy, uzgodnionych mi\u0119dzy USA i Europ\u0105, znajduje si\u0119 kierowana przez Europ\u0119 i wspierana przez USA wojskowa misja ch\u0119tnych do tego kraj\u00f3w, dzia\u0142aj\u0105ca tak\u017ce na terytorium Ukrainy. Uczestnicy rozm\u00f3w zgodzili si\u0119 tak\u017ce, \u017ce zapewni\u0105 Ukrainie wsparcie w utrzymaniu liczebno\u015bci armii na poziomie 800 tys. \u017co\u0142nierzy w czasie pokoju.<\/p>\n<p>  Jak zareagowa\u0142a Rosja? <\/p>\n<p class=\"ods-c-paragraph \">Komentuj\u0105c inicjatyw\u0119 maj\u0105c\u0105 doprowadzi\u0107 do zawieszenia broni, Riabkow o\u015bwiadczy\u0142, \u017ce strony konfliktu s\u0105 &#8222;na kraw\u0119dzi&#8221; dyplomatycznego rozwi\u0105zania, kt\u00f3re zako\u0144czy\u0142oby wojn\u0119, rozpocz\u0119t\u0105 agresj\u0105 Rosji na Ukrain\u0119 w lutym 2022 r. Wyrazi\u0142 nadziej\u0119, i\u017c porozumienie zostanie osi\u0105gni\u0119te &#8222;raczej pr\u0119dzej ni\u017c p\u00f3\u017aniej&#8221;.<\/p>\n<p class=\"ods-c-paragraph \">Wiceszef MSZ stwierdzi\u0142, \u017ce Rosja musi zachowa\u0107 kontrol\u0119 nad okupowanym od 2014 r. Krymem i obwodami: donieckim, \u0142uga\u0144skiem, zaporoskim i cherso\u0144skim \u2014 na po\u0142udniu i wschodzie Ukrainy. \u2014 Nie mo\u017cemy w \u017cadnej formie p\u00f3j\u015b\u0107 na kompromis w tej sprawie \u2014 powiedzia\u0142 Riabkow.<\/p>\n<p> Co powiedzia\u0142 Siergiej Riabkow na temat si\u0142 NATO w Ukrainie? <\/p>\n<p> Jakie by\u0142y ustalenia dotycz\u0105ce wsparcia dla Ukrainy? <\/p>\n<p> Jak Rosja zareagowa\u0142a na inicjatyw\u0119 zawarcia pokoju? <\/p>\n<p> Czego oczekuje Riabkow w kontek\u015bcie dyplomatycznego rozwi\u0105zania konfliktu? <\/p>\n<p class=\"ods-c-paragraph \">Riabkow, przypomnia\u0142a stacja ABC News, przed rosyjsk\u0105 inwazj\u0105 zapewnia\u0142, \u017ce Ukraina nie jest zagro\u017cona. Kiedy w styczniu 2022 r. wojska rosyjskie gromadzi\u0142y si\u0119 wzd\u0142u\u017c granic Ukrainy, Riabkow o\u015bwiadczy\u0142, \u017ce Moskwa &#8222;nie ma zamiaru atakowa\u0107, przeprowadza\u0107 ofensywy ani naje\u017cd\u017ca\u0107 Ukrainy&#8221;.<\/p>\n<p class=\"ods-c-paragraph \">Zobacz tak\u017ce:<\/p>\n","protected":false},"excerpt":{"rendered":"Dlaczego o tym piszemy? W Berlinie odby\u0142y si\u0119 kolejne rozmowy na temat zako\u0144czenia wojny w Ukrainie. W trakcie&hellip;\n","protected":false},"author":2,"featured_media":153928,"comment_status":"","ping_status":"","sticky":false,"template":"","format":"standard","meta":{"footnotes":""},"categories":[14],"tags":[32,33,27,76,34,35,28,31,48,25,46,40,41,47,30821,80,29,30,415,71,70,26,82,83,84],"class_list":{"0":"post-153927","1":"post","2":"type-post","3":"status-publish","4":"format-standard","5":"has-post-thumbnail","7":"category-swiat","8":"tag-breaking-news","9":"tag-breakingnews","10":"tag-headlines","11":"tag-inwazja_rosji_na_ukraine","12":"tag-latest-news","13":"tag-latestnews","14":"tag-naglowki","15":"tag-najwazniejsze-artykuly","16":"tag-nat_styl","17":"tag-news","18":"tag-omp","19":"tag-polish","20":"tag-polski","21":"tag-screening_general","22":"tag-siergiej_riabkow","23":"tag-swiat","24":"tag-top-stories","25":"tag-topstories","26":"tag-ukraina","27":"tag-usa","28":"tag-w_skrocie","29":"tag-wiadomosci","30":"tag-world","31":"tag-world-news","32":"tag-worldnews"},"share_on_mastodon":{"url":"https:\/\/pubeurope.com\/@pl\/115729233700116682","error":""},"_links":{"self":[{"href":"https:\/\/www.europesays.com\/pl\/wp-json\/wp\/v2\/posts\/153927","targetHints":{"allow":["GET"]}}],"collection":[{"href":"https:\/\/www.europesays.com\/pl\/wp-json\/wp\/v2\/posts"}],"about":[{"href":"https:\/\/www.europesays.com\/pl\/wp-json\/wp\/v2\/types\/post"}],"author":[{"embeddable":true,"href":"https:\/\/www.europesays.com\/pl\/wp-json\/wp\/v2\/users\/2"}],"replies":[{"embeddable":true,"href":"https:\/\/www.europesays.com\/pl\/wp-json\/wp\/v2\/comments?post=153927"}],"version-history":[{"count":0,"href":"https:\/\/www.europesays.com\/pl\/wp-json\/wp\/v2\/posts\/153927\/revisions"}],"wp:featuredmedia":[{"embeddable":true,"href":"https:\/\/www.europesays.com\/pl\/wp-json\/wp\/v2\/media\/153928"}],"wp:attachment":[{"href":"https:\/\/www.europesays.com\/pl\/wp-json\/wp\/v2\/media?parent=153927"}],"wp:term":[{"taxonomy":"category","embeddable":true,"href":"https:\/\/www.europesays.com\/pl\/wp-json\/wp\/v2\/categories?post=153927"},{"taxonomy":"post_tag","embeddable":true,"href":"https:\/\/www.europesays.com\/pl\/wp-json\/wp\/v2\/tags?post=153927"}],"curies":[{"name":"wp","href":"https:\/\/api.w.org\/{rel}","templated":true}]}}