{"id":153931,"date":"2025-12-16T12:26:09","date_gmt":"2025-12-16T12:26:09","guid":{"rendered":"https:\/\/www.europesays.com\/pl\/153931\/"},"modified":"2025-12-16T12:26:09","modified_gmt":"2025-12-16T12:26:09","slug":"smierc-11-latki-w-jeleniej-gorze-szef-mswia-reaguje-wstrzasajaca-tragedia","status":"publish","type":"post","link":"https:\/\/www.europesays.com\/pl\/153931\/","title":{"rendered":"\u015amier\u0107 11-latki w Jeleniej G\u00f3rze. Szef MSWiA reaguje. &#8222;Wstrz\u0105saj\u0105ca tragedia&#8221;"},"content":{"rendered":"<ul class=\"UnorderedList_container__nmfSl\">\n<li class=\"UnorderedList_listElement__Py7xi\" data-id=\"ai-summary-link\">Du\u017co czytania, a ma\u0142o czasu? Sprawd\u017a\u00a0skr\u00f3t\u00a0artyku\u0142u<\/li>\n<\/ul>\n<p class=\"Paragraph_desktopParagraph__U31Gm\">O decyzji szef resortu poinformowa\u0142 we wtorek rano w serwisie X. &#8222;Wstrz\u0105saj\u0105ca tragedia w Jeleniej G\u00f3rze. Do szko\u0142y, do kt\u00f3rej ucz\u0119szcza\u0142a dziewczynka, szpital MSWiA oddelegowa\u0142 16 psycholog\u00f3w, kt\u00f3rzy zapewni\u0105 wsparcie uczniom i gronu pedagogicznemu&#8221; \u2014 napisa\u0142 Marcin Kierwi\u0144ski.<\/p>\n<p class=\"Paragraph_desktopParagraph__U31Gm\">Minister spraw wewn\u0119trznych i administracji podkre\u015bli\u0142, \u017ce opiek\u0105 zostali ju\u017c tak\u017ce obj\u0119ci rodzice 11-latki.<\/p>\n<p>Tragedia w Jeleniej G\u00f3rze. Zatrzymano 12-latk\u0119 <\/p>\n<p class=\"Paragraph_desktopParagraph__U31Gm\">We wtorek rzeczniczka Prokuratury Okr\u0119gowej w Jeleniej G\u00f3rze prok. Ewa W\u0119glarowicz-Makowska poinformowa\u0142a, \u017ce w sprawie zab\u00f3jstwa 11-letniej uczennicy Szko\u0142y Podstawowej nr 10, do kt\u00f3rego dosz\u0142o w poniedzia\u0142ek, zatrzymano 12-latk\u0119.<\/p>\n<ul class=\"OchatFollowUps_wrapper__1ry7X\">\n<li class=\"OchatFollowUps_item__Dhyly OchatFollowUps_itemDesktop__R6aBv\">Ile psycholog\u00f3w zosta\u0142o wys\u0142anych do Jeleniej G\u00f3ry?<\/li>\n<li class=\"OchatFollowUps_item__Dhyly OchatFollowUps_itemDesktop__R6aBv\">Co sta\u0142o si\u0119 w Jeleniej G\u00f3rze w poniedzia\u0142ek?<\/li>\n<li class=\"OchatFollowUps_item__Dhyly OchatFollowUps_itemDesktop__R6aBv\">Jakie by\u0142y osi\u0105gni\u0119cia 11-latki?<\/li>\n<li class=\"OchatFollowUps_item__Dhyly OchatFollowUps_itemDesktop__R6aBv\">Kto zajmie si\u0119 spraw\u0105 zatrzymanej 12-latki?<\/li>\n<\/ul>\n<p class=\"Paragraph_desktopParagraph__U31Gm\">\u2014 One nie by\u0142y kole\u017cankami, zna\u0142y si\u0119 z widzenia. Motywy dzia\u0142ania zatrzymanej nie s\u0105 znane \u2014 <a href=\"https:\/\/wiadomosci.onet.pl\/kraj\/nowe-fakty-w-sprawie-smierci-11-letniej-dziewczynki-zatrzymano-12-latke\/1h1r2c0\" id=\"ff6162f6-7a33-4232-b9bc-fdb3eda021b8\" rel=\"nofollow noopener\" target=\"_blank\">zaznaczy\u0142a rzeczniczka prokuratury.<\/a> Spraw\u0105 12-latki zajmie si\u0119 we wtorek s\u0105d rodzinny, kt\u00f3ry wcze\u015bniej wyrazi\u0142 zgod\u0119 na jej zatrzymanie.<\/p>\n<p class=\"Paragraph_desktopParagraph__U31Gm\">Prok. Ewa W\u0119glarowicz-Makowskad doda\u0142a, \u017ce <a href=\"https:\/\/wiadomosci.onet.pl\/wroclaw\/zabojstwo-11-latki-w-jeleniej-gorze-prawdopodobnie-zabila-ja-kolezanka\/89410kt\" id=\"dde7e13e-344d-4236-b724-0d16d1a18dcc\" rel=\"nofollow noopener\" target=\"_blank\">na ciele ofiary widoczne by\u0142y obra\u017cenia zadane ostrym narz\u0119dziem.<\/a> \u2014 Prokurator wsp\u00f3lnie z funkcjonariuszami policji dokonali ogl\u0119dzin miejsca zdarzenia. Zabezpieczono zw\u0142oki, \u015blady i dowody \u2014 powiedzia\u0142a prok. W\u0119glarowicz-Makowska.<\/p>\n<p>Dyrektor szko\u0142y zabra\u0142 g\u0142os. &#8222;Wszyscy jeste\u015bmy wstrz\u0105\u015bni\u0119ci&#8221; <\/p>\n<p class=\"Paragraph_desktopParagraph__U31Gm\">W poniedzia\u0142ek o \u015bmierci 11-latki wypowiedzia\u0142 si\u0119 Pawe\u0142 Domaga\u0142a, dyrektor Szko\u0142y Podstawowej nr 10. \u2014 To by\u0142a wspania\u0142a dziewczynka. Pogodna, osi\u0105gaj\u0105ca bardzo wysokie wyniki w nauce, wzorowa uczennica. Uczestniczy\u0142a w zaj\u0119ciach wolontariatu szkolnego. Anga\u017cowa\u0142a si\u0119 w konkursy i zawody sportowe. By\u0142a wszechstronnie uzdolniona \u2014 m\u00f3wi\u0142 w czasie konferencji prasowej po zwo\u0142anym wieczorem sztabie kryzysowym w Jeleniej G\u00f3rze.<\/p>\n<p class=\"Paragraph_desktopParagraph__U31Gm\">\u2014 Wszyscy jeste\u015bmy wstrz\u0105\u015bni\u0119ci tym, co si\u0119 sta\u0142o (&#8230;) To dla nas wielka strata \u2014 doda\u0142 Domaga\u0142a.<\/p>\n<p class=\"Paragraph_desktopParagraph__U31Gm\">Prezydent Jeleniej G\u00f3ry Jacek \u0141u\u017cniak zapowiedzia\u0142 ju\u017c, \u017ce uczniowie szko\u0142y, w kt\u00f3rej uczy\u0142a si\u0119 dziewczynka, otrzymaj\u0105 potrzebn\u0105 pomoc psychologiczn\u0105. Wsparcie dostan\u0105 r\u00f3wnie\u017c nauczyciele oraz rodzice ofiary.<\/p>\n","protected":false},"excerpt":{"rendered":"Du\u017co czytania, a ma\u0142o czasu? Sprawd\u017a\u00a0skr\u00f3t\u00a0artyku\u0142u O decyzji szef resortu poinformowa\u0142 we wtorek rano w serwisie X. &#8222;Wstrz\u0105saj\u0105ca&hellip;\n","protected":false},"author":2,"featured_media":153932,"comment_status":"","ping_status":"","sticky":false,"template":"","format":"standard","meta":{"footnotes":""},"categories":[5],"tags":[32,33,245,36,37,27,34,35,1509,28,31,13156,53,25,52,68,51,55,42,38,40,39,41,47,29,30,65,50,26,3459],"class_list":{"0":"post-153931","1":"post","2":"type-post","3":"status-publish","4":"format-standard","5":"has-post-thumbnail","7":"category-naglowki","8":"tag-breaking-news","9":"tag-breakingnews","10":"tag-dziecko_dzieci_dziecinstwo","11":"tag-featured-news","12":"tag-featurednews","13":"tag-headlines","14":"tag-latest-news","15":"tag-latestnews","16":"tag-marcin_kierwinski_polityk","17":"tag-naglowki","18":"tag-najwazniejsze-artykuly","19":"tag-nastolatki","20":"tag-new_header","21":"tag-news","22":"tag-onet3","23":"tag-onet3d","24":"tag-onet3d_2i","25":"tag-phx","26":"tag-pl","27":"tag-poland","28":"tag-polish","29":"tag-polska","30":"tag-polski","31":"tag-screening_general","32":"tag-top-stories","33":"tag-topstories","34":"tag-update_me","35":"tag-v2021","36":"tag-wiadomosci","37":"tag-zabojstwo_morderstwo_morderstwa_zabojstwa"},"share_on_mastodon":{"url":"https:\/\/pubeurope.com\/@pl\/115729241551071522","error":""},"_links":{"self":[{"href":"https:\/\/www.europesays.com\/pl\/wp-json\/wp\/v2\/posts\/153931","targetHints":{"allow":["GET"]}}],"collection":[{"href":"https:\/\/www.europesays.com\/pl\/wp-json\/wp\/v2\/posts"}],"about":[{"href":"https:\/\/www.europesays.com\/pl\/wp-json\/wp\/v2\/types\/post"}],"author":[{"embeddable":true,"href":"https:\/\/www.europesays.com\/pl\/wp-json\/wp\/v2\/users\/2"}],"replies":[{"embeddable":true,"href":"https:\/\/www.europesays.com\/pl\/wp-json\/wp\/v2\/comments?post=153931"}],"version-history":[{"count":0,"href":"https:\/\/www.europesays.com\/pl\/wp-json\/wp\/v2\/posts\/153931\/revisions"}],"wp:featuredmedia":[{"embeddable":true,"href":"https:\/\/www.europesays.com\/pl\/wp-json\/wp\/v2\/media\/153932"}],"wp:attachment":[{"href":"https:\/\/www.europesays.com\/pl\/wp-json\/wp\/v2\/media?parent=153931"}],"wp:term":[{"taxonomy":"category","embeddable":true,"href":"https:\/\/www.europesays.com\/pl\/wp-json\/wp\/v2\/categories?post=153931"},{"taxonomy":"post_tag","embeddable":true,"href":"https:\/\/www.europesays.com\/pl\/wp-json\/wp\/v2\/tags?post=153931"}],"curies":[{"name":"wp","href":"https:\/\/api.w.org\/{rel}","templated":true}]}}