{"id":153941,"date":"2025-12-16T12:32:18","date_gmt":"2025-12-16T12:32:18","guid":{"rendered":"https:\/\/www.europesays.com\/pl\/153941\/"},"modified":"2025-12-16T12:32:18","modified_gmt":"2025-12-16T12:32:18","slug":"adam-kornacki-reaguje-na-wyrok-sadu-w-sprawie-gwaltu-te-brednie-zniszczyly-moje-zycie","status":"publish","type":"post","link":"https:\/\/www.europesays.com\/pl\/153941\/","title":{"rendered":"Adam Kornacki reaguje na wyrok s\u0105du w sprawie gwa\u0142tu. &#8222;Te brednie zniszczy\u0142y moje \u017cycie&#8221;"},"content":{"rendered":"<p class=\"ods-c-paragraph \">Na pocz\u0105tku lipca 2025 r. media obieg\u0142a informacja o aferze z udzia\u0142em dw\u00f3ch dziennikarzy TVN Turbo. <a href=\"https:\/\/plejada.pl\/newsy\/oskarzony-o-gwalt-dziennikarz-ma-nowy-problem-traci-zrodlo-dochodu\/gtss7vm\" id=\"df15d0b5-f34b-472b-992e-27427e89c8b6\" rel=\"nofollow noopener\" target=\"_blank\">Adam Kornacki i Patryk Mikiciuk zostali oskar\u017ceni o gwa\u0142t na dw\u00f3ch kobietach<\/a> w nocy z 11 na 12 pa\u017adziernika 2024 r. podczas Rajdu \u015al\u0105ska w Katowicach. Obaj m\u0119\u017cczy\u017ani od pocz\u0105tku zaprzeczali, \u017ce dosz\u0142o do przest\u0119pstwa i zapewniali, \u017ce kontakt seksualny odby\u0142 si\u0119 za zgod\u0105 kobiet, nazywaj\u0105c ca\u0142\u0105 spraw\u0119 &#8222;prowokacj\u0105&#8221;. W zwi\u0105zku z oskar\u017ceniami stacja TVN Warner Bros. Discovery zawiesi\u0142a dziennikarzy do czasu wyja\u015bnienia sprawy, a podobny krok podj\u0119\u0142a Grupa ZPR Media, w\u0142a\u015bciciel stacji Eska Rock.<\/p>\n<p>Dalszy ci\u0105g artyku\u0142u pod materia\u0142em wideo<\/p>\n<p> Jakie zarzuty postawiono Adamowi Kornackiemu? <\/p>\n<p> Co powiedzia\u0142 Adam Kornacki po uniewinnieniu? <\/p>\n<p> Kiedy og\u0142oszono wyrok w sprawie Kornackiego? <\/p>\n<p> Czy wyrok s\u0105du jest prawomocny? <\/p>\n<p>  Adam Kornacki reaguje na wyrok s\u0105du w sprawie gwa\u0142tu. &#8222;Te brednie zniszczy\u0142y moje \u017cycie&#8221;<\/p>\n<p class=\"ods-c-paragraph \">Proces obu dziennikarzy rozpocz\u0105\u0142 si\u0119 9 wrze\u015bnia 2025 r. w S\u0105dzie Okr\u0119gowym w Katowicach i trwa\u0142 kilka miesi\u0119cy, a kolejne rozprawy odbywa\u0142y si\u0119 z wy\u0142\u0105czeniem jawno\u015bci. 15 grudnia 2025 r. s\u0105d og\u0142osi\u0142 wyrok uniewinniaj\u0105cy. W poniedzia\u0142kowe popo\u0142udnie Adam Kornacki opublikowa\u0142 nagranie, w kt\u00f3rym zwr\u00f3ci\u0142 si\u0119 do fan\u00f3w i bliskich.<\/p>\n<blockquote class=\"ods-o-quota\">\n<p class=\"ods-o-quota__paragraph\">To w\u0142a\u015bnie dzisiaj jest ten dzie\u0144, w kt\u00f3rym S\u0105d Okr\u0119gowy w Katowicach uniewinni\u0142 mnie ze wszystkich zarzut\u00f3w, kt\u00f3re zosta\u0142y mi postawione przez prokuratur\u0119 w pa\u017adzierniku 2024 r. Nie by\u0142o ani jednego argumentu za tym, \u017ceby jakikolwiek zarzut zosta\u0142 utrzymany. Ja jestem niezmiernie szcz\u0119\u015bliwy, \u017ce te wszystkie k\u0142amstwa, te wszystkie brednie, kt\u00f3re zosta\u0142y napisane w akcie oskar\u017cenia zosta\u0142y teraz rozwiane<\/p>\n<\/blockquote>\n<p class=\"ods-c-paragraph \">\u2014 m\u00f3wi\u0142 z ulg\u0105 Adam Kornacki na Instagramie.<\/p>\n<p class=\"ods-c-paragraph \">Dziennikarz przyzna\u0142, \u017ce oskar\u017cenia mia\u0142y ogromny wp\u0142yw na jego \u017cycie osobiste i zawodowe, ale po wyroku wierzy, \u017ce b\u0119dzie m\u00f3g\u0142 wr\u00f3ci\u0107 do normalno\u015bci.<\/p>\n<blockquote class=\"ods-o-quota\">\n<p class=\"ods-o-quota__paragraph\">Te brednie zniszczy\u0142y mnie, zniszczy\u0142y moje \u017cycie i osobiste, i rodzinne, i zawodowe, i licz\u0119 na to, \u017ce teraz wszyscy razem, wsp\u00f3lnie z moj\u0105 rodzin\u0105 wygrzebiemy si\u0119 z tego i \u017ce po prostu b\u0119dzie dobrze. Pozdrawiam was wszystkich bez wyj\u0105tku. I tych, kt\u00f3rzy wierzyli we mnie od pocz\u0105tku do ko\u0144ca i tych, kt\u00f3rzy troszk\u0119 zaczynali we mnie w\u0105tpi\u0107. Jest uniewinnienie, idziemy do przodu <\/p>\n<\/blockquote>\n<p class=\"ods-c-paragraph \">\u2014 doda\u0142 Adam Kornacki.<\/p>\n<p class=\"ods-c-paragraph \">Wyrok s\u0105du nie jest jeszcze prawomocny, co oznacza, \u017ce prokuratura mo\u017ce wnie\u015b\u0107 apelacj\u0119. Pomimo tego, emocjonalne wyst\u0105pienie dziennikarza zosta\u0142o szeroko skomentowane w mediach i w sieci, a fani popularnego dziennikarza wyrazili swoje wsparcie po miesi\u0105cach medialnego szumu i kontrowersji.<\/p>\n<p><img decoding=\"async\" src=\"https:\/\/www.europesays.com\/pl\/wp-content\/uploads\/2025\/12\/kxGk9lBaHR0cHM6Ly9vY2RuLmV1L3B1bHNjbXMvTURBXy9hYjcwN2FkZTdiOTE1ZTE3Y2U2MjE5MDkxZjI0YjM4NS5qcGeRlQLNA.jpeg\" height=\"529\" width=\"940\" alt=\"Adam Kornacki i Patryk Mikiciuk\" loading=\"lazy\" class=\"ods-c-image__img ods-c-image__img--vertical\"\/><\/p>\n<p>Adam Kornacki i Patryk Mikiciukarchiwum Kmieci\u0144ski \/ PAP<\/p>\n<p class=\"ods-c-paragraph \">Dzi\u0119kujemy, \u017ce przeczyta\u0142a\u015b\/e\u015b nasz artyku\u0142 do ko\u0144ca. W serwisie Plejada.pl ka\u017cdego dnia piszemy o najwa\u017cniejszych wydarzeniach show-biznesowych. B\u0105d\u017a na bie\u017c\u0105co! <a rel=\"nofollow noopener\" href=\"https:\/\/profile.google.com\/cp\/Cg0vZy8xMWJ6X19wdHBx\" id=\"0bc517b6-cea4-4f3a-bfec-f6534e583029\" target=\"_blank\">Obserwuj<\/a> Plejad\u0119 w Google. Odwied\u017a nas tak\u017ce na <a rel=\"nofollow noopener\" href=\"https:\/\/www.facebook.com\/plejadapl\" id=\"c963ce92-5a16-42b4-9830-0d9674c051a9\" target=\"_blank\">Facebooku<\/a>, <a rel=\"nofollow noopener\" href=\"https:\/\/www.instagram.com\/plejadapl\/\" id=\"66b490b7-d019-45f5-bb1b-168a738fd998\" target=\"_blank\">Instagramie<\/a>, <a rel=\"nofollow noopener\" href=\"https:\/\/www.youtube.com\/c\/plejada\" id=\"7b0b1bc0-9c5c-497b-8c05-ce39575f8ac3\" target=\"_blank\">YouTubie<\/a> oraz <a rel=\"nofollow noopener\" href=\"https:\/\/www.tiktok.com\/@plejada_pl\" id=\"e69900f3-e1dc-4ef3-ace7-5e03e3b02137\" target=\"_blank\">TikToku<\/a>.<\/p>\n<p class=\"ods-c-paragraph \">Chcesz podzieli\u0107 si\u0119 ciekawym newsem lub zaproponowa\u0107 temat? Skontaktuj si\u0119 z nami, pisz\u0105c maila na adres: <a rel=\"nofollow noopener\" href=\"https:\/\/www.onet.pl\/styl-zycia\/plejada\/adam-kornacki-reaguje-na-wyrok-sadu-w-sprawie-gwaltu-te-brednie-zniszczyly-moje-zycie\/mailto:plejada@redakcjaonet.pl\" id=\"58125464-783f-4536-88f4-86c136943e36\" target=\"_blank\">plejada@redakcjaon<\/a><a href=\"https:\/\/et.pl\" id=\"73300707-1a4d-4340-92ff-ff428ac70d0a\" rel=\"nofollow noopener\" target=\"_blank\">et.pl<\/a>.<\/p>\n<p><script async src=\"\/\/www.instagram.com\/embed.js\"><\/script><script async src=\"\/\/www.tiktok.com\/embed.js\"><\/script><\/p>\n","protected":false},"excerpt":{"rendered":"Na pocz\u0105tku lipca 2025 r. media obieg\u0142a informacja o aferze z udzia\u0142em dw\u00f3ch dziennikarzy TVN Turbo. Adam Kornacki&hellip;\n","protected":false},"author":2,"featured_media":153942,"comment_status":"","ping_status":"","sticky":false,"template":"","format":"standard","meta":{"footnotes":""},"categories":[12],"tags":[14185,32,33,36,37,27,34,35,28,31,48,25,125,46,14186,55,42,38,40,39,41,47,29,30,318,26],"class_list":{"0":"post-153941","1":"post","2":"type-post","3":"status-publish","4":"format-standard","5":"has-post-thumbnail","7":"category-polska","8":"tag-adam_kornacki","9":"tag-breaking-news","10":"tag-breakingnews","11":"tag-featured-news","12":"tag-featurednews","13":"tag-headlines","14":"tag-latest-news","15":"tag-latestnews","16":"tag-naglowki","17":"tag-najwazniejsze-artykuly","18":"tag-nat_styl","19":"tag-news","20":"tag-newsy","21":"tag-omp","22":"tag-patryk_mikiciuk","23":"tag-phx","24":"tag-pl","25":"tag-poland","26":"tag-polish","27":"tag-polska","28":"tag-polski","29":"tag-screening_general","30":"tag-top-stories","31":"tag-topstories","32":"tag-tvn","33":"tag-wiadomosci"},"share_on_mastodon":{"url":"https:\/\/pubeurope.com\/@pl\/115729265124104002","error":""},"_links":{"self":[{"href":"https:\/\/www.europesays.com\/pl\/wp-json\/wp\/v2\/posts\/153941","targetHints":{"allow":["GET"]}}],"collection":[{"href":"https:\/\/www.europesays.com\/pl\/wp-json\/wp\/v2\/posts"}],"about":[{"href":"https:\/\/www.europesays.com\/pl\/wp-json\/wp\/v2\/types\/post"}],"author":[{"embeddable":true,"href":"https:\/\/www.europesays.com\/pl\/wp-json\/wp\/v2\/users\/2"}],"replies":[{"embeddable":true,"href":"https:\/\/www.europesays.com\/pl\/wp-json\/wp\/v2\/comments?post=153941"}],"version-history":[{"count":0,"href":"https:\/\/www.europesays.com\/pl\/wp-json\/wp\/v2\/posts\/153941\/revisions"}],"wp:featuredmedia":[{"embeddable":true,"href":"https:\/\/www.europesays.com\/pl\/wp-json\/wp\/v2\/media\/153942"}],"wp:attachment":[{"href":"https:\/\/www.europesays.com\/pl\/wp-json\/wp\/v2\/media?parent=153941"}],"wp:term":[{"taxonomy":"category","embeddable":true,"href":"https:\/\/www.europesays.com\/pl\/wp-json\/wp\/v2\/categories?post=153941"},{"taxonomy":"post_tag","embeddable":true,"href":"https:\/\/www.europesays.com\/pl\/wp-json\/wp\/v2\/tags?post=153941"}],"curies":[{"name":"wp","href":"https:\/\/api.w.org\/{rel}","templated":true}]}}