{"id":153949,"date":"2025-12-16T12:36:12","date_gmt":"2025-12-16T12:36:12","guid":{"rendered":"https:\/\/www.europesays.com\/pl\/153949\/"},"modified":"2025-12-16T12:36:12","modified_gmt":"2025-12-16T12:36:12","slug":"capcom-wlasnie-zapowiedzial-swoja-pierwsza-gre-na-ps6-niebawem-moze-zaczac-sie-lawina","status":"publish","type":"post","link":"https:\/\/www.europesays.com\/pl\/153949\/","title":{"rendered":"Capcom w\u0142a\u015bnie zapowiedzia\u0142 swoj\u0105 pierwsz\u0105 gr\u0119 na PS6? Niebawem mo\u017ce zacz\u0105\u0107 si\u0119 lawina"},"content":{"rendered":"<p>Po ostatnich og\u0142oszeniach na gali The Game Awards 2025, w \u015bwiecie graczy zawrza\u0142o od spekulacji na temat nadchodz\u0105cych plan\u00f3w sprz\u0119towych.<\/p>\n<p>Capcom zapowiedzia\u0142 gr\u0119 Mega Man: Dual Override z dat\u0105 premiery wyznaczon\u0105 dopiero na 2027 rok. Analitycy i fani szybko po\u0142\u0105czyli kropki &#8211; skoro nowa generacja konsol, czyli PlayStation 6, spodziewana jest w\u0142a\u015bnie w tamtym okresie, istnieje ogromne prawdopodobie\u0144stwo, \u017ce nowy Mega Man b\u0119dzie jednym z pierwszych tytu\u0142\u00f3w dost\u0119pnych na ten sprz\u0119t. Stworzy\u0142oby to rzadk\u0105 sytuacj\u0119, w kt\u00f3rej jedna gra debiutuje jednocze\u015bnie na trzech generacjach urz\u0105dze\u0144.<\/p>\n<p>    Dalsza cz\u0119\u015b\u0107 tekstu pod wideo<\/p>\n<p>Najwi\u0119kszym zaskoczeniem jest jednak oficjalne potwierdzenie, \u017ce gra trafi nie tylko na PlayStation 5, ale r\u00f3wnie\u017c na wys\u0142u\u017cone PlayStation 4. W momencie planowanej premiery w 2027 roku, &#8222;PeEs4&#8221; b\u0119dzie mia\u0142a na karku ju\u017c 14 lat. To niesamowity wynik, kt\u00f3ry przypomina czasy legendarnego PlayStation 2, na kt\u00f3re gry wychodzi\u0142y jeszcze d\u0142ugo po premierze nast\u0119pcy. Decyzja Capcomu pokazuje ogromne zaanga\u017cowanie we wspieranie starszego sprz\u0119tu, co w dzisiejszych czasach, gdy technologia p\u0119dzi do przodu, jest ewenementem.<\/p>\n<p>        <img loading=\"lazy\" decoding=\"async\" src=\"https:\/\/www.europesays.com\/pl\/wp-content\/uploads\/2025\/12\/1765838116_270_B32963402.414688363;dc_trk_aid=607216972;dc_trk_cid=228291445;ord=[timestamp];dc_lat=;dc_rdid=;tag_f.gif\" attributionsrc=\"\" border=\"0\" height=\"1\" width=\"1\" alt=\"Advertisement\"\/><\/p>\n<p>Eksperci t\u0142umacz\u0105 ten ruch rosn\u0105cymi kosztami produkcji gier wideo. Tworzenie nowych tytu\u0142\u00f3w jest tak drogie, \u017ce firmy staraj\u0105 si\u0119 dotrze\u0107 do jak najszerszego grona odbiorc\u00f3w, nie porzucaj\u0105c milion\u00f3w posiadaczy starszych konsol. Cho\u0107 na razie na papierze mamy potwierdzone tylko PS4 i PS5, debiut gry w oknie premierowym PlayStation 6 sprawia, \u017ce wersja na next-geny wydaje si\u0119 niemal pewna.<\/p>\n<p>Na og\u00f3\u0142 dyskusje na forach nie cichn\u0105, a gracze zastanawiaj\u0105 si\u0119, czy inne gry z 2027 roku (Exodus, Intergalactic, Tomb Raider Cataclyst) tak\u017ce trafi\u0105 ze specjaln\u0105 wersj\u0105 na PS6. Wydaje si\u0119 to raczej pewne, o ile Sony rzeczywi\u015bcie wyda swoj\u0105 now\u0105 konsol\u0119 w 2027 roku, a nie w p\u00f3\u017aniejszym okresie.<\/p>\n<p>Do tej pory wiadomo, \u017ce Star Wars Fate of the Old Republic trafi na PS6, podobnie jak Psyhint od Hideo Kojimy.<\/p>\n","protected":false},"excerpt":{"rendered":"Po ostatnich og\u0142oszeniach na gali The Game Awards 2025, w \u015bwiecie graczy zawrza\u0142o od spekulacji na temat nadchodz\u0105cych&hellip;\n","protected":false},"author":2,"featured_media":42595,"comment_status":"","ping_status":"","sticky":false,"template":"","format":"standard","meta":{"footnotes":""},"categories":[20],"tags":[120,118,119,42,38,40,39,41,116,114,115,121,117],"class_list":{"0":"post-153949","1":"post","2":"type-post","3":"status-publish","4":"format-standard","5":"has-post-thumbnail","7":"category-nauka-i-technika","8":"tag-nauka","9":"tag-nauka-i-technika","10":"tag-naukatechnika","11":"tag-pl","12":"tag-poland","13":"tag-polish","14":"tag-polska","15":"tag-polski","16":"tag-science","17":"tag-science-and-technology","18":"tag-sciencetechnology","19":"tag-technika","20":"tag-technology"},"share_on_mastodon":{"url":"https:\/\/pubeurope.com\/@pl\/115729281225711715","error":""},"_links":{"self":[{"href":"https:\/\/www.europesays.com\/pl\/wp-json\/wp\/v2\/posts\/153949","targetHints":{"allow":["GET"]}}],"collection":[{"href":"https:\/\/www.europesays.com\/pl\/wp-json\/wp\/v2\/posts"}],"about":[{"href":"https:\/\/www.europesays.com\/pl\/wp-json\/wp\/v2\/types\/post"}],"author":[{"embeddable":true,"href":"https:\/\/www.europesays.com\/pl\/wp-json\/wp\/v2\/users\/2"}],"replies":[{"embeddable":true,"href":"https:\/\/www.europesays.com\/pl\/wp-json\/wp\/v2\/comments?post=153949"}],"version-history":[{"count":0,"href":"https:\/\/www.europesays.com\/pl\/wp-json\/wp\/v2\/posts\/153949\/revisions"}],"wp:featuredmedia":[{"embeddable":true,"href":"https:\/\/www.europesays.com\/pl\/wp-json\/wp\/v2\/media\/42595"}],"wp:attachment":[{"href":"https:\/\/www.europesays.com\/pl\/wp-json\/wp\/v2\/media?parent=153949"}],"wp:term":[{"taxonomy":"category","embeddable":true,"href":"https:\/\/www.europesays.com\/pl\/wp-json\/wp\/v2\/categories?post=153949"},{"taxonomy":"post_tag","embeddable":true,"href":"https:\/\/www.europesays.com\/pl\/wp-json\/wp\/v2\/tags?post=153949"}],"curies":[{"name":"wp","href":"https:\/\/api.w.org\/{rel}","templated":true}]}}