{"id":153958,"date":"2025-12-16T12:42:08","date_gmt":"2025-12-16T12:42:08","guid":{"rendered":"https:\/\/www.europesays.com\/pl\/153958\/"},"modified":"2025-12-16T12:42:08","modified_gmt":"2025-12-16T12:42:08","slug":"19-lat-po-smierci-odkryto-list-na-grobie-leona-niemczyka-ujawnili-tresc-2","status":"publish","type":"post","link":"https:\/\/www.europesays.com\/pl\/153958\/","title":{"rendered":"19 lat po \u015bmierci odkryto list na grobie Leona Niemczyka. Ujawnili tre\u015b\u0107"},"content":{"rendered":"<p class=\"ods-c-paragraph \"><a href=\"https:\/\/plejada.pl\/leon-niemczyk\" id=\"eb22b034-70e5-4328-9a58-4607ac3eba71\" rel=\"nofollow noopener\" target=\"_blank\">Leon Niemczyk<\/a>, legenda polskiego kina, znany by\u0142 nie tylko ze swoich niezapomnianych r\u00f3l, ale r\u00f3wnie\u017c z burzliwego \u017cycia prywatnego. Sam aktor w wywiadach cz\u0119sto opowiada\u0142 o swoich licznych ma\u0142\u017ce\u0144stwach, twierdz\u0105c, \u017ce \u017ceni\u0142 si\u0119 a\u017c sze\u015b\u0107 razy. &#8222;By\u0142em jaki\u015b kochliwy&#8221; \u2014 m\u00f3wi\u0142 w rozmowie z &#8222;Gal\u0105&#8221;. Jednak jego jedyna c\u00f3rka, Monika, szybko dementowa\u0142a te rewelacje, twierdz\u0105c, \u017ce ojciec mia\u0142 tendencj\u0119 do ubarwiania swojego \u017cyciorysu. Wed\u0142ug niej Niemczyk stan\u0105\u0142 na \u015blubnym kobiercu jedynie dwukrotnie. Mimo to aktor nie kry\u0142, \u017ce ka\u017cde rozwody znacz\u0105co uszczupla\u0142y jego stan konta.<\/p>\n<p class=\"ods-c-paragraph \">Polecamy: <a href=\"https:\/\/plejada.pl\/newsy\/corka-leona-niemczyka-nie-otrzymala-nic-po-ojcu-spadek-zgarnela-partnerka\/gf90v2v\" id=\"a7c49923-6c7e-4548-9747-db3662979aa6\" rel=\"nofollow noopener\" target=\"_blank\">Spadek po Leonie Niemczyku wzbudza kontrowersje. Jego jedyna c\u00f3rka nie otrzyma\u0142a nic<\/a><\/p>\n<p class=\"ods-c-paragraph \">Jedn\u0105 z ostatnich jego r\u00f3l by\u0142a ta w pierwszym sezonie serialu <a href=\"https:\/\/plejada.pl\/temat\/ranczo\/1sc1rnv\" id=\"87ec7264-2e7a-47a4-98cd-01dface2994e\" rel=\"nofollow noopener\" target=\"_blank\">&#8222;Ranczo&#8221;<\/a>. Artysta wciela\u0142 si\u0119 w pijaczka i poet\u0119, kt\u00f3ry bawi\u0142 widz\u00f3w, siedz\u0105c na s\u0142ynnej \u0142aweczce we wsi Wilkowyje. Leon Niemczyk zmaga\u0142 si\u0119 jednak w\u00f3wczas z powa\u017cn\u0105 chorob\u0105. Odszed\u0142 w listopadzie 2006 r.<\/p>\n<p>Dalszy ci\u0105g artyku\u0142u pod materia\u0142em wideo<\/p>\n<p> Kiedy Leon Niemczyk obchodzi\u0142by swoje urodziny? <\/p>\n<p> Gdzie znajduje si\u0119 gr\u00f3b Leona Niemczyka? <\/p>\n<p> Co zawiera\u0142 list na grobie Leona Niemczyka? <\/p>\n<p> Ile razy wed\u0142ug Leona Niemczyka by\u0142 \u017conaty? <\/p>\n<p>  List na grobie Leona Niemczyka<\/p>\n<p class=\"ods-c-paragraph \">Jak informuje Telemagazyn, 14 grudnia 2025 r. nagrobek Leona Niemczyka by\u0142 otoczony blaskiem licznych zniczy. Obok lampion\u00f3w ustawiono wieniec, a tak\u017ce nie zabrak\u0142o \u015bwie\u017cych kwiat\u00f3w. To jednak kr\u00f3tka wiadomo\u015b\u0107 w li\u015bcie najbardziej zwr\u00f3ci\u0142a uwag\u0119 dziennikarzy.<\/p>\n<blockquote class=\"ods-o-quota\">\n<p class=\"ods-o-quota__paragraph\">Jeste\u015bmy dumni i pami\u0119tamy, \u017ce by\u0142e\u015b jednym z nas<\/p>\n<\/blockquote>\n<p class=\"ods-c-paragraph \">\u2014 brzmia\u0142a notatka, pozostawiona przez kibic\u00f3w jednego z \u0142\u00f3dzkich klub\u00f3w, zacytowana przez telemagazyn.pl.<\/p>\n<p class=\"ods-c-paragraph \">Gr\u00f3b Leona Niemczyka zlokalizowany jest w \u0141odzi, na cmentarzu przy ulicy Ogrodowej.<\/p>\n<p><img decoding=\"async\" src=\"https:\/\/cdn.plejada.pl\/1\/0HRk9lBaHR0cHM6Ly9vY2RuLmV1L3B1bHNjbXMvTURBXy9hMzM3OTQwMTNjMjk1NjYzMzliZDBmZjRhNmYwOTg0Mi5qcGeRlQLNAhjNAyDCw94AAqEwB6ExBA\" height=\"529\" width=\"940\" alt=\"Leon Niemczyk\" loading=\"lazy\" class=\"ods-c-image__img ods-c-image__img--vertical\"\/><\/p>\n<p>Leon NiemczykAndras Szilagyi \/ MW Media<\/p>\n<p class=\"ods-c-paragraph \">Dzi\u0119kujemy, \u017ce przeczyta\u0142a\u015b\/e\u015b nasz artyku\u0142 do ko\u0144ca. W serwisie Plejada.pl ka\u017cdego dnia piszemy o najwa\u017cniejszych wydarzeniach show-biznesowych. B\u0105d\u017a na bie\u017c\u0105co! <a rel=\"nofollow noopener\" href=\"https:\/\/profile.google.com\/cp\/Cg0vZy8xMWJ6X19wdHBx\" id=\"60528ea1-efab-4408-b4b4-8e057014bbdc\" target=\"_blank\">Obserwuj<\/a> Plejad\u0119 w Wiadomo\u015bciach Google. Odwied\u017a nas tak\u017ce na <a rel=\"nofollow noopener\" href=\"https:\/\/www.facebook.com\/plejadapl\" id=\"3ce04413-fab8-44a5-8615-a3539b98f933\" target=\"_blank\">Facebooku<\/a>, <a rel=\"nofollow noopener\" href=\"https:\/\/www.instagram.com\/plejadapl\/\" id=\"8192409f-642a-4bc6-95b7-88e135124e49\" target=\"_blank\">Instagramie<\/a>, <a rel=\"nofollow noopener\" href=\"https:\/\/www.youtube.com\/c\/plejada\" id=\"b57c6ab5-c726-48f1-8b64-c225f5661420\" target=\"_blank\">YouTube<\/a> oraz <a rel=\"nofollow noopener\" href=\"https:\/\/www.tiktok.com\/@plejada_pl\" id=\"b2f1eff3-562e-4dbd-b660-f3fd437f8c2f\" target=\"_blank\">TikToku<\/a>.<\/p>\n<p class=\"ods-c-paragraph \">Chcesz podzieli\u0107 si\u0119 ciekawym newsem lub zaproponowa\u0107 temat? Skontaktuj si\u0119 z nami, pisz\u0105c e-maila na adres: <a rel=\"nofollow noopener\" href=\"https:\/\/plejada.pl\/newsy\/19-lat-po-smierci-odkryto-list-na-grobie-leona-niemczyka-ujawnili-tresc\/mailto:plejada@redakcjaonet.pl\" id=\"c06e1759-e905-4f3e-9ee5-8ba3b1b77fc6\" target=\"_blank\">plejada@redakcjaonet.pl<\/a>.<\/p>\n<p><script async src=\"\/\/www.instagram.com\/embed.js\"><\/script><script async src=\"\/\/www.tiktok.com\/embed.js\"><\/script><\/p>\n","protected":false},"excerpt":{"rendered":"Leon Niemczyk, legenda polskiego kina, znany by\u0142 nie tylko ze swoich niezapomnianych r\u00f3l, ale r\u00f3wnie\u017c z burzliwego \u017cycia&hellip;\n","protected":false},"author":2,"featured_media":153959,"comment_status":"","ping_status":"","sticky":false,"template":"","format":"standard","meta":{"footnotes":""},"categories":[22],"tags":[122,12437,48,125,46,42,38,40,39,41,25199,123,47],"class_list":{"0":"post-153958","1":"post","2":"type-post","3":"status-publish","4":"format-standard","5":"has-post-thumbnail","7":"category-rozrywka","8":"tag-entertainment","9":"tag-leon_niemczyk","10":"tag-nat_styl","11":"tag-newsy","12":"tag-omp","13":"tag-pl","14":"tag-poland","15":"tag-polish","16":"tag-polska","17":"tag-polski","18":"tag-rebrand_ai_tst1","19":"tag-rozrywka","20":"tag-screening_general"},"share_on_mastodon":{"url":"https:\/\/pubeurope.com\/@pl\/115729304569397762","error":""},"_links":{"self":[{"href":"https:\/\/www.europesays.com\/pl\/wp-json\/wp\/v2\/posts\/153958","targetHints":{"allow":["GET"]}}],"collection":[{"href":"https:\/\/www.europesays.com\/pl\/wp-json\/wp\/v2\/posts"}],"about":[{"href":"https:\/\/www.europesays.com\/pl\/wp-json\/wp\/v2\/types\/post"}],"author":[{"embeddable":true,"href":"https:\/\/www.europesays.com\/pl\/wp-json\/wp\/v2\/users\/2"}],"replies":[{"embeddable":true,"href":"https:\/\/www.europesays.com\/pl\/wp-json\/wp\/v2\/comments?post=153958"}],"version-history":[{"count":0,"href":"https:\/\/www.europesays.com\/pl\/wp-json\/wp\/v2\/posts\/153958\/revisions"}],"wp:featuredmedia":[{"embeddable":true,"href":"https:\/\/www.europesays.com\/pl\/wp-json\/wp\/v2\/media\/153959"}],"wp:attachment":[{"href":"https:\/\/www.europesays.com\/pl\/wp-json\/wp\/v2\/media?parent=153958"}],"wp:term":[{"taxonomy":"category","embeddable":true,"href":"https:\/\/www.europesays.com\/pl\/wp-json\/wp\/v2\/categories?post=153958"},{"taxonomy":"post_tag","embeddable":true,"href":"https:\/\/www.europesays.com\/pl\/wp-json\/wp\/v2\/tags?post=153958"}],"curies":[{"name":"wp","href":"https:\/\/api.w.org\/{rel}","templated":true}]}}