{"id":153962,"date":"2025-12-16T12:46:10","date_gmt":"2025-12-16T12:46:10","guid":{"rendered":"https:\/\/www.europesays.com\/pl\/153962\/"},"modified":"2025-12-16T12:46:10","modified_gmt":"2025-12-16T12:46:10","slug":"morderstwo-11-latki-w-jeleniej-gorze-barbara-nowacka-nie-mozemy-spac-onet","status":"publish","type":"post","link":"https:\/\/www.europesays.com\/pl\/153962\/","title":{"rendered":"Morderstwo 11-latki w Jeleniej G\u00f3rze. Barbara Nowacka: nie mo\u017cemy spa\u0107 &#8211; Onet"},"content":{"rendered":"<ol>\n<li><a href=\"https:\/\/news.google.com\/rss\/articles\/CBMiywFBVV95cUxPVmhrTjd4QUNLUnEyLWt4TUxjYUIwNDF6WTVJTGpCbjBHSVhOVDNsSkJ3bFlKdHBjSGtoYnJOZTZ2VDNBajNtdEsyaEtVM2FvcUc3N21rc0ttWldYRXJnV1ZMcEZhMUNsdmh6M3E3MzN4ZDZ5bXNjYjlaNzUyWGg2MklZUG1DektmOVo0VGN2WWNWY3pOSllZTDhzWFBnek5IWktaZ3RQeUdGXzFmSGJYTGxmWXc0ZkpBV0JFeU96ZHBzalBWWHVPcV9vUQ?oc=5\" target=\"_blank\" rel=\"nofollow noopener\">Morderstwo 11-latki w Jeleniej G\u00f3rze. Barbara Nowacka: nie mo\u017cemy spa\u0107<\/a>&nbsp;&nbsp;Onet<\/li>\n<li><a href=\"https:\/\/news.google.com\/rss\/articles\/CBMiswFBVV95cUxNbDk2c1dIRkZWOC1TSU84LWRMcXMwSEFIMF9XVXFvR1lseTJ5SVZSZmc5MDZMMFhlNzkwd1FhM3pHc0NvR0p2OWFKdkxBVUR0SmI0dGZmaGk2Z0lLdk9iZEtxU2pjd09PNDZFNDc3YXcxVjhqT0wtU0R4U2FXWktadWN0T25memlsNFJYQXdaOHN0YVBKZGJ2NTlfdEZlZkJaOGJnRmt5VDFMZ0FEaDNrWEM2QQ?oc=5\" target=\"_blank\" rel=\"nofollow noopener\">Zab\u00f3jstwo 11-latki. &#8222;Prawdopodobnie zabi\u0142a j\u0105 kole\u017canka&#8221;<\/a>&nbsp;&nbsp;Onet Wiadomo\u015bci<\/li>\n<li><a href=\"https:\/\/news.google.com\/rss\/articles\/CBMixAFBVV95cUxQNmd5dWcxT082R0RVc3E3RE5tSUloQ04wUkp0bmhBSGNyemdRTXZNRUhEMTNHYmd5WkxmUmJhVG1QRHZ5N2I4dEF6YUE2clF1WTdyVk10WkJ1Um4wSXhDRnRqb09waHRmVjlLRkJHaDVLZlpQaGdCZGtOMHBFYlpXbUtNdDdXQzJkOVhBU29vN3NMVG0tV0kwZUpFWFN4U1hxRXU2VTlsbEwwc0I2bVplNVowalZhcDZrakFkNmQ0ZUp1ZndO?oc=5\" target=\"_blank\" rel=\"nofollow noopener\">\u015amier\u0107 11-letniej dziewczynki z Jeleniej G\u00f3ry. Ekspertka o mo\u017cliwych motywach<\/a>&nbsp;&nbsp;Gazeta<\/li>\n<li><a href=\"https:\/\/news.google.com\/rss\/articles\/CBMitwFBVV95cUxNS1MzUWc1WmtFWUNiOW41MENkS2pGdzVBVThXNzFwcUdvTDBGX25YVEVlU1M4Mjd3Z0ZGZ1MxNmhFVEJOd0Q2VEtvT3R2OW9KaFAtaFh6UWhNYjBnaWNUWm0ydTBoT09PUEJDYjJweHpUZHVVMW9pamVDYUtPS19jZWh3bnRKaG9fb0RLa3hjUUhmbFZ4X2t5TVVweHZZS0EzMmhIdEMwb2gyZmlRU0dkT0xUUk9fMUU?oc=5\" target=\"_blank\" rel=\"nofollow noopener\">&#8222;Nie mo\u017cemy spa\u0107, musimy podj\u0105\u0107 dzia\u0142ania&#8221;. Minister reaguje na dramat w Jeleniej G\u00f3rze<\/a>&nbsp;&nbsp;Wydarzenia w INTERIA.PL<\/li>\n<li><a href=\"https:\/\/news.google.com\/rss\/articles\/CBMiwgFBVV95cUxPd0ZjOVpIaEhZU2VCb1phZXczUFhQam4xcW5WeVljVGMxalQ2WWJoN2pnb2ZWVGxsS25sN1ZyVGF3M0otSlhTLW0wREMzTlJGVWdIeEVqTVFBT3RUSnZuWFlpZUMwVTVwYkFxazhTUWpIa3dUbk5MLW85YmtQRk9reURoNGpad2ZxMXN1YkVacUloZ0p3NUkxN2xFa2VGQXlQbHQxMm0xX1Zvc21BNXhxRm5fR1BEcEgwNlpsZzI2Y1gtUQ?oc=5\" target=\"_blank\" rel=\"nofollow noopener\">&#8222;Matko kochana, nie mog\u0119 si\u0119 otrz\u0105sn\u0105\u0107&#8221;. Obok jej domu zamordowano 11-letni\u0105 dziewczynk\u0119<\/a>&nbsp;&nbsp;Fakt<\/li>\n<\/ol>\n","protected":false},"excerpt":{"rendered":"Morderstwo 11-latki w Jeleniej G\u00f3rze. Barbara Nowacka: nie mo\u017cemy spa\u0107&nbsp;&nbsp;Onet Zab\u00f3jstwo 11-latki. &#8222;Prawdopodobnie zabi\u0142a j\u0105 kole\u017canka&#8221;&nbsp;&nbsp;Onet Wiadomo\u015bci \u015amier\u0107&hellip;\n","protected":false},"author":2,"featured_media":153963,"comment_status":"","ping_status":"","sticky":false,"template":"","format":"standard","meta":{"footnotes":""},"categories":[12],"tags":[3621,32,33,36,37,27,67,30648,34,35,28,31,53,25,52,68,51,55,42,38,40,39,41,25177,47,3830,29,30,65,50,26,3459],"class_list":{"0":"post-153962","1":"post","2":"type-post","3":"status-publish","4":"format-standard","5":"has-post-thumbnail","7":"category-polska","8":"tag-barbara_nowacka_polityczka","9":"tag-breaking-news","10":"tag-breakingnews","11":"tag-featured-news","12":"tag-featurednews","13":"tag-headlines","14":"tag-intextvideo_splayer","15":"tag-jelenia_gora","16":"tag-latest-news","17":"tag-latestnews","18":"tag-naglowki","19":"tag-najwazniejsze-artykuly","20":"tag-new_header","21":"tag-news","22":"tag-onet3","23":"tag-onet3d","24":"tag-onet3d_2i","25":"tag-phx","26":"tag-pl","27":"tag-poland","28":"tag-polish","29":"tag-polska","30":"tag-polski","31":"tag-regwall_tst0","32":"tag-screening_general","33":"tag-szkola_szkoly_szkolnictwo_nauczyciel_nauczyciele_nauczycielka_uczen_uczennica_uczniowie","34":"tag-top-stories","35":"tag-topstories","36":"tag-update_me","37":"tag-v2021","38":"tag-wiadomosci","39":"tag-zabojstwo_morderstwo_morderstwa_zabojstwa"},"share_on_mastodon":{"url":"","error":"Validation failed: Text character limit of 500 exceeded"},"_links":{"self":[{"href":"https:\/\/www.europesays.com\/pl\/wp-json\/wp\/v2\/posts\/153962","targetHints":{"allow":["GET"]}}],"collection":[{"href":"https:\/\/www.europesays.com\/pl\/wp-json\/wp\/v2\/posts"}],"about":[{"href":"https:\/\/www.europesays.com\/pl\/wp-json\/wp\/v2\/types\/post"}],"author":[{"embeddable":true,"href":"https:\/\/www.europesays.com\/pl\/wp-json\/wp\/v2\/users\/2"}],"replies":[{"embeddable":true,"href":"https:\/\/www.europesays.com\/pl\/wp-json\/wp\/v2\/comments?post=153962"}],"version-history":[{"count":0,"href":"https:\/\/www.europesays.com\/pl\/wp-json\/wp\/v2\/posts\/153962\/revisions"}],"wp:featuredmedia":[{"embeddable":true,"href":"https:\/\/www.europesays.com\/pl\/wp-json\/wp\/v2\/media\/153963"}],"wp:attachment":[{"href":"https:\/\/www.europesays.com\/pl\/wp-json\/wp\/v2\/media?parent=153962"}],"wp:term":[{"taxonomy":"category","embeddable":true,"href":"https:\/\/www.europesays.com\/pl\/wp-json\/wp\/v2\/categories?post=153962"},{"taxonomy":"post_tag","embeddable":true,"href":"https:\/\/www.europesays.com\/pl\/wp-json\/wp\/v2\/tags?post=153962"}],"curies":[{"name":"wp","href":"https:\/\/api.w.org\/{rel}","templated":true}]}}