{"id":153972,"date":"2025-12-16T12:52:05","date_gmt":"2025-12-16T12:52:05","guid":{"rendered":"https:\/\/www.europesays.com\/pl\/153972\/"},"modified":"2025-12-16T12:52:05","modified_gmt":"2025-12-16T12:52:05","slug":"bedzie-miedzynarodowa-komisja-do-spraw-ukrainy-jest-podpis-w-radzie-europy","status":"publish","type":"post","link":"https:\/\/www.europesays.com\/pl\/153972\/","title":{"rendered":"B\u0119dzie mi\u0119dzynarodowa komisja do spraw Ukrainy. Jest podpis w Radzie Europy"},"content":{"rendered":"<p class=\"ods-c-paragraph \">Prezydent Wo\u0142odymyr Ze\u0142enski o\u015bwiadczy\u0142 we wtorek w Hadze, \u017ce Rosja musi zosta\u0107 poci\u0105gni\u0119ta do odpowiedzialno\u015bci za &#8222;zbrodni\u0119 agresji&#8221; przeciw Ukrainie. Jego wyst\u0105pienie poprzedzi\u0142o konferencj\u0119 w sprawie powo\u0142ania Mi\u0119dzynarodowej Komisji ds. Roszcze\u0144 dla Ukrainy.<\/p>\n<p>Dalszy ci\u0105g artyku\u0142u pod materia\u0142em wideo<\/p>\n<p> Gdzie b\u0119dzie siedziba nowej komisji do spraw Ukrainy? <\/p>\n<p> Ile skarg wp\u0142yn\u0119\u0142o do rejestru strat zwi\u0105zanych z agresj\u0105 rosyjsk\u0105? <\/p>\n<p> Kto o\u015bwiadczy\u0142, \u017ce Rosja musi by\u0107 poci\u0105gni\u0119ta do odpowiedzialno\u015bci? <\/p>\n<p> Jakie b\u0119dzie g\u0142\u00f3wne zadanie mi\u0119dzynarodowej komisji ds. roszcze\u0144 dla Ukrainy? <\/p>\n<p class=\"ods-c-paragraph \">Holandia b\u0119dzie siedzib\u0105 komisji \u2014 poinformowa\u0142 szef holenderskiej dyplomacji David van Weel, podkre\u015blaj\u0105c, \u017ce jej zadaniem b\u0119dzie przede wszystkim ustalenie i potwierdzenie roszcze\u0144, bez gwarancji ich p\u00f3\u017aniejszej wyp\u0142aty.<\/p>\n<p class=\"ods-c-paragraph \">Przysz\u0142a komisja b\u0119dzie rozstrzyga\u0107 roszczenia wpisane do ju\u017c istniej\u0105cego w ramach RE rejestru strat spowodowanych agresj\u0105 rosyjsk\u0105. Do tej pory do rejestru, powo\u0142anego w 2023 r., nap\u0142yn\u0119\u0142o 80 tys. skarg, z\u0142o\u017conych przez osoby fizyczne, instytucje pa\u0144stwowe i organizacje. W pracach nad projektem konwencji wzi\u0119\u0142o udzia\u0142 ponad 50 pa\u0144stw. Wejdzie ona w \u017cycie po ratyfikowaniu przez 25 sygnatariuszy i zapewnieniu odpowiedniego finansowania.<\/p>\n<p>   Nowa komisja do spraw Ukrainy. &#8222;Wsparcie sojusznik\u00f3w r\u00f3wnie wa\u017cne, jak na pocz\u0105tku inwazji&#8221;<\/p>\n<p class=\"ods-c-paragraph \">Wo\u0142odymyr Ze\u0142enski podkre\u015bli\u0142, \u017ce wsparcie sojusznik\u00f3w jest dzi\u015b dla Ukrainy r\u00f3wnie wa\u017cne, jak na pocz\u0105tku rosyjskiej inwazji w 2022 r. Zaznaczy\u0142, \u017ce sprawiedliwo\u015b\u0107 musi by\u0107 kluczowym elementem zako\u0144czenia wojny i ponownie wezwa\u0142 do rozliczenia Rosji za wyrz\u0105dzone szkody, nawi\u0105zuj\u0105c m.in. do zestrzelenia w 2014 r. przez rosyjskie wojsko samolotu lotu MH17, gdzie wi\u0119kszo\u015b\u0107 ofiar to obywatele Holandii.<\/p>\n<p class=\"ods-c-paragraph \">Wyst\u0105pienie zosta\u0142o przyj\u0119te przez wi\u0119kszo\u015b\u0107 deputowanych owacj\u0105 na stoj\u0105co. W obradach nie uczestniczy\u0142a partia Forum na rzecz Demokracji (FvD) \u2014 skrajnie prawicowe i prorosyjskie ugrupowanie, kt\u00f3re zbojkotowa\u0142o przem\u00f3wienie ukrai\u0144skiego prezydenta.<\/p>\n","protected":false},"excerpt":{"rendered":"Prezydent Wo\u0142odymyr Ze\u0142enski o\u015bwiadczy\u0142 we wtorek w Hadze, \u017ce Rosja musi zosta\u0107 poci\u0105gni\u0119ta do odpowiedzialno\u015bci za &#8222;zbrodni\u0119 agresji&#8221;&hellip;\n","protected":false},"author":2,"featured_media":23878,"comment_status":"","ping_status":"","sticky":false,"template":"","format":"standard","meta":{"footnotes":""},"categories":[14],"tags":[32,33,189,3263,27,1786,76,34,35,28,31,48,25,46,40,41,7186,87,47,80,29,30,415,26,309,82,83,84],"class_list":{"0":"post-153972","1":"post","2":"type-post","3":"status-publish","4":"format-standard","5":"has-post-thumbnail","7":"category-swiat","8":"tag-breaking-news","9":"tag-breakingnews","10":"tag-europa","11":"tag-haga","12":"tag-headlines","13":"tag-holandia","14":"tag-inwazja_rosji_na_ukraine","15":"tag-latest-news","16":"tag-latestnews","17":"tag-naglowki","18":"tag-najwazniejsze-artykuly","19":"tag-nat_styl","20":"tag-news","21":"tag-omp","22":"tag-polish","23":"tag-polski","24":"tag-rada_europy","25":"tag-rosja","26":"tag-screening_general","27":"tag-swiat","28":"tag-top-stories","29":"tag-topstories","30":"tag-ukraina","31":"tag-wiadomosci","32":"tag-wolodymyr_zelenski","33":"tag-world","34":"tag-world-news","35":"tag-worldnews"},"share_on_mastodon":{"url":"https:\/\/pubeurope.com\/@pl\/115729343718757167","error":""},"_links":{"self":[{"href":"https:\/\/www.europesays.com\/pl\/wp-json\/wp\/v2\/posts\/153972","targetHints":{"allow":["GET"]}}],"collection":[{"href":"https:\/\/www.europesays.com\/pl\/wp-json\/wp\/v2\/posts"}],"about":[{"href":"https:\/\/www.europesays.com\/pl\/wp-json\/wp\/v2\/types\/post"}],"author":[{"embeddable":true,"href":"https:\/\/www.europesays.com\/pl\/wp-json\/wp\/v2\/users\/2"}],"replies":[{"embeddable":true,"href":"https:\/\/www.europesays.com\/pl\/wp-json\/wp\/v2\/comments?post=153972"}],"version-history":[{"count":0,"href":"https:\/\/www.europesays.com\/pl\/wp-json\/wp\/v2\/posts\/153972\/revisions"}],"wp:featuredmedia":[{"embeddable":true,"href":"https:\/\/www.europesays.com\/pl\/wp-json\/wp\/v2\/media\/23878"}],"wp:attachment":[{"href":"https:\/\/www.europesays.com\/pl\/wp-json\/wp\/v2\/media?parent=153972"}],"wp:term":[{"taxonomy":"category","embeddable":true,"href":"https:\/\/www.europesays.com\/pl\/wp-json\/wp\/v2\/categories?post=153972"},{"taxonomy":"post_tag","embeddable":true,"href":"https:\/\/www.europesays.com\/pl\/wp-json\/wp\/v2\/tags?post=153972"}],"curies":[{"name":"wp","href":"https:\/\/api.w.org\/{rel}","templated":true}]}}