{"id":153975,"date":"2025-12-16T12:59:07","date_gmt":"2025-12-16T12:59:07","guid":{"rendered":"https:\/\/www.europesays.com\/pl\/153975\/"},"modified":"2025-12-16T12:59:07","modified_gmt":"2025-12-16T12:59:07","slug":"brazylia-replika-statuy-wolnosci-runela-na-parking-powodem-potezna-wichura-jest-nagranie","status":"publish","type":"post","link":"https:\/\/www.europesays.com\/pl\/153975\/","title":{"rendered":"Brazylia. Replika Statuy Wolno\u015bci run\u0119\u0142a na parking. Powodem pot\u0119\u017cna wichura. Jest nagranie"},"content":{"rendered":"<p> Replika Statuy Wolno\u015bci run\u0119\u0142a. Powodem pot\u0119\u017cna wichura<\/p>\n<p class=\"art_paragraph\">Do zdarzenia dosz\u0142o w poniedzia\u0142ek (15 grudnia) w mie\u015bcie\u00a0Gua\u00edba w Brazylii. Tego dnia odnotowano silny <a href=\"https:\/\/wiadomosci.gazeta.pl\/wiatr#anchorLink\" rel=\"nofollow noopener\" target=\"_blank\">wiatr<\/a>, kt\u00f3ry osi\u0105ga\u0142 pr\u0119dko\u015b\u0107 do 130 km\/h. To w\u0142a\u015bnie pot\u0119\u017cne podmuchy w pewnym momencie przewr\u00f3ci\u0142y pomnik znajduj\u0105cy\u00a0si\u0119 na parkingu <a href=\"https:\/\/next.gazeta.pl\/next\/7,151003,31116157,sklepy-tajemniczego-miliardera-zalewaja-polske-tylko-przez.html#anchorLink\" rel=\"nofollow noopener\" target=\"_blank\">sklepu<\/a> Havan. Run\u0119\u0142a 24-metrowa replika Statuy Wolno\u015bci znajduj\u0105ca si\u0119 na 11-metrowej podstawie.<\/p>\n<p> Na parkingu by\u0142y samochody. Jest nagranie<\/p>\n<p class=\"art_paragraph\">W sieci pojawi\u0142o si\u0119 nagranie ze zdarzenia. Wida\u0107 na nim, jak pomnik si\u0119 przechyli\u0142, a po chwili run\u0105\u0142 na parking, tu\u017c obok zaparkowanego samochodu. Na parkingu w chwili zawalenia si\u0119 repliki by\u0142o wi\u0119cej aut. Nikt jednak nie zosta\u0142 poszkodowany.<\/p>\n<p class=\"art_paragraph\">Pomnik ma nale\u017ce\u0107 do sieci sklep\u00f3w Havan. &#8222;<a href=\"https:\/\/next.gazeta.pl\/next\/7,151003,32390119,gigant-tworzy-nowe-miejsca-pracy-w-polsce-firma-szuka-ekspertow.html#anchorLink\" rel=\"nofollow noopener\" target=\"_blank\">Firma<\/a> natychmiast odizolowa\u0142a teren, przestrzegaj\u0105c wszystkich protoko\u0142\u00f3w bezpiecze\u0144stwa&#8221; &#8211; przekazano. Wszcz\u0119to ju\u017c wewn\u0119trzne dochodzenie w sprawie, jednocze\u015bnie zapewniono, \u017ce usuwanie gruzu nie zak\u0142\u00f3ci\u0142o jego normalnej dzia\u0142alno\u015bci. Sie\u0107 podkre\u015bla, \u017ce pomnik spe\u0142nia\u0142 wszystkie wymagane standardy. Tymczasem brazylijskie s\u0142u\u017cby wyda\u0142y ostrze\u017cenia przed silnym wiatrem do 90 km\/h oraz gwa\u0142townymi burzami.\u00a0<\/p>\n<p class=\"art_paragraph\">Czytaj tak\u017ce: <a href=\"https:\/\/wiadomosci.gazeta.pl\/polska\/7,198072,32473602,student-kul-mial-przygotowywac-zamach-na-jarmarku-chcial-wstapic.html#do_w=484&amp;do_v=1562&amp;do_st=RS&amp;do_sid=1728&amp;do_a=1728&amp;s=BoxOpMT\" class=\"art_link\" rel=\"dofollow noopener\" target=\"_blank\">Student KUL mia\u0142 przygotowywa\u0107 zamach na jarmarku. &#8222;Chcia\u0142 wst\u0105pi\u0107 do organizacji terrorystycznej&#8221;<\/a>.<\/p>\n<p class=\"art_paragraph\">\u0179r\u00f3d\u0142a: &#8222;The Economist Time&#8221;, <a href=\"https:\/\/wiadomosci.gazeta.pl\/nexta#anchorLink\" rel=\"nofollow noopener\" target=\"_blank\">NEXTA<\/a> na X<\/p>\n","protected":false},"excerpt":{"rendered":"Replika Statuy Wolno\u015bci run\u0119\u0142a. Powodem pot\u0119\u017cna wichura Do zdarzenia dosz\u0142o w poniedzia\u0142ek (15 grudnia) w mie\u015bcie\u00a0Gua\u00edba w Brazylii.&hellip;\n","protected":false},"author":2,"featured_media":153976,"comment_status":"","ping_status":"","sticky":false,"template":"","format":"standard","meta":{"footnotes":""},"categories":[14],"tags":[32,33,27,34,35,28,31,25,40,41,80,29,30,26,82,83,84],"class_list":{"0":"post-153975","1":"post","2":"type-post","3":"status-publish","4":"format-standard","5":"has-post-thumbnail","7":"category-swiat","8":"tag-breaking-news","9":"tag-breakingnews","10":"tag-headlines","11":"tag-latest-news","12":"tag-latestnews","13":"tag-naglowki","14":"tag-najwazniejsze-artykuly","15":"tag-news","16":"tag-polish","17":"tag-polski","18":"tag-swiat","19":"tag-top-stories","20":"tag-topstories","21":"tag-wiadomosci","22":"tag-world","23":"tag-world-news","24":"tag-worldnews"},"share_on_mastodon":{"url":"https:\/\/pubeurope.com\/@pl\/115729371195240421","error":""},"_links":{"self":[{"href":"https:\/\/www.europesays.com\/pl\/wp-json\/wp\/v2\/posts\/153975","targetHints":{"allow":["GET"]}}],"collection":[{"href":"https:\/\/www.europesays.com\/pl\/wp-json\/wp\/v2\/posts"}],"about":[{"href":"https:\/\/www.europesays.com\/pl\/wp-json\/wp\/v2\/types\/post"}],"author":[{"embeddable":true,"href":"https:\/\/www.europesays.com\/pl\/wp-json\/wp\/v2\/users\/2"}],"replies":[{"embeddable":true,"href":"https:\/\/www.europesays.com\/pl\/wp-json\/wp\/v2\/comments?post=153975"}],"version-history":[{"count":0,"href":"https:\/\/www.europesays.com\/pl\/wp-json\/wp\/v2\/posts\/153975\/revisions"}],"wp:featuredmedia":[{"embeddable":true,"href":"https:\/\/www.europesays.com\/pl\/wp-json\/wp\/v2\/media\/153976"}],"wp:attachment":[{"href":"https:\/\/www.europesays.com\/pl\/wp-json\/wp\/v2\/media?parent=153975"}],"wp:term":[{"taxonomy":"category","embeddable":true,"href":"https:\/\/www.europesays.com\/pl\/wp-json\/wp\/v2\/categories?post=153975"},{"taxonomy":"post_tag","embeddable":true,"href":"https:\/\/www.europesays.com\/pl\/wp-json\/wp\/v2\/tags?post=153975"}],"curies":[{"name":"wp","href":"https:\/\/api.w.org\/{rel}","templated":true}]}}