{"id":153981,"date":"2025-12-16T13:06:08","date_gmt":"2025-12-16T13:06:08","guid":{"rendered":"https:\/\/www.europesays.com\/pl\/153981\/"},"modified":"2025-12-16T13:06:08","modified_gmt":"2025-12-16T13:06:08","slug":"roszczenia-wobec-rosji-europa-rusza-z-komisja-money-pl","status":"publish","type":"post","link":"https:\/\/www.europesays.com\/pl\/153981\/","title":{"rendered":"Roszczenia wobec Rosji. Europa rusza z komisj\u0105 &#8211; Money.pl"},"content":{"rendered":"<ol>\n<li><a href=\"https:\/\/news.google.com\/rss\/articles\/CBMiogFBVV95cUxPZEV3TEdDUDFWc0tqYmFaVmNWYW0tcjNDRUxvWHJhc0E0SkhmeVE1aWc2eEtLdmdMMVF2UDl5aHhZY1NTdy1IQmxkQmVkSXZudVM4VHZUeUZCOXZuX3RBTjYtSzlJYWZPckp0aW9LaHBZQkhfMU83Zm9zanAwZXVFYVhQOG01VVlDemhoc3RQVW4yRzRybWRucDhlaDE0eGFxSXc?oc=5\" target=\"_blank\" rel=\"nofollow noopener\">Roszczenia wobec Rosji. Europa rusza z komisj\u0105<\/a>&nbsp;&nbsp;Money.pl<\/li>\n<li><a href=\"https:\/\/news.google.com\/rss\/articles\/CBMivgFBVV95cUxOOEdjX09uQ25Xa09WQkZFWVk3eUp3al85elgwS3BmLV9QUUY3WnlxMVppTDBVekNlOXNfUnBRSXlIZGFxSGo2eEMtZUMyczhRdUtaYWRfbnZpSjFTLTA5dDg4OEg1X2N0UzgydXhZY0I3dUwzWXUxcTlNMk54ZDhFU19VdzJoX2xpc3FDaHRoV1RhWmlKSGY5SndtdmV3N1JZbE5fQlpRS20xYVZIQldTU0JISEpOcTJvR3pCc0RB?oc=5\" target=\"_blank\" rel=\"nofollow noopener\">Mi\u0119dzynarodowa komisja ds. roszcze\u0144 dla Ukrainy. Jest decyzja ws. jej powo\u0142ania<\/a>&nbsp;&nbsp;Wydarzenia w INTERIA.PL<\/li>\n<li><a href=\"https:\/\/news.google.com\/rss\/articles\/CBMitgFBVV95cUxPQ1pwNFR5NzE2Ulk0OU4wTHFQZnkzckw2ZVhXRVp6NzBObG0yLUk4dUsyVk5Wbjh3RVI5R2xLYVpldndfclNpc0pKUFJiYVNjU3BGS0lDcXBlakNHeDUyeFA1YnJGajRNQllPRTZFUTJtZXQ3cTVYakRWYjhSblJhNFRNS2d1ZW91OHZ3aHNfc0JMSEJzWFJyQmdHdnNrZ0FTQlBmaF92VlBGTXpvZmN4SG9IcUpCdw?oc=5\" target=\"_blank\" rel=\"nofollow noopener\">B\u0119dzie mi\u0119dzynarodowa komisja do spraw Ukrainy. Jest podpis w Radzie Europy<\/a>&nbsp;&nbsp;Onet Wiadomo\u015bci<\/li>\n<li><a href=\"https:\/\/news.google.com\/rss\/articles\/CBMiwAFBVV95cUxQODZ4M1pVNkM5aDhMM3F1ZS1EdjVGaXBDZ0l5QXhYYm40ZFpTbHNSSEhMaTN3UElPcWNhQlpwRHlwcklfbFF6cWVpLW1ZcDk0WXh5bXRGZFJqS3pSUDRsdllNellINnZCTXdDT00zQmlYVF9OS3BNYWdOMDZaSVNSc0QtbUNQSTk4dzhxVWJwSkdmeXZFX09wZWhoVTNDS25iajhRVHBLam5TUkdKM2NrYkJSalRsZlFrc2cxTTNOOUg?oc=5\" target=\"_blank\" rel=\"nofollow noopener\">B\u0119dzie mi\u0119dzynarodowa komisja do spraw Ukrainy. Jest podpis Rady Europy<\/a>&nbsp;&nbsp;Business Insider Polska<\/li>\n<li><a href=\"https:\/\/news.google.com\/rss\/articles\/CBMitAFBVV95cUxNaHNkak9LNW56ZjdwMzg1SzRsX294VGhxdVZuMVlyaUFVbmtlZm9tam52TXoxM0ZVM1podFVIeXQ4alFzY3BrX3VwYWJUWU1oWE81TFZlUjNwSXp5SnR3V21rTTQ0VkdWdlV6S2M4ZTVTR2VyOFVEclpmMnI5T3dwd1JsNVlrNGNQdDYyVE10b29fd2V4cmk2cEcyVUNGYUthUU9XejJRUU9YWUN5YnVmaUNRVTA?oc=5\" target=\"_blank\" rel=\"nofollow noopener\">Dokumenty podpisane. Zapad\u0142a decyzja ws. dochodzenia roszcze\u0144 dla Ukrainy<\/a>&nbsp;&nbsp;WP Wiadomo\u015bci<\/li>\n<\/ol>\n","protected":false},"excerpt":{"rendered":"Roszczenia wobec Rosji. Europa rusza z komisj\u0105&nbsp;&nbsp;Money.pl Mi\u0119dzynarodowa komisja ds. roszcze\u0144 dla Ukrainy. Jest decyzja ws. jej powo\u0142ania&nbsp;&nbsp;Wydarzenia&hellip;\n","protected":false},"author":2,"featured_media":153982,"comment_status":"","ping_status":"","sticky":false,"template":"","format":"standard","meta":{"footnotes":""},"categories":[14],"tags":[32,33,27,34,35,28,31,25,40,41,80,29,30,26,82,83,84],"class_list":{"0":"post-153981","1":"post","2":"type-post","3":"status-publish","4":"format-standard","5":"has-post-thumbnail","7":"category-swiat","8":"tag-breaking-news","9":"tag-breakingnews","10":"tag-headlines","11":"tag-latest-news","12":"tag-latestnews","13":"tag-naglowki","14":"tag-najwazniejsze-artykuly","15":"tag-news","16":"tag-polish","17":"tag-polski","18":"tag-swiat","19":"tag-top-stories","20":"tag-topstories","21":"tag-wiadomosci","22":"tag-world","23":"tag-world-news","24":"tag-worldnews"},"share_on_mastodon":{"url":"https:\/\/pubeurope.com\/@pl\/115729398685875055","error":""},"_links":{"self":[{"href":"https:\/\/www.europesays.com\/pl\/wp-json\/wp\/v2\/posts\/153981","targetHints":{"allow":["GET"]}}],"collection":[{"href":"https:\/\/www.europesays.com\/pl\/wp-json\/wp\/v2\/posts"}],"about":[{"href":"https:\/\/www.europesays.com\/pl\/wp-json\/wp\/v2\/types\/post"}],"author":[{"embeddable":true,"href":"https:\/\/www.europesays.com\/pl\/wp-json\/wp\/v2\/users\/2"}],"replies":[{"embeddable":true,"href":"https:\/\/www.europesays.com\/pl\/wp-json\/wp\/v2\/comments?post=153981"}],"version-history":[{"count":0,"href":"https:\/\/www.europesays.com\/pl\/wp-json\/wp\/v2\/posts\/153981\/revisions"}],"wp:featuredmedia":[{"embeddable":true,"href":"https:\/\/www.europesays.com\/pl\/wp-json\/wp\/v2\/media\/153982"}],"wp:attachment":[{"href":"https:\/\/www.europesays.com\/pl\/wp-json\/wp\/v2\/media?parent=153981"}],"wp:term":[{"taxonomy":"category","embeddable":true,"href":"https:\/\/www.europesays.com\/pl\/wp-json\/wp\/v2\/categories?post=153981"},{"taxonomy":"post_tag","embeddable":true,"href":"https:\/\/www.europesays.com\/pl\/wp-json\/wp\/v2\/tags?post=153981"}],"curies":[{"name":"wp","href":"https:\/\/api.w.org\/{rel}","templated":true}]}}