{"id":153989,"date":"2025-12-16T13:13:04","date_gmt":"2025-12-16T13:13:04","guid":{"rendered":"https:\/\/www.europesays.com\/pl\/153989\/"},"modified":"2025-12-16T13:13:04","modified_gmt":"2025-12-16T13:13:04","slug":"nowa-strategia-pentagonu-niedobra-wiadomosc-dla-europy","status":"publish","type":"post","link":"https:\/\/www.europesays.com\/pl\/153989\/","title":{"rendered":"Nowa strategia Pentagonu. Niedobra wiadomo\u015b\u0107 dla Europy"},"content":{"rendered":"<p>Najwa\u017cniejsze informacje:<\/p>\n<p>Najlepszy spos\u00f3b podr\u00f3\u017cowania. &#8222;Jedyny, kt\u00f3ry mo\u017ce ocali\u0107 planet\u0119&#8221; <\/p>\n<p>Genera\u0142 Dan Caine, przewodnicz\u0105cy Po\u0142\u0105czonych Szef\u00f3w Sztab\u00f3w, we wsp\u00f3\u0142pracy z\u00a0innymi wysokimi rang\u0105 urz\u0119dnikami Pentagonu, przygotowuje kompleksowy plan strategii obronnej. Jak podaje &#8222;Washington Post&#8221;, plan zak\u0142ada obni\u017cenie rangi kilku g\u0142\u00f3wnych siedzib armii USA i\u00a0zmian\u0119 r\u00f3wnowagi si\u0142 w\u015br\u00f3d jej najwy\u017cszych genera\u0142\u00f3w. Ma to by\u0107 efekt daleko id\u0105cej konsolidacji, kt\u00f3rej domaga si\u0119 sekretarz obrony Pete Hegseth.<\/p>\n<p>Nowy plan, kt\u00f3ry zostanie wkr\u00f3tce przekazany do r\u0105k sekretarza obrony Pete&#8217;a Hegsetha, jest wynikiem wielomiesi\u0119cznych analiz i\u00a0konsultacji. Dokument ten ma na celu zapewnienie nowoczesnych rozwi\u0105za\u0144 i\u00a0adaptacj\u0119 do zmieniaj\u0105cej si\u0119 sytuacji geopolitycznej. Oczekuje si\u0119, \u017ce strategia uwzgl\u0119dni rosn\u0105ce napi\u0119cia globalne oraz potrzeb\u0119 wzmocnienia pozycji USA na mi\u0119dzynarodowej arenie.<\/p>\n<p>Oczekuje si\u0119, \u017ce plan b\u0119dzie mia\u0142 dalekosi\u0119\u017cny wp\u0142yw na polityk\u0119 obronn\u0105 i\u00a0strategi\u0119 wojskow\u0105 USA. Nowa propozycja wskazuje tak\u017ce kierunki d\u0142ugofalowego rozwoju zdolno\u015bci obronnych kraju. To kluczowy krok w\u00a0kierunku adaptacji do nowych reali\u00f3w i\u00a0wzmocnienia bezpiecze\u0144stwa narodowego.<\/p>\n<p>Tymczasem Pentagon nie zdradza zbyt wielu szczeg\u00f3\u0142\u00f3w. W\u00a0zwi\u0105zku z\u00a0pojawiaj\u0105cymi si\u0119 informacjami na ten temat opublikowane zosta\u0142o o\u015bwiadczenie. Zesp\u00f3\u0142 Hegsetha w\u00a0stwierdzi\u0142 w\u00a0nim, \u017ce nie b\u0119dzie komentowa\u0142 &#8222;plotkarskich wewn\u0119trznych dyskusji&#8221; ani &#8222;spraw poprzedzaj\u0105cych podj\u0119cie decyzji&#8221;. <\/p>\n<p>Przedstawiciele zespo\u0142u oznajmili, \u017ce wszelkie sugestie, \u017ce w\u015br\u00f3d urz\u0119dnik\u00f3w istnieje podzia\u0142 w\u00a0tej sprawie, s\u0105 &#8222;ca\u0142kowicie fa\u0142szywe&#8221;. &#8222;Wszyscy w\u00a0departamencie pracuj\u0105 nad osi\u0105gni\u0119ciem tego samego celu w\u00a0ramach tej administracji&#8221; &#8211;\u00a0czytamy w\u00a0o\u015bwiadczeniu.<\/p>\n<p>Informacj\u0119 skomentowa\u0142a na portalu X\u00a0Justyna Gotkowska, wicedyrektorka O\u015brodka Studi\u00f3w Wschodnich, kieruj\u0105ca Zespo\u0142em Bezpiecze\u0144stwa i\u00a0Obronno\u015bci. &#8222;Nie jest to dobra informacja, je\u015bli plany zosta\u0142yby zrealizowane &#8211;\u00a0oznacza\u0142oby to scalenie odpowiedzialno\u015bci za dzia\u0142ania w\u00a0Europie, Afryce i\u00a0na Bliskim Wschodzie w\u00a0jednym ameryka\u0144skim dow\u00f3dztwie, a\u00a0celem by\u0142oby zapewne zmniejszenie struktur i\u00a0personelu&#8221; &#8211;\u00a0napisa\u0142a ekspertka.<\/p>\n<p>\u0179r\u00f3d\u0142o: &#8222;Washington Post&#8221;, X.com<\/p>\n","protected":false},"excerpt":{"rendered":"Najwa\u017cniejsze informacje: Najlepszy spos\u00f3b podr\u00f3\u017cowania. &#8222;Jedyny, kt\u00f3ry mo\u017ce ocali\u0107 planet\u0119&#8221; Genera\u0142 Dan Caine, przewodnicz\u0105cy Po\u0142\u0105czonych Szef\u00f3w Sztab\u00f3w, we&hellip;\n","protected":false},"author":2,"featured_media":153990,"comment_status":"","ping_status":"","sticky":false,"template":"","format":"standard","meta":{"footnotes":""},"categories":[14],"tags":[32,33,27,34,35,28,31,25,40,41,80,29,30,26,82,83,84],"class_list":{"0":"post-153989","1":"post","2":"type-post","3":"status-publish","4":"format-standard","5":"has-post-thumbnail","7":"category-swiat","8":"tag-breaking-news","9":"tag-breakingnews","10":"tag-headlines","11":"tag-latest-news","12":"tag-latestnews","13":"tag-naglowki","14":"tag-najwazniejsze-artykuly","15":"tag-news","16":"tag-polish","17":"tag-polski","18":"tag-swiat","19":"tag-top-stories","20":"tag-topstories","21":"tag-wiadomosci","22":"tag-world","23":"tag-world-news","24":"tag-worldnews"},"share_on_mastodon":{"url":"https:\/\/pubeurope.com\/@pl\/115729426169166337","error":""},"_links":{"self":[{"href":"https:\/\/www.europesays.com\/pl\/wp-json\/wp\/v2\/posts\/153989","targetHints":{"allow":["GET"]}}],"collection":[{"href":"https:\/\/www.europesays.com\/pl\/wp-json\/wp\/v2\/posts"}],"about":[{"href":"https:\/\/www.europesays.com\/pl\/wp-json\/wp\/v2\/types\/post"}],"author":[{"embeddable":true,"href":"https:\/\/www.europesays.com\/pl\/wp-json\/wp\/v2\/users\/2"}],"replies":[{"embeddable":true,"href":"https:\/\/www.europesays.com\/pl\/wp-json\/wp\/v2\/comments?post=153989"}],"version-history":[{"count":0,"href":"https:\/\/www.europesays.com\/pl\/wp-json\/wp\/v2\/posts\/153989\/revisions"}],"wp:featuredmedia":[{"embeddable":true,"href":"https:\/\/www.europesays.com\/pl\/wp-json\/wp\/v2\/media\/153990"}],"wp:attachment":[{"href":"https:\/\/www.europesays.com\/pl\/wp-json\/wp\/v2\/media?parent=153989"}],"wp:term":[{"taxonomy":"category","embeddable":true,"href":"https:\/\/www.europesays.com\/pl\/wp-json\/wp\/v2\/categories?post=153989"},{"taxonomy":"post_tag","embeddable":true,"href":"https:\/\/www.europesays.com\/pl\/wp-json\/wp\/v2\/tags?post=153989"}],"curies":[{"name":"wp","href":"https:\/\/api.w.org\/{rel}","templated":true}]}}