{"id":154006,"date":"2025-12-16T13:27:08","date_gmt":"2025-12-16T13:27:08","guid":{"rendered":"https:\/\/www.europesays.com\/pl\/154006\/"},"modified":"2025-12-16T13:27:08","modified_gmt":"2025-12-16T13:27:08","slug":"nie-bedzie-trump-tower-w-serbii-jared-kushner-sie-wycofuje","status":"publish","type":"post","link":"https:\/\/www.europesays.com\/pl\/154006\/","title":{"rendered":"Nie b\u0119dzie Trump Tower w Serbii. Jared Kushner si\u0119 wycofuje"},"content":{"rendered":"<p data-section=\"detail-body\">Prywatna firma inwestycyjna Affinity Partners, kt\u00f3r\u0105 kieruje Jared Kushner, mia\u0142a budowa\u0107 w Belgradzie hotel pod szyldem Trumpa. Warto\u015b\u0107 projektu by\u0142a szacowana na 500 mln dol. Teraz media informuj\u0105, \u017ce hotel nie powstanie. Firma zi\u0119cia ameryka\u0144skiego prezydenta w poniedzia\u0142ek og\u0142osi\u0142a, \u017ce wycofuje si\u0119 z projektu.<\/p>\n<p class=\"article_p\" data-section=\"detail-body\">Decyzja zosta\u0142a og\u0142oszona kilka godzin po tym, jak serbscy \u015bledczy postawili zarzuty korupcyjne czterem wysokim rang\u0105 urz\u0119dnikom, jeden z nich to minister kultury Nikola Selakovi\u0107, kt\u00f3ry mia\u0142 odegra\u0107 istotn\u0105 rol\u0119 w doprowadzeniu do budowy hotelu Trumpa. &#8222;On, jeden z jego doradc\u00f3w oraz dw\u00f3ch urz\u0119dnik\u00f3w, kt\u00f3rzy musieli zatwierdzi\u0107 projekt, zostali oskar\u017ceni o nadu\u017cycie w\u0142adzy i fa\u0142szerstwo&#8221; \u2014 opisuje &#8222;New York Times&#8221;. Dzia\u0142ania te mia\u0142y na celu zniesienie statusu ochronnego planowanej lokalizacji hotelu.<\/p>\n<ul class=\"article_ul\">\n<li class=\"article_ul_li\"><a href=\"https:\/\/businessinsider.com.pl\/wiadomosci\/co-dalej-z-amerykanskimi-zolnierzami-w-polsce\/6qwbzkt\" rel=\"nofollow noopener\" target=\"_blank\">Co dalej z \u017co\u0142nierzami USA? Warszawa ma pomys\u0142<\/a><\/li>\n<\/ul>\n<p class=\"article_p\" data-section=\"detail-body\">Z kolei rzecznik firmy przekaza\u0142, \u017ce wycofuj\u0105 si\u0119, poniewa\u017c &#8222;znacz\u0105ce projekty powinny jednoczy\u0107, a nie dzieli\u0107&#8221;. &#8222;Nasz\u0105 wizj\u0105 projektu w Belgradzie by\u0142o stworzenie eleganckiego, podnosz\u0105cego na duchu projektu, kt\u00f3ry oddawa\u0142by ho\u0142d post\u0119pom Serbii&#8221; \u2014 stwierdzi\u0142.<\/p>\n<p class=\"article_p\" data-section=\"detail-body\">Sprawa wzbudza\u0142a kontrowersje, poniewa\u017c hotel mia\u0142 stan\u0105\u0107 w miejscu budynk\u00f3w zbombardowanych przez NATO w 1999 r. Protestuj\u0105cy wyszli nawet na ulice. W zesz\u0142ym miesi\u0105cu jednak parlament zatwierdzi\u0142 ustaw\u0119 uchylaj\u0105c\u0105 ochron\u0119 dziedzictwa kulturowego tego miejsca.<\/p>\n<ul class=\"article_ul\">\n<li class=\"article_ul_li\"><a href=\"https:\/\/businessinsider.com.pl\/polityka\/pozew-trumpa-przeciwko-bbc-w-grze-gigantyczne-odszkodowanie\/s9s7q78\" rel=\"nofollow noopener\" target=\"_blank\">Donald Trump pozwa\u0142 BBC. Chce ogromnego odszkodowania<\/a><\/li>\n<\/ul>\n<p>            Czytaj tak\u017ce w BUSINESS INSIDER<\/p>\n<p class=\"article_p\" data-section=\"detail-body\">Prezydent Serbii Aleksandar Vuci\u0107 promowa\u0142 inwestycj\u0119, twierdz\u0105c, \u017ce przyci\u0105gnie turyst\u00f3w. W wywiadzie dla &#8222;New York Times&#8221; w listopadzie podkre\u015bla\u0142, \u017ce od tamtych wydarze\u0144 min\u0119\u0142o 26 lat i &#8222;teraz znale\u017ali okazj\u0119 i dobrego inwestora, kt\u00f3ry b\u0119dzie gotowy zap\u0142aci\u0107 ogromn\u0105 sum\u0119 pieni\u0119dzy&#8221;. Z kolei przeciwnicy przekonywali, \u017ce chce jedynie zadowoli\u0107 Donalda Trumpa.<\/p>\n<p class=\"article_p\" data-section=\"detail-body\">Ameryka\u0144skie media przypominaj\u0105, \u017ce firma Affinity Partners wspiera <a href=\"https:\/\/businessinsider.com.pl\/firmy\/paramount-kontra-netflix-walka-o-warner-bros-discovery-i-oferta-wrogiego-przejecia\/6ecxern\" id=\"f46ed1d6-334f-4cf7-8cd8-f6833e27c74d\" rel=\"nofollow noopener\" target=\"_blank\">wart\u0105 108 mld dol. wrog\u0105 ofert\u0119 przej\u0119cia Warner Bros. przez Paramount Skydance.<\/a> Opr\u00f3cz tego rodzina prezydenta Donalda Trumpa wci\u0105\u017c planuje budow\u0119 luksusowego kurortu na wyspie u wybrze\u017cy Albanii. Z kolei w Rumunii deweloper zamierza uzyska\u0107 licencj\u0119 na mark\u0119 Trump dla Trump Tower w Bukareszcie.<\/p>\n","protected":false},"excerpt":{"rendered":"Prywatna firma inwestycyjna Affinity Partners, kt\u00f3r\u0105 kieruje Jared Kushner, mia\u0142a budowa\u0107 w Belgradzie hotel pod szyldem Trumpa. Warto\u015b\u0107&hellip;\n","protected":false},"author":2,"featured_media":154007,"comment_status":"","ping_status":"","sticky":false,"template":"","format":"standard","meta":{"footnotes":""},"categories":[14],"tags":[32,33,27,34,35,28,31,25,40,41,80,29,30,26,82,83,84],"class_list":{"0":"post-154006","1":"post","2":"type-post","3":"status-publish","4":"format-standard","5":"has-post-thumbnail","7":"category-swiat","8":"tag-breaking-news","9":"tag-breakingnews","10":"tag-headlines","11":"tag-latest-news","12":"tag-latestnews","13":"tag-naglowki","14":"tag-najwazniejsze-artykuly","15":"tag-news","16":"tag-polish","17":"tag-polski","18":"tag-swiat","19":"tag-top-stories","20":"tag-topstories","21":"tag-wiadomosci","22":"tag-world","23":"tag-world-news","24":"tag-worldnews"},"share_on_mastodon":{"url":"https:\/\/pubeurope.com\/@pl\/115729481626369738","error":""},"_links":{"self":[{"href":"https:\/\/www.europesays.com\/pl\/wp-json\/wp\/v2\/posts\/154006","targetHints":{"allow":["GET"]}}],"collection":[{"href":"https:\/\/www.europesays.com\/pl\/wp-json\/wp\/v2\/posts"}],"about":[{"href":"https:\/\/www.europesays.com\/pl\/wp-json\/wp\/v2\/types\/post"}],"author":[{"embeddable":true,"href":"https:\/\/www.europesays.com\/pl\/wp-json\/wp\/v2\/users\/2"}],"replies":[{"embeddable":true,"href":"https:\/\/www.europesays.com\/pl\/wp-json\/wp\/v2\/comments?post=154006"}],"version-history":[{"count":0,"href":"https:\/\/www.europesays.com\/pl\/wp-json\/wp\/v2\/posts\/154006\/revisions"}],"wp:featuredmedia":[{"embeddable":true,"href":"https:\/\/www.europesays.com\/pl\/wp-json\/wp\/v2\/media\/154007"}],"wp:attachment":[{"href":"https:\/\/www.europesays.com\/pl\/wp-json\/wp\/v2\/media?parent=154006"}],"wp:term":[{"taxonomy":"category","embeddable":true,"href":"https:\/\/www.europesays.com\/pl\/wp-json\/wp\/v2\/categories?post=154006"},{"taxonomy":"post_tag","embeddable":true,"href":"https:\/\/www.europesays.com\/pl\/wp-json\/wp\/v2\/tags?post=154006"}],"curies":[{"name":"wp","href":"https:\/\/api.w.org\/{rel}","templated":true}]}}