{"id":154008,"date":"2025-12-16T13:28:08","date_gmt":"2025-12-16T13:28:08","guid":{"rendered":"https:\/\/www.europesays.com\/pl\/154008\/"},"modified":"2025-12-16T13:28:08","modified_gmt":"2025-12-16T13:28:08","slug":"czolgi-z-calego-swiata-zmierzaja-do-polski-ktos-wyraznie-sie-spieszy","status":"publish","type":"post","link":"https:\/\/www.europesays.com\/pl\/154008\/","title":{"rendered":"Czo\u0142gi z ca\u0142ego \u015bwiata zmierzaj\u0105 do Polski. Kto\u015b wyra\u017anie si\u0119 spieszy"},"content":{"rendered":"<p class=\"hyphenate \" data-text-len=\"672\" data-scroll=\"paragraph_2\">W 2025 roku Polska wesz\u0142a w kluczow\u0105 faz\u0119 jednego z najbardziej ambitnych program\u00f3w zbrojeniowych w Europie. Modernizacja si\u0142 zbrojnych nabra\u0142a w tym roku rozp\u0119du, kt\u00f3ry \u2013 jak podkre\u015blaj\u0105 analitycy \u2013 nie mo\u017ce si\u0119 r\u00f3wna\u0107 z niczym innym w powojennej historii kraju. Bud\u017cet obronny osi\u0105gn\u0105\u0142 rekordowe 4,7 proc. <a href=\"https:\/\/forsal.pl\/tagi\/pkb\" id=\"461512f9-1f33-4865-9c27-7e2c615123f3\" title=\"PKB\" rel=\"nofollow noopener\" target=\"_blank\">PKB<\/a>, co prze\u0142o\u017cy\u0142o si\u0119 na 186 mld z\u0142. Wi\u0119kszo\u015b\u0107 tych \u015brodk\u00f3w przeznaczono na zakupy nowego uzbrojenia zar\u00f3wno z USA, Korei Po\u0142udniowej, jak i pa\u0144stw europejskich. Sprawie bardzo dok\u0142adnie przygl\u0105da si\u0119 portal Geekweek.<\/p>\n<p>    Gigantyczne dostawy czo\u0142g\u00f3w z USA. Polska zbroi si\u0119 po z\u0119by<\/p>\n<p class=\"hyphenate \" data-text-len=\"566\" data-scroll=\"paragraph_4\">Stany Zjednoczone pozostaj\u0105 najwi\u0119kszym dostawc\u0105 ci\u0119\u017ckiego uzbrojenia dla Polski. Dzi\u0119ki rozszerzeniu finansowania Foreign Military Financing do ponad 11 mld dolar\u00f3w w ci\u0105gu dw\u00f3ch lat, 2025 rok przyni\u00f3s\u0142 ogromne przyspieszenie dostaw czo\u0142g\u00f3w M1A2 SEPv3 Abrams. W styczniu polska <a href=\"https:\/\/forsal.pl\/tagi\/armia\" id=\"9e1e9ee4-b714-4fdd-9d79-42c383c661bb\" title=\"armia\" rel=\"nofollow noopener\" target=\"_blank\">armia<\/a> odebra\u0142a pierwsz\u0105 parti\u0119 28 maszyn, w maju kolejne 29, a w listopadzie nast\u0119pne 32 pojazdy. \u0141\u0105cznie daje to ju\u017c ponad 89 supernowoczesnych Abrams\u00f3w.<\/p>\n<p class=\"hyphenate adSlotSibling\" data-text-len=\"512\" data-async-ad-slot=\"true\" data-scroll=\"paragraph_5\">Uzupe\u0142nieniem floty ameryka\u0144skich woz\u00f3w sta\u0142 si\u0119zakup 25 pojazd\u00f3w in\u017cynieryjnych M1150 ABV. Sprz\u0119t mo\u017ce by\u0107 wyposa\u017cony w specjalistyczne wyposa\u017cenie stanowi\u0105ce lemiesz i p\u0142ug saperski. Standardowym wyposa\u017ceniem pojazdu jest umiejscowiona z ty\u0142u pojazdu wyrzutnia \u0142adunk\u00f3w wyd\u0142u\u017conych s\u0142u\u017c\u0105ca do zdalnej detonacji min ukrytych pod warstw\u0105 ziemi. Do cel\u00f3w samoobrony czo\u0142gi M1150 zosta\u0142y wyposa\u017cone w wielkokalibrowy karabin maszynowy kaliber 12,7 mm i wyrzutni\u0119 granat\u00f3w dymnych.<\/p>\n<p>    Korea\u0144ska czo\u0142gi dla Polski. Umowa na miliardy, a to dopiero pocz\u0105tek<\/p>\n<p class=\"hyphenate \" data-text-len=\"372\" data-scroll=\"paragraph_7\">Drugim strategicznym partnerem sta\u0142a si\u0119 Korea Po\u0142udniowa, kt\u00f3ra w 2025 roku zrealizowa\u0142a kolejne rekordowe dostawy. Do Polski trafi\u0142o \u0142\u0105cznie 23 czo\u0142gi K2 Black Panther. Tym samym polskie si\u0142y zbrojne maj\u0105 \u0142\u0105cznie 98 takich pojazd\u00f3w. Wed\u0142ug plan\u00f3w na 2025 rok dostawy mog\u0105 obj\u0105\u0107 nawet 96 kolejnych K2, w tym wersje K2GF, dostosowane do polskich warunk\u00f3w.<\/p>\n<p class=\"hyphenate \" data-text-len=\"414\" data-scroll=\"paragraph_8\">R\u00f3wnie imponuj\u0105co wygl\u0105da sytuacja w artylerii samobie\u017cnej. Haubice K9A1 dociera\u0142y do Polski przez ca\u0142y rok \u2013 8 sztuk w lutym i 12 w listopadzie \u2013 zwi\u0119kszaj\u0105c liczb\u0119 dzia\u0142 tego typu do 160. W sierpniu podpisano z kolei umow\u0119 na a\u017c 180 kolejnych czo\u0142g\u00f3w K2, kt\u00f3re trafi\u0105 nad Wis\u0142\u0119 od 2026 roku. Skala wsp\u00f3\u0142pracy z Kore\u0105 \u2013 jak pisze Geekweek \u2013 tworzy fundament bezpiecze\u0144stwa w d\u0142ugiej perspektywie.<\/p>\n<p>Trwa \u0142adowanie wpisu Twitter<\/p>\n<p>    Polska zbroi si\u0119 w rakiety. Dostawy z Niemiec, Wielkiej Brytanii i Szwecji<\/p>\n<p class=\"hyphenate \" data-text-len=\"488\" data-scroll=\"paragraph_11\">Wsparcie nap\u0142yn\u0119\u0142o r\u00f3wnie\u017c z Europy. Niemcy i <a href=\"https:\/\/forsal.pl\/tagi\/wielka-brytania\" id=\"cdd9eca9-a21b-4e93-83e1-a6f05c306ae2\" title=\"Wielka Brytania\" rel=\"nofollow noopener\" target=\"_blank\">Wielka Brytania<\/a> dostarczy\u0142y wyposa\u017cenie dla program\u00f3w Pilica+ oraz kolejne pakiety pocisk\u00f3w CAMM, a tak\u017ce wspar\u0142y modernizacj\u0119 zestaw\u00f3w Patriot. W lutym Polska otrzyma\u0142a pierwsze baterie, kt\u00f3re pozwoli\u0142y rozpocz\u0105\u0107 intensywne szkolenia operator\u00f3w i integracj\u0119 systemu z europejsk\u0105 sieci\u0105 obrony powietrznej.<\/p>\n<p class=\"hyphenate \" data-text-len=\"261\" data-scroll=\"paragraph_12\">Szwecja natomiast rozpocz\u0119\u0142a realizacj\u0119 umowy na dostawy granatnik\u00f3w Carl Gustaf M4. To lekkie, wielozadaniowe systemy przeciwpancerne, kt\u00f3re s\u0105 cenionych za mobilno\u015b\u0107 i skuteczno\u015b\u0107 w dzia\u0142aniach miejskich. Realizacja umowy potrwa do 2027 roku.<\/p>\n<p>    Polska stawia na w\u0142asn\u0105 produkcj\u0119 broni. Liczby nie k\u0142ami\u0105<\/p>\n<p class=\"hyphenate \" data-text-len=\"504\" data-scroll=\"paragraph_14\">Cho\u0107 import sprz\u0119tu wojskowego by\u0142 najwi\u0119kszy w historii, rok 2025 przyni\u00f3s\u0142 te\u017c istotne <a href=\"https:\/\/forsal.pl\/tagi\/inwestycje\" id=\"d66eacb0-7abc-4d01-892e-2be7d083222c\" title=\"inwestycje\" rel=\"nofollow noopener\" target=\"_blank\">inwestycje<\/a> w krajow\u0105 produkcj\u0119. W marcu podpisano umow\u0119 na 111 bojowych woz\u00f3w piechoty Borsuk. Pierwsze 15 pojazd\u00f3w trafi\u0142o 4 grudnia do 15. Gi\u017cyckiej Brygady Zmechanizowanej. Amfibijne Borsuki z wie\u017c\u0105 ZSSW-30 uznawane s\u0105 za jeden z najbardziej nowoczesnych projekt\u00f3w pancernych w Europie.<\/p>\n<p class=\"hyphenate adSlotSibling\" data-text-len=\"429\" data-async-ad-slot=\"true\" data-scroll=\"paragraph_15\">W listopadzie dostarczono 8 mo\u017adzierzy samobie\u017cnych Rak i 4 wozy dowodzenia artyleryjskie, co zwi\u0119kszy\u0142o autonomi\u0119 polskich si\u0142. Programy takie jak Borsuk i Krab (96 haubic) nie tylko tworz\u0105 miejsca pracy, ale tak\u017ce transferuj\u0105 <a href=\"https:\/\/forsal.pl\/tagi\/technologie\" id=\"e555ec62-53fe-40de-a34f-ef6ea7d1b4d6\" title=\"technologie\" rel=\"nofollow noopener\" target=\"_blank\">technologie<\/a>, czyni\u0105c Polsk\u0119 hubem produkcyjnym dla NATO \u2013 pisze Geekweek.<\/p>\n<p class=\"hyphenate \" data-text-len=\"454\" data-scroll=\"paragraph_16\">Skala modernizacji z 2025 roku przesuwa Polsk\u0119 w kierunku pozycji najbardziej licz\u0105cej si\u0119 si\u0142y l\u0105dowej w regionie. Do 2030 roku armia ma dysponowa\u0107 ponad 1300 czo\u0142gami, zaawansowanymi systemami artyleryjskimi i zintegrowan\u0105 sieci\u0105 obrony powietrznej. Najwi\u0119kszym wyzwaniem pozostaj\u0105 szkolenia, integracja system\u00f3w i rozw\u00f3j infrastruktury, jednak tempo zmian jasno pokazuje, \u017ce Polska traktuje obronno\u015b\u0107 priorytetowo jak nigdy wcze\u015bniej.<\/p>\n<p>    Setki miliard\u00f3w z\u0142otych na zbrojenia w 2026 roku<\/p>\n<p class=\"hyphenate \" data-text-len=\"569\" data-scroll=\"paragraph_19\">Rz\u0105d przyj\u0105\u0142 projekt bud\u017cetu na rok 2026, kt\u00f3ry przewiduje znaczne \u015brodki na obronno\u015b\u0107, wynosz\u0105ce 200 miliard\u00f3w z\u0142otych. G\u0142\u00f3wnym celem tych inwestycji jest zapewnienie bezpiecze\u0144stwa kraju poprzez modernizacj\u0119 si\u0142 zbrojnych oraz wsparcie systemu obronnego. Projektowany bud\u017cet przewiduje dochody wysoko\u015bci 647 mld z\u0142 oraz wydatki si\u0119gaj\u0105ce 918,9 mld z\u0142. Deficyt bud\u017cetowy ma wynie\u015b\u0107 271,7 mld z\u0142, co przek\u0142ada si\u0119 na 6,5 procent produktu krajowego brutto (PKB). Inwestycje w bezpiecze\u0144stwo zosta\u0142y uznane za priorytetowe w obliczu wsp\u00f3\u0142czesnych wyzwa\u0144.<\/p>\n<p class=\"hyphenate \" data-text-len=\"321\" data-scroll=\"paragraph_20\">Ponadto Polska mo\u017ce uzyska\u0107 z unijnego funduszu SAFE (Security Action for Europe) 43,7 mld euro na inwestycje w obronno\u015b\u0107, co w przeliczeniu daje 187 mld z\u0142. Warto podkre\u015bli\u0107, \u017ce cho\u0107 program SAFE ma charakter po\u017cyczkowy, jego sp\u0142ata jest odroczona o dziesi\u0119\u0107 lat i mo\u017ce zosta\u0107 roz\u0142o\u017cona nawet na 45 lat.<\/p>\n<p class=\"hyphenate \" data-text-len=\"567\" data-scroll=\"paragraph_21\">W ramach unijnego programu maj\u0105 zosta\u0107 zakupione bojowe transportery piechoty Borsuk o warto\u015bci oko\u0142o 6,57 mld z\u0142 brutto, a tak\u017ce drony zwiadowcze i uderzeniowe FlyEye oraz Gladius produkowane przez WB Electronics. Analityk wojskowy Dawid Kamizela przekaza\u0142 ponadto, \u017ce dzi\u0119ki \u015brodkom z programu SAFE Polska zamierza naby\u0107 r\u00f3wnie\u017c uniwersalne tankowce powietrzne A330 MRTT. Planowane s\u0105 tak\u017ce zakupy pocisk\u00f3w artyleryjskich kalibru 155 mm oraz innych rodzaj\u00f3w amunicji, kt\u00f3re mog\u0105 pochodzi\u0107 z nowo budowanych fabryk.<\/p>\n","protected":false},"excerpt":{"rendered":"W 2025 roku Polska wesz\u0142a w kluczow\u0105 faz\u0119 jednego z najbardziej ambitnych program\u00f3w zbrojeniowych w Europie. Modernizacja si\u0142&hellip;\n","protected":false},"author":2,"featured_media":154009,"comment_status":"","ping_status":"","sticky":false,"template":"","format":"standard","meta":{"footnotes":""},"categories":[12],"tags":[32,33,36,37,27,34,35,28,31,25,42,38,40,39,41,29,30,26],"class_list":{"0":"post-154008","1":"post","2":"type-post","3":"status-publish","4":"format-standard","5":"has-post-thumbnail","7":"category-polska","8":"tag-breaking-news","9":"tag-breakingnews","10":"tag-featured-news","11":"tag-featurednews","12":"tag-headlines","13":"tag-latest-news","14":"tag-latestnews","15":"tag-naglowki","16":"tag-najwazniejsze-artykuly","17":"tag-news","18":"tag-pl","19":"tag-poland","20":"tag-polish","21":"tag-polska","22":"tag-polski","23":"tag-top-stories","24":"tag-topstories","25":"tag-wiadomosci"},"share_on_mastodon":{"url":"https:\/\/pubeurope.com\/@pl\/115729485521189333","error":""},"_links":{"self":[{"href":"https:\/\/www.europesays.com\/pl\/wp-json\/wp\/v2\/posts\/154008","targetHints":{"allow":["GET"]}}],"collection":[{"href":"https:\/\/www.europesays.com\/pl\/wp-json\/wp\/v2\/posts"}],"about":[{"href":"https:\/\/www.europesays.com\/pl\/wp-json\/wp\/v2\/types\/post"}],"author":[{"embeddable":true,"href":"https:\/\/www.europesays.com\/pl\/wp-json\/wp\/v2\/users\/2"}],"replies":[{"embeddable":true,"href":"https:\/\/www.europesays.com\/pl\/wp-json\/wp\/v2\/comments?post=154008"}],"version-history":[{"count":0,"href":"https:\/\/www.europesays.com\/pl\/wp-json\/wp\/v2\/posts\/154008\/revisions"}],"wp:featuredmedia":[{"embeddable":true,"href":"https:\/\/www.europesays.com\/pl\/wp-json\/wp\/v2\/media\/154009"}],"wp:attachment":[{"href":"https:\/\/www.europesays.com\/pl\/wp-json\/wp\/v2\/media?parent=154008"}],"wp:term":[{"taxonomy":"category","embeddable":true,"href":"https:\/\/www.europesays.com\/pl\/wp-json\/wp\/v2\/categories?post=154008"},{"taxonomy":"post_tag","embeddable":true,"href":"https:\/\/www.europesays.com\/pl\/wp-json\/wp\/v2\/tags?post=154008"}],"curies":[{"name":"wp","href":"https:\/\/api.w.org\/{rel}","templated":true}]}}