{"id":154021,"date":"2025-12-16T13:37:09","date_gmt":"2025-12-16T13:37:09","guid":{"rendered":"https:\/\/www.europesays.com\/pl\/154021\/"},"modified":"2025-12-16T13:37:09","modified_gmt":"2025-12-16T13:37:09","slug":"rybus-szczerze-o-swojej-karierze-moze-dobiegac-konca","status":"publish","type":"post","link":"https:\/\/www.europesays.com\/pl\/154021\/","title":{"rendered":"Rybus szczerze o swojej karierze. &#8222;Mo\u017ce dobiega\u0107 ko\u0144ca&#8221;"},"content":{"rendered":"\n<p class=\"contentpart contentpart--default contentpart--text\" data-position=\"0\"><a href=\"https:\/\/sportowefakty.wp.pl\/pilka-nozna\/maciej-rybus\" rel=\"nofollow noopener\" target=\"_blank\">Maciej Rybus<\/a>\u00a0wci\u0105\u017c nie wr\u00f3ci\u0142 do gry w pi\u0142k\u0119 no\u017cn\u0105. Jak przyzna\u0142, na pocz\u0105tku jesieni przeszed\u0142 operacj\u0119 przepukliny pachwinowej, kt\u00f3ra przez d\u0142ugi czas uniemo\u017cliwia\u0142a mu normalne funkcjonowanie i treningi. Zawodnik pocz\u0105tkowo pr\u00f3bowa\u0142 unikn\u0105\u0107 zabiegu i rozwi\u0105za\u0107 problem innymi metodami, jednak konsultacje lekarskie nie pozostawi\u0142y w\u0105tpliwo\u015bci \u2013 operacja by\u0142a nieunikniona.<\/p>\n<p class=\"contentpart contentpart--default contentpart--text\" data-position=\"1\">&#8211; Jeszcze nie do ko\u0144ca wyzdrowia\u0142em. B\u00f3l nadal jest. Mog\u0119 i\u015b\u0107 na si\u0142owni\u0119 i gra\u0107 w padla, ale to wszystko. Nie mog\u0119 nawet gra\u0107 w pi\u0142k\u0119 no\u017cn\u0105 z dzie\u0107mi. B\u00f3l pojawia si\u0119 natychmiast. Nie jestem jeszcze gotowy na futbol &#8211; powiedzia\u0142 Rybus w rozmowie z\u00a0metaratings.ru.<\/p>\n<p> <img role=\"presentation\" src=\"https:\/\/std.wpcdn.pl\/images\/adv\/placeholder_wp.svg\" loading=\"lazy\" alt=\"\" decoding=\"async\"\/>  <\/p>\n<p class=\"contentpart contentpart--default contentpart--text\" data-position=\"2\">36-latek w szczerych s\u0142owach odni\u00f3s\u0142 si\u0119 do swojej pi\u0142karskiej przysz\u0142o\u015bci, nie ukrywaj\u0105c, \u017ce jego kariera mo\u017ce dobiega\u0107 ko\u0144ca. Do\u015bwiadczony zawodnik przyzna\u0142, \u017ce ma\u0142o prawdopodobny jest jego powr\u00f3t do ligi rosyjskiej.<\/p>\n<p class=\"contentpart contentpart--default contentpart--text\" data-position=\"3\">ZOBACZ WIDEO: &#8222;Spr\u00f3bujcie go powstrzyma\u0107&#8221;. Z pi\u0142k\u0105 wyczynia cuda<\/p>\n<p class=\"contentpart contentpart--default contentpart--text\" data-position=\"5\">Rybus nie wyklucza jednak powrotu do gry na ni\u017cszym poziomie. Jednym z mo\u017cliwych scenariuszy jest ponowny wyst\u0119p w Winline Media League, cho\u0107 sam pi\u0142karz podkre\u015bla, \u017ce obecnie nie snuje konkretnych plan\u00f3w na przysz\u0142o\u015b\u0107.<\/p>\n<p class=\"contentpart contentpart--default contentpart--text\" data-position=\"6\">&#8211; Na razie mieszkam w Rosji. Moja rodzina i dzieci s\u0105 tutaj. Polec\u0119 do Polski na Nowy Rok, ale potem wr\u00f3c\u0119 &#8211; przyzna\u0142 Rybus.<\/p>\n<p> <img role=\"presentation\" src=\"https:\/\/std.wpcdn.pl\/images\/adv\/placeholder_wp.svg\" loading=\"lazy\" alt=\"\" decoding=\"async\"\/>  <\/p>\n<p class=\"contentpart contentpart--default contentpart--text\" data-position=\"7\">66-krotny reprezentant Polski trafi\u0142 do Rosji w 2012 r., podpisuj\u0105c  umow\u0119 z Terekiem Grozny, Nast\u0119pnie &#8211; z roczn\u0105 przerw\u0105 na wypo\u017cyczenie do  Olympique Lyon &#8211; broni\u0142 barw Lokomotiwu Moskwa, Spartaka Moskwa i  Rubina Kaza\u0144. Ten ostatni klub opu\u015bci\u0142 w czerwcu 2024 r.<\/p>\n<p class=\"contentpart contentpart--default contentpart--text\" data-position=\"8\">Rybus rozegra\u0142 w sumie 218 mecz\u00f3w i strzeli\u0142 23 gole w swojej rosyjskiej lidze. Po odej\u015bciu z Rubina w 2024 roku Rybus gra\u0142 wy\u0142\u0105cznie w Winline Media League.<\/p>\n","protected":false},"excerpt":{"rendered":"Maciej Rybus\u00a0wci\u0105\u017c nie wr\u00f3ci\u0142 do gry w pi\u0142k\u0119 no\u017cn\u0105. Jak przyzna\u0142, na pocz\u0105tku jesieni przeszed\u0142 operacj\u0119 przepukliny pachwinowej,&hellip;\n","protected":false},"author":2,"featured_media":154022,"comment_status":"","ping_status":"","sticky":false,"template":"","format":"standard","meta":{"footnotes":""},"categories":[24],"tags":[26945,269,42,38,40,39,41,127,126],"class_list":{"0":"post-154021","1":"post","2":"type-post","3":"status-publish","4":"format-standard","5":"has-post-thumbnail","7":"category-sport","8":"tag-maciej-rybus","9":"tag-pilka-nozna","10":"tag-pl","11":"tag-poland","12":"tag-polish","13":"tag-polska","14":"tag-polski","15":"tag-sport","16":"tag-sports"},"share_on_mastodon":{"url":"https:\/\/pubeurope.com\/@pl\/115729520887095750","error":""},"_links":{"self":[{"href":"https:\/\/www.europesays.com\/pl\/wp-json\/wp\/v2\/posts\/154021","targetHints":{"allow":["GET"]}}],"collection":[{"href":"https:\/\/www.europesays.com\/pl\/wp-json\/wp\/v2\/posts"}],"about":[{"href":"https:\/\/www.europesays.com\/pl\/wp-json\/wp\/v2\/types\/post"}],"author":[{"embeddable":true,"href":"https:\/\/www.europesays.com\/pl\/wp-json\/wp\/v2\/users\/2"}],"replies":[{"embeddable":true,"href":"https:\/\/www.europesays.com\/pl\/wp-json\/wp\/v2\/comments?post=154021"}],"version-history":[{"count":0,"href":"https:\/\/www.europesays.com\/pl\/wp-json\/wp\/v2\/posts\/154021\/revisions"}],"wp:featuredmedia":[{"embeddable":true,"href":"https:\/\/www.europesays.com\/pl\/wp-json\/wp\/v2\/media\/154022"}],"wp:attachment":[{"href":"https:\/\/www.europesays.com\/pl\/wp-json\/wp\/v2\/media?parent=154021"}],"wp:term":[{"taxonomy":"category","embeddable":true,"href":"https:\/\/www.europesays.com\/pl\/wp-json\/wp\/v2\/categories?post=154021"},{"taxonomy":"post_tag","embeddable":true,"href":"https:\/\/www.europesays.com\/pl\/wp-json\/wp\/v2\/tags?post=154021"}],"curies":[{"name":"wp","href":"https:\/\/api.w.org\/{rel}","templated":true}]}}