{"id":154027,"date":"2025-12-16T13:42:12","date_gmt":"2025-12-16T13:42:12","guid":{"rendered":"https:\/\/www.europesays.com\/pl\/154027\/"},"modified":"2025-12-16T13:42:12","modified_gmt":"2025-12-16T13:42:12","slug":"polska-kluczowym-zapleczem-nato-szef-wojskowych-logistykow-ujawnia-skale-inwestycji","status":"publish","type":"post","link":"https:\/\/www.europesays.com\/pl\/154027\/","title":{"rendered":"Polska kluczowym zapleczem NATO. Szef wojskowych logistyk\u00f3w ujawnia skal\u0119 inwestycji"},"content":{"rendered":"\n<ul class=\"article-header__labels list-inline\">\n<li>\n            WYWIADY\n          <\/li>\n<li>\n            WIADOMO\u015aCI\n          <\/li>\n<li>\n            POLECANE\n          <\/li>\n<\/ul>\n<p>  <a href=\"https:\/\/defence24.pl\/strona-autora\/jedrzej-graf\" target=\"_self\" class=\"article-author__wrap\" rel=\"nofollow noopener\"><img decoding=\"async\" src=\"https:\/\/www.europesays.com\/pl\/wp-content\/uploads\/2025\/12\/mRX2VVyu4OZ7XufF6N0KuV40H5z3Dvvh8QYbFDyi.jpg\" alt=\"\" author=\"Defence24.pl\" caption=\"\" fullscreen=\"https:\/\/www.europesays.com\/pl\/wp-content\/uploads\/2025\/12\/mRX2VVyu4OZ7XufF6N0KuV40H5z3Dvvh8QYbFDyi.jpg\" class=\"img article-author__avatar img-avatar\"\/><br \/>\n          J\u0119drzej Graf<br \/>\n        <\/a>  <\/p>\n<p>Polska staje si\u0119 kluczowym zapleczem logistycznym NATO na wschodniej flance. O znaczeniu systemu CEPS, wsp\u00f3\u0142pracy z USA oraz inwestycjach w infrastruktur\u0119 i sprz\u0119t wojskowy m\u00f3wi gen. dyw. Dariusz Mendrala, Szef Inspektoratu Wsparcia Si\u0142 Zbrojnych, w rozmowie z J\u0119drzejem Grafem, redaktorem naczelnym Defence24.pl.<\/p>\n<p>  <img decoding=\"async\" src=\"https:\/\/www.europesays.com\/pl\/wp-content\/uploads\/2025\/12\/W6HcMbCb6vhi2w33e8u1Yi6y1DBsrR3Sh80XlNbY.5b7h.jpg\" alt=\"Ameryka\u0144skie \u015bmig\u0142owce szturmowe AH-64 Apache w drodze na warszawsk\u0105 defilad\u0119 na okoliczno\u015b\u0107 \u015awi\u0119ta Wojska Polskiego.\"  width=\"800\" height=\"450\" author=\"Bartosz Bera \/ zoom.mon.gov.pl\" fetchpriority=\"high\" class=\"img image-with-caption__image\"\/><br \/>\n        Ameryka\u0144skie \u015bmig\u0142owce szturmowe AH-64 Apache w drodze na warszawsk\u0105 defilad\u0119 na okoliczno\u015b\u0107 \u015awi\u0119ta Wojska Polskiego.<br \/>\n       <br \/>Autor. Bartosz Bera \/ zoom.mon.gov.pl<\/p>\n<p class=\"paragraph-module\">J\u0119drzej Graf, Defence24.pl: Niedawno podpisano umow\u0119 z Zak\u0142adem Inwestycji Organizacji Traktatu P\u00f3\u0142nocnoatlantyckiego o przy\u0142\u0105czeniu Polski do systemu ruroci\u0105g\u00f3w paliwowych CEPS (Central Europe\u00a0Pipeline\u00a0System), zbudowanego przez NATO. Jakie znaczenie ma ta umowa dla zabezpieczenia logistycznego wojsk w\u0142asnych i sojuszniczych na terenie Polski?\u00a0\u00a0 Gen. dyw. Dariusz Mendrala, szef IWsz SZ: Kwestia rozbudowy CEPS i paliwowej infrastruktury towarzysz\u0105cej ma fundamentalne znaczenie dla zdolno\u015bci logistycznych si\u0142 zbrojnych, a tym samym bezpiecze\u0144stwa pa\u0144stwa. Oczekiwanym efektem tej rozbudowy jest dywersyfikacja \u017ar\u00f3de\u0142 dostaw surowc\u00f3w energetycznych i zwi\u0119kszenie zdolno\u015bci do magazynowania produkt\u00f3w paliwowych.\u00a0Podj\u0119ta przez NATO decyzja o wyasygnowaniu pierwszych \u015brodk\u00f3w na zaprojektowanie CEPS ma wi\u0119c poniek\u0105d prze\u0142omowe, wr\u0119cz historyczne znaczenie. W\u0142adze NATO uzna\u0142y bowiem, \u017ce pomimo powszechnego trendu poszukiwania alternatywy dla paliw kopalnych, rozpocz\u0119cie tak ogromnej i kosztownej inwestycji, jak\u0105 jest rozbudowa systemu ruroci\u0105g\u00f3w paliwowych, ma wci\u0105\u017c kluczowe znaczenie operacyjne i z tej perspektywy jest projektem uzasadnionym i wartym inwestowania funduszy wsp\u00f3lnych NATO. W efekcie planowanej rozbudowy infrastruktury paliwowej nast\u0105pi\u0107 ma zwi\u0119kszenie mo\u017cliwo\u015bci magazynowania i rotacji paliw oraz skr\u00f3cenie do minimum czasu niezb\u0119dnego do przyj\u0119cia masowych ilo\u015bci produkt\u00f3w ropopochodnych.\u00a0<\/p>\n<p class=\"paragraph-module\">Czy do\u015bwiadczenia wojny na Ukrainie pokazuj\u0105, \u017ce paliwo staje si\u0119 jednym z pierwszych zasob\u00f3w, kt\u00f3re decyduj\u0105 o mo\u017cliwo\u015bci prowadzenia d\u0142ugotrwa\u0142ych dzia\u0142a\u0144 bojowych?\u00a0<\/p>\n<p class=\"paragraph-module\">Do\u015bwiadczenia z konfliktu na Ukrainie, z kt\u00f3rymi dzieli\u0142 si\u0119 ze mn\u0105 m.in. Dow\u00f3dca Logistyki ukrai\u0144skich si\u0142 zbrojnych, dobitnie potwierdzaj\u0105 krytyczne znaczenie odpornych i trwa\u0142ych \u0142a\u0144cuch\u00f3w logistycznych dla mo\u017cliwo\u015bci podtrzymania operacji. W tym kontek\u015bcie planowana rozbudowa narodowego systemu paliwowego oraz jego integracja z CEPS maj\u0105 wi\u0119c zasadnicze znaczenie dla zabezpieczenia potrzeb militarnych, zar\u00f3wno Polski, jak i ca\u0142ego regionu.\u00a0Dotychczas zak\u0142ada\u0142o si\u0119, \u017ce dostawy paliw dla si\u0142 zbrojnych zaanga\u017cowanych w odstraszanie i obron\u0119 pa\u0144stw wschodniej flanki NATO odbywa\u0107 si\u0119 b\u0119d\u0105 w tzw. systemie multimodalnym tzn. g\u0142\u00f3wnie z wykorzystaniem cystern drogowych lub kolejowych. W praktyce by\u0142oby to nieefektywne ekonomicznie i co wi\u0119cej, wi\u0105za\u0142oby si\u0119 z ryzykiem wyst\u0119powania wypadk\u00f3w i ska\u017ce\u0144 \u015brodowiska oraz rozpoznania i monitorowania szlak\u00f3w dostaw przez potencjalnego adwersarza\u00a0\u2013 co w kontek\u015bcie ostatnich wydarze\u0144 zwi\u0105zanych z aktami dywersji zmierzaj\u0105cymi do wysadzenia tor\u00f3w kolejowych pod \u017byczynem nabiera szczeg\u00f3lnego znaczenia.\u00a0<\/p>\n<p>  <img  alt=\"Gen. dyw Dariusz Mendrala\" width=\"780\" author=\"IWsp SZ\" class=\"img image-with-caption__image\"\/><br \/>\n        Gen. dyw Dariusz Mendrala<br \/>\n       <br \/>Autor. IWsp SZ<\/p>\n<p class=\"paragraph-module\">Czy decyzja o rozbudowie CEPS oznacza uznanie infrastruktury paliwowej jako kluczowej dla rozwijania zdolno\u015bci obronnych NATO?\u00a0<\/p>\n<p class=\"paragraph-module\">Intensywne dzia\u0142ania kinetyczne realizowane w wymiarze sojuszniczym generowa\u0107 b\u0119d\u0105 ogromne zapotrzebowanie, g\u0142\u00f3wnie w zakresie \u015brodk\u00f3w bojowych oraz materia\u0142\u00f3w p\u0119dnych. Naturaln\u0105 konsekwencj\u0105 zwi\u0119kszenia liczebno\u015bci si\u0142 zbrojnych i nasycania ich nowoczesn\u0105 technik\u0105 wojskow\u0105 oraz powi\u0119kszenia kontyngent\u00f3w si\u0142 szybkiego reagowania NATO i wojsk sojuszniczych, kt\u00f3re mog\u0105 by\u0107 zaanga\u017cowane w operacje militarne w naszej cz\u0119\u015bci Europy, jest znacz\u0105cy wzrost zapotrzebowania na rezerwy paliwowe i ich dost\u0119pno\u015b\u0107 w rejonie przysz\u0142ych dzia\u0142a\u0144. Zaznaczy\u0107 nale\u017cy, \u017ce w ocenie niekt\u00f3rych ekspert\u00f3w wojskowych, w przypadku d\u0142ugotrwa\u0142ej po\u0142\u0105czonej sojuszniczej operacji obronnej na wschodniej flance NATO, konsumpcja paliwa przekroczy\u0107 mo\u017ce mo\u017cliwo\u015bci zaopatrzeniowe istniej\u0105cej infrastruktury.\u00a0<\/p>\n<p class=\"paragraph-module\">Priorytetem naszego dzia\u0142ania jest efektywne i skuteczne zabezpieczenie potrzeb w\u0142asnych i sojuszniczych poprzez utrzymanie mocy produkcyjnych i wydolno\u015bci systemu zaopatrywania, a z wykorzystaniem CEPS zdolno\u015bci te b\u0119d\u0105 mog\u0142y by\u0107 wydatnie rozbudowane, daj\u0105c do dyspozycji alternatyw\u0119 w zakresie \u017ar\u00f3de\u0142 dostaw i potencjalnie zdolno\u015bci redundantne, kompensuj\u0105ce skutki oddzia\u0142ywania przeciwnika na narodowe i sojusznicze \u0142a\u0144cuchy logistyczne.\u00a0<\/p>\n<p class=\"paragraph-module\">Dodatkowo, zak\u0142ada si\u0119, \u017ce po\u0142\u0105czenie instalacji paliwowych Czech oraz Litwy pozwoli uzyska\u0107 wsp\u00f3lny, sp\u00f3jny, komplementarny i odporny na zak\u0142\u00f3cenia system zaopatrzenia w paliwa. B\u0119dzie to stanowi\u0107 istotne wsparcie wschodniej flanki NATO dzi\u0119ki zapewnieniu mo\u017cliwo\u015bci dostaw z kilku niezale\u017cnych kierunk\u00f3w. Ponadto, w\u0142\u0105czenie do systemu Litwy spowoduje przybli\u017cenie i zachowanie ci\u0105g\u0142o\u015bci dostaw paliw do rejonu pa\u0144stw ba\u0142tyckich.\u00a0<\/p>\n<p class=\"paragraph-module\">Jakie s\u0105 inne korzy\u015bci z realizacji tego projektu?\u00a0<\/p>\n<p class=\"paragraph-module\">W szerszej perspektywie, rozbudowa systemu ruroci\u0105g\u00f3w NATO w Polsce jest odpowiedzi\u0105 na dynamicznie zmieniaj\u0105c\u0105 si\u0119 sytuacj\u0119 bezpiecze\u0144stwa w regionie. Realizacja projektu nie tylko zwi\u0119kszy odporno\u015b\u0107 Polski na kryzysy paliwowe, ale tak\u017ce umocni nasz\u0105 pozycj\u0119 jako strategicznego partnera NATO w regionie. Co r\u00f3wnie istotne, inwestycja w infrastruktur\u0119 przesy\u0142ow\u0105 i magazynow\u0105 paliw wpisuje si\u0119 w dzia\u0142ania na rzecz zwi\u0119kszenia mobilno\u015bci wojsk i efektywno\u015bci operacyjnej ca\u0142ego Sojuszu.\u00a0<\/p>\n<p class=\"paragraph-module\">Podkre\u015bli\u0107 jednocze\u015bnie nale\u017cy podw\u00f3jne zastosowanie tej inwestycji. W czasie pokoju g\u0142\u00f3wnymi odbiorcami paliwa przy wykorzystaniu systemu ruroci\u0105gu CEPS b\u0119d\u0105 bazy paliw PERN \u2013 pa\u0144stwowej sp\u00f3\u0142ki, kt\u00f3ra zarz\u0105dza sieci\u0105 ponad 2,5 tysi\u0105ca kilometr\u00f3w ruroci\u0105g\u00f3w surowcowych i paliwowych oraz 23 bazami magazynowymi w ca\u0142ej Polsce. Takie podej\u015bcie gwarantuje uzyskanie efektu synergii dzia\u0142a\u0144 na linii gospodarka \u2013 si\u0142y zbrojne.\u00a0<\/p>\n<p class=\"paragraph-module\">Jakie zadania b\u0119d\u0105 w zwi\u0105zku z tym wykonywa\u0107 jednostki Inspektoratu Wsparcia?\u00a0<\/p>\n<p class=\"paragraph-module\">Je\u017celi chodzi o udzia\u0142 Inspektoratu Wsparcia Si\u0142 Zbrojnych w tym projekcie, to rozpocz\u0105\u0142 si\u0119 on od analizy potrzeb i wsparcia prac koncepcyjnych w obszarze przysz\u0142ego gospodarowania i zarz\u0105dzania paliwami na rzecz narodowych si\u0142 zbrojnych oraz wojsk sojuszniczych. B\u0119dziemy aktywnie wspiera\u0107 inwestora\u00a0(Zak\u0142ad Inwestycji Organizacji Traktatu P\u00f3\u0142nocnoatlantyckiego)\u00a0w dalszych pracach projektowych, s\u0142u\u017c\u0105c wiedz\u0105 i do\u015bwiadczeniem naszych oficer\u00f3w ze s\u0142u\u017cb materia\u0142owych i infrastruktury wojskowej.\u00a0B\u0119dziemy pozyskiwa\u0107 i przygotowywa\u0107 grunty pod inwestycje zwi\u0105zane z rozbudow\u0105 sieci przesy\u0142owej,\u00a0sk\u0142ad\u00f3w i instalacji zabezpieczaj\u0105cych.\u00a0<\/p>\n<p class=\"paragraph-module\">Polska realizuje r\u00f3wnie\u017c prace wynikaj\u0105ce z umowy EDCA (Enhanced Defense Cooperation Agreement).\u00a0Czy mo\u017cna ju\u017c powiedzie\u0107, \u017ce m\u00f3wimy o trwa\u0142ym, systemowym zapleczu dla obecno\u015bci wojsk USA w Polsce, a nie wy\u0142\u0105cznie o rozwi\u0105zaniach tymczasowych?<\/p>\n<p class=\"paragraph-module\">Na wst\u0119pie, chcia\u0142bym podkre\u015bli\u0107 wag\u0119 umowy EDCA dla wsparcia i zabezpieczenia pobytu wojsk ameryka\u0144skich w Polsce oraz tworzenia warunk\u00f3w dla sta\u0142ej, rotacyjnej obecno\u015bci si\u0142 sojuszniczych na terytorium Polski. To w\u0142a\u015bnie dzi\u0119ki wsparciu logistycznemu udzielanemu stronie ameryka\u0144skiej, szerokim mo\u017cliwo\u015bciom szkoleniowym naszych poligon\u00f3w, wsp\u00f3lnym celom strategicznym oraz konsekwentnej realizacji programu Infrastruktury Zapewnianej przez Polsk\u0119 tworzymy warunki do tego, \u017ceby wojska ameryka\u0144skie by\u0142y tak licznie reprezentowane w Polsce, co ma fundamentalne znaczenie dla zdolno\u015bci do odstraszania i obrony, szczeg\u00f3lnie w obecnej sytuacji bezpiecze\u0144stwa w naszym regionie.\u00a0<\/p>\n<p class=\"paragraph-module\">Dostrzegaj\u0105c znaczenie tego zagadnienia dla mo\u017cliwo\u015bci zacie\u015bnienia partnerstwa i wsp\u00f3\u0142pracy polityczno-wojskowej mi\u0119dzy Polsk\u0105 i USA, Minister Obrony Narodowej ju\u017c na pocz\u0105tku 2021 r. ustanowi\u0142 Pe\u0142nomocnika odpowiedzialnego za rozbudow\u0119 infrastruktury na rzecz wojsk USA. Mam zaszczyt pe\u0142ni\u0107 t\u0119 funkcj\u0119 przez blisko pi\u0119\u0107 lat i oceniam uzyskane we wsp\u00f3\u0142pracy z ameryka\u0144skimi partnerami efekty bardzo pozytywnie. Dotychczas rozpocz\u0119to bowiem realizacj\u0119 a\u017c 55 z wcze\u015bniej wspomnianej puli 115 projekt\u00f3w. To du\u017ce osi\u0105gni\u0119cie jak na cztery lata realizacji programu. Projekty te s\u0105 na r\u00f3\u017cnym etapie realizacji, poczynaj\u0105c od opracowania wymaga\u0144 operacyjnych przez stron\u0119 ameryka\u0144sk\u0105, poprzez faz\u0119 projektowania, a\u017c do fizycznego wykonania rob\u00f3t. Kolejno\u015b\u0107 i terminy realizacji inwestycji, rozwi\u0105zania funkcjonalne i techniczne uzgadniamy ze stron\u0105 ameryka\u0144sk\u0105. To proces wieloetapowy i czasoch\u0142onny, mamy ju\u017c jednak w tym zakresie wymierne efekty.\u00a0<\/p>\n<p class=\"paragraph-module\">Kt\u00f3re z tych zdolno\u015bci maj\u0105 dzi\u015b najwi\u0119ksze znaczenie operacyjne z punktu widzenia ewentualnego kryzysu lub konfliktu?\u00a0<\/p>\n<p class=\"paragraph-module\">Trudno jednoznacznie odpowiedzie\u0107 na tak zadane pytanie, gdy\u017c dostarczane zdolno\u015bci stanowi\u0105\u00a0\u201esystem naczy\u0144 po\u0142\u0105czonych\u201d. Realizujemy projekty o zr\u00f3\u017cnicowanej funkcji i specyfice, kt\u00f3rych zakres rzeczowy stanowi o dostarczaniu konkretnych zdolno\u015bci, m.in. w zakresie: zabezpieczenia szybkiego przemieszczenia wojsk, takich jak lotnicze porty roz\u0142adunkowo\u2013za\u0142adunkowe oraz polowe bazy zakwaterowania tymczasowego, mo\u017cliwo\u015bci przechowywania sprz\u0119tu i \u015brodk\u00f3w bojowych, zabezpieczenia \u0142\u0105czno\u015bci i dowodzenia oraz obiekty zakwaterowania i operacyjnego rozmieszczenia pododdzia\u0142\u00f3w ameryka\u0144skich.\u00a0<\/p>\n<p class=\"paragraph-module\">Jakie s\u0105 najwa\u017cniejsze projekty, o kt\u00f3rych Pan Genera\u0142 mo\u017ce powiedzie\u0107?<\/p>\n<p class=\"paragraph-module\">Du\u017cym nak\u0142adem pracy, przy olbrzymim zaanga\u017cowaniu podleg\u0142ych mi inwestor\u00f3w wojskowych oraz Agencji Mienia Wojskowego, kt\u00f3ra pe\u0142ni rol\u0119 inwestora dla wybranych projekt\u00f3w, zako\u0144czono ju\u017c realizacj\u0119 trzech du\u017cych zada\u0144 inwestycyjnych na terenie 33. Bazy Lotnictwa Transportowego oraz dw\u00f3ch inwestycji na terenie o\u015brodk\u00f3w szkolenia poligonowego. S\u0105 to m.in. magazyn paliw wraz z obiektem dystrybucji paliw, magazyn mobilnego systemu budowy i utrzymania lotnisk oraz miejsca tymczasowego stacjonowania wojsk o \u0142\u0105cznej pojemno\u015bci ponad 8 tysi\u0119cy \u017co\u0142nierzy.\u00a0<\/p>\n<p class=\"paragraph-module\">Aktualnie kontynuowane s\u0105 prace projektowe dla lotniczej bazy za\u0142adunkowo-roz\u0142adunkowej Si\u0142 Powietrznych Stan\u00f3w Zjednoczonych we Wroc\u0142awiu, bazy dla bezza\u0142ogowych statk\u00f3w powietrznych oraz g\u0142\u00f3wnej bazy Pancernej Brygadowej Grupy Bojowej Si\u0142 Zbrojnych USA w zachodniej cz\u0119\u015bci kraju.\u00a0<\/p>\n<p class=\"paragraph-module\">Na etapie prac budowlanych jest m.in. siedziba dow\u00f3dztwa V Korpusu w Poznaniu oraz liczne projekty na terenie 33. Bazy Lotnictwa Transportowego w Powidzu.\u00a0<\/p>\n<p class=\"paragraph-module\">Nale\u017cy przy tym pami\u0119ta\u0107, \u017ce wraz ze zmianami w \u015brodowisku bezpiecze\u0144stwa oraz wewn\u0119trznej organizacji i wyposa\u017ceniu ameryka\u0144skich si\u0142 zbrojnych ewoluuj\u0105 te\u017c potrzeby infrastrukturalne. Prowadzimy w tym wzgl\u0119dzie sta\u0142y dialog ze stron\u0105 ameryka\u0144sk\u0105 na r\u00f3\u017cnych poziomach, staraj\u0105c si\u0119 elastycznie reagowa\u0107 na zmiany w wymaganiach operacyjnych, dostosowuj\u0105c lokalizacje, zakres rzeczowy i finansowy planowanych inwestycji oraz parametry funkcjonalno-u\u017cytkowe poszczeg\u00f3lnych obiekt\u00f3w do potrzeb przedstawionych i uzasadnionych przez stron\u0119 ameryka\u0144sk\u0105.\u00a0<\/p>\n<p class=\"paragraph-module\">Jakie prace zostan\u0105 zako\u0144czone w 2026 roku?\u00a0\u00a0<\/p>\n<p class=\"paragraph-module\">W 2026 r. planowane jest zako\u0144czenie i oddanie do u\u017cytkowania p\u0142yty postojowej wraz z infrastruktur\u0105 towarzysz\u0105c\u0105 dla \u015bmig\u0142owc\u00f3w AH-64, infrastruktury dla wojsk specjalnych, obiektu przeznaczonego do instalacji system\u00f3w informatycznych oraz bocznicy kolejowej i magazynu paliw z systemem dystrybucji.\u00a0<\/p>\n<p class=\"paragraph-module\">W debacie publicznej pojawia si\u0119 pytanie o koszty EDCA.\u00a0Czy z tej perspektywy EDCA nale\u017cy postrzega\u0107 nie jako koszt, ale jako inwestycj\u0119 w narodowe zdolno\u015bci obronne?\u00a0<\/p>\n<p class=\"paragraph-module\">Zakres i tempo realizacji programu IZPP wymaga du\u017cego zaanga\u017cowania organizacyjnego i finansowego ze strony resortu obrony narodowej. Niemniej jednak, jest to w pierwszej kolejno\u015bci inwestycja w polskie bezpiecze\u0144stwo, kt\u00f3ra ma fundamentalne znaczenie dla utrzymania zdolno\u015bci do wiarygodnego odstraszania i obrony, poprzez trwa\u0142\u0105 obecno\u015b\u0107 wojsk sojuszniczych na terytorium Polski. Co wi\u0119cej, nowa infrastruktura powstaje na terytorium Polski, stanowi wy\u0142\u0105czn\u0105 w\u0142asno\u015b\u0107 strony polskiej i mo\u017ce by\u0107 wykorzystywana wsp\u00f3lnie przez wojska polskie i ameryka\u0144skie, a tak\u017ce inne wojska sojusznicze \u2013 o ile zaistnieje taka potrzeba. Podnosimy bowiem og\u00f3lne zdolno\u015bci transportowe, kwaterunkowe, magazynowe i szkoleniowe polskiej infrastruktury wojskowej.\u00a0<\/p>\n<p class=\"paragraph-module\">Bior\u0105c powy\u017csze pod uwag\u0119, obecno\u015b\u0107 si\u0142 USA i koszty, jakie w zwi\u0105zku z tym ponosi strona polska, powinny by\u0107 postrzegane poprzez pryzmat budowania naszych narodowych zdolno\u015bci. Przedsi\u0119wzi\u0119cia, kt\u00f3re podejmujemy w wymiarze sojuszniczym i narodowym, s\u0105 bowiem sp\u00f3jne i wzajemnie komplementarne. Wzmacniaj\u0105 one interoperacyjno\u015b\u0107 i skuteczno\u015b\u0107 wsp\u00f3\u0142dzia\u0142ania z wojskami ameryka\u0144skimi.\u00a0<\/p>\n<p class=\"paragraph-module\">Trzeba pami\u0119ta\u0107, \u017ce wys\u0142anie \u017co\u0142nierzy do realizacji misji na innych kontynentach niesie okre\u015blone koszty tak\u017ce dla USA oraz \u017ce gwarantowane w ten spos\u00f3b \u2013 cz\u0119sto unikalne i niedost\u0119pne dla innych pa\u0144stw \u2013 zdolno\u015bci operacyjne maj\u0105 te\u017c sw\u00f3j wymiar ekonomiczny, gdy\u017c koszt ich samodzielnego pozyskania by\u0142by ogromny. USA rozmieszczaj\u0105 w Polsce uzbrojenie i sprz\u0119t wojskowy oraz si\u0142y o du\u017cym potencjale bojowym, kt\u00f3rych wyposa\u017cenie i wyszkolenie wymaga ogromnych nak\u0142ad\u00f3w finansowych.\u00a0<\/p>\n<p class=\"paragraph-module\">Na ile jednak ta infrastruktura s\u0142u\u017cy r\u00f3wnie\u017c Wojsku Polskiemu?\u00a0<\/p>\n<p class=\"paragraph-module\">Warto wspomnie\u0107, \u017ce ju\u017c po podpisaniu EDCA uzgodniono ze stron\u0105 ameryka\u0144sk\u0105 szczeg\u00f3\u0142ow\u0105 list\u0119 obiekt\u00f3w wsp\u00f3\u0142u\u017cytkowanych. Lista ta jest d\u0142uga i znajduj\u0105 si\u0119 na niej obiekty o znacz\u0105cych parametrach operacyjnych i u\u017cytkowych. W praktyce, si\u0142y zbrojne USA gwarantuj\u0105 sobie wy\u0142\u0105czne prawa do u\u017cytkowania jedynie wybranej cz\u0119\u015bci obiekt\u00f3w infrastruktury, wobec kt\u00f3rych wymagaj\u0105 tego uwarunkowania operacyjne lub zwi\u0105zane z dost\u0119pem do unikalnych technologii wojskowych albo ochron\u0105 informacji niejawnych.\u00a0<\/p>\n<p class=\"paragraph-module\">Dla przyk\u0142adu wskaza\u0107 nale\u017cy, \u017ce znakomita wi\u0119kszo\u015b\u0107 projekt\u00f3w realizowanych np. w ramach budowy lotniczych baz roz\u0142adunkowo\u2013za\u0142adunkowych b\u0119dzie mog\u0142a by\u0107 wykorzystywana przez obie strony umowy, stosownie do potrzeb operacyjnych, r\u00f3wnie\u017c z uwzgl\u0119dnieniem udost\u0119pnienia jej dla wykorzystania przez operator\u00f3w cywilnych, je\u017celi sytuacja b\u0119dzie tego wymaga\u0142a.\u00a0<\/p>\n<p class=\"paragraph-module\">Czy strona polska r\u00f3wnie\u017c korzysta z rozbudowy infrastruktury powstaj\u0105cej w ramach EDCA?<\/p>\n<p class=\"paragraph-module\">Wszystkie inwestycje powstaj\u0105 zgodnie z wymaganiami operacyjnymi i standardami technicznymi strony ameryka\u0144skiej, przy jednoczesnej ich polonizacji \u2013 tzn. zastosowaniu w mo\u017cliwie szerokim zakresie materia\u0142\u00f3w i rozwi\u0105za\u0144 technicznych stosowanych w Polsce, je\u017celi tylko spe\u0142niaj\u0105 wymagania i mo\u017cna je pogodzi\u0107 z wymaganiami ameryka\u0144skimi. Projekty te s\u0105 w zdecydowanej wi\u0119kszo\u015bci realizowane przez polskich wykonawc\u00f3w i podwykonawc\u00f3w. Alokowane \u015brodki trafiaj\u0105 wi\u0119c do lokalnych firm, kt\u00f3re szybko dostosowuj\u0105 si\u0119 do wymaga\u0144 strony ameryka\u0144skiej w zakresie jako\u015bci procesu budowlanego i \u015bwiadczenia us\u0142ug zabezpieczaj\u0105cych. Inwestycje te staj\u0105 si\u0119 wi\u0119c bod\u017acem do uruchomienia efekt\u00f3w mno\u017cnikowych dla gospodarki, tak w wymiarze lokalnym, jak i og\u00f3lnopa\u0144stwowym.\u00a0<\/p>\n<p class=\"paragraph-module\">Czy strona ameryka\u0144ska r\u00f3wnie\u017c inwestuje w Polsce?\u00a0<\/p>\n<p class=\"paragraph-module\">W ramach obowi\u0105zuj\u0105cej umowy na terytorium Polski powstaj\u0105 r\u00f3wnie\u017c projekty finansowane przez stron\u0119 ameryka\u0144sk\u0105, kt\u00f3re po zako\u0144czeniu procesu budowlanego przyjmowane s\u0105 na ewidencj\u0119 i w\u0142asno\u015b\u0107 strony polskiej. Jednocze\u015bnie, w przypadku ewentualnej rezygnacji z wykorzystania jakiej\u015b cz\u0119\u015bci infrastruktury dedykowanej dla si\u0142 zbrojnych USA, uwolnione obiekty b\u0119d\u0105 w ca\u0142o\u015bci wykorzystane przez Wojsko Polskie.\u00a0<\/p>\n<p class=\"paragraph-module\">Obok dopiero planowanych inwestycji z programu CEPS i umowy EDCA, jakie inne najwa\u017cniejsze przedsi\u0119wzi\u0119cia realizowane s\u0105 w ramach wsp\u00f3\u0142pracy mi\u0119dzynarodowej?\u00a0<\/p>\n<p class=\"paragraph-module\">Realizuj\u0105c zadania po\u0142\u0105czonego dow\u00f3dztwa logistycznego prowadzimy bardzo intensywn\u0105 i o\u017cywion\u0105 wsp\u00f3\u0142prac\u0119 z naszymi sojusznikami, szczeg\u00f3lnie w zakresie organizacji i koordynacji donacji dla SZ Ukrainy, jak r\u00f3wnie\u017c zabezpieczenia pobytu wojsk sojuszniczych na terenie naszego kraju, organizacji procesu przemieszczenia i przyj\u0119cia sojuszniczych si\u0142 wzmocnienia, a tak\u017ce eksploatacji zagranicznej techniki wojskowej. W proces ten zaanga\u017cowane s\u0105 w zasadzie wszystkie podsystemy logistyki.\u00a0<\/p>\n<p class=\"paragraph-module\">Co oczywiste, w spos\u00f3b ci\u0105g\u0142y wsp\u00f3\u0142pracujemy z r\u00f3\u017cnymi strukturami si\u0142 zbrojnych USA, co zwi\u0105zane jest m.in. z rutynowymi kwestiami zabezpieczenia pobytu wojsk ameryka\u0144skich na terytorium Polski, ale te\u017c z realizowanymi wsp\u00f3lnie projektami infrastrukturalnymi. Warto w tym wzgl\u0119dzie wspomnie\u0107, \u017ce nasze zaanga\u017cowanie i profesjonalizm s\u0105 dostrzegane i doceniane przez stron\u0119 ameryka\u0144sk\u0105, co znalaz\u0142o odzwierciedlenie w przyznaniu naszym si\u0142om zbrojnym nagrody Army Community Partnership Award, kt\u00f3r\u0105 odebra\u0142em w kwietniu 2025 r. w imieniu wszystkich polskich logistyk\u00f3w.\u00a0<\/p>\n<p class=\"paragraph-module\">Na bie\u017c\u0105co wsp\u00f3\u0142pracujemy tak\u017ce z Dow\u00f3dztwem Logistycznym Armii Korei Po\u0142udniowej, wykorzystuj\u0105c jego do\u015bwiadczenie w zakresie eksploatacji nowopozyskiwanego uzbrojenia produkcji korea\u0144skiej. Podobnie, wsp\u00f3\u0142pracujemy z Dow\u00f3dztwem Logistycznym Ukrainy, staraj\u0105c si\u0119 pozna\u0107 i wykorzysta\u0107 unikalne do\u015bwiadczenia zdobyte przez naszych ukrai\u0144skich partner\u00f3w w zakresie organizacji procesu wsparcia logistycznego wojsk w \u015brodowisku kontestowanym.\u00a0<\/p>\n<p class=\"paragraph-module\">Czy mobilno\u015b\u0107 wojskowa staje si\u0119 dzi\u015b jednym z g\u0142\u00f3wnych priorytet\u00f3w inwestycyjnych NATO?\u00a0<\/p>\n<p class=\"paragraph-module\">Kontynuujemy te\u017c wsp\u00f3\u0142prac\u0119 w zakresie uruchomienia polsko\u2013niemiecko\u2013holenderskiego korytarza transportowego, dotycz\u0105c\u0105 w szczeg\u00f3lno\u015bci implementacji uzgodnionych rozwi\u0105za\u0144 i rekomendacji w zakresie poprawy mobilno\u015bci wojskowej.\u00a0<\/p>\n<p class=\"paragraph-module\">W Kwaterze G\u0142\u00f3wnej NATO rozpoczn\u0105 si\u0119 prace nad pakietem zdolno\u015bciowym\u00a0\u201eFacilities\u00a0for Logistics Operations \u2013 FLO\u201d, kt\u00f3ry skupia si\u0119 na rozbudowie zdolno\u015bci s\u0142u\u017c\u0105cych przyj\u0119ciu sojuszniczych si\u0142 wzmocnienia, w tym projekt\u00f3w dedykowanych poprawie mobilno\u015bci wojskowej, kt\u00f3re po ich zatwierdzeniu powinny uzyska\u0107 mo\u017cliwo\u015b\u0107 sfinansowania z funduszy wsp\u00f3lnych NATO.<\/p>\n<p class=\"paragraph-module\">Dzi\u0119kuj\u0119 za rozmow\u0119<\/p>\n","protected":false},"excerpt":{"rendered":"WYWIADY WIADOMO\u015aCI POLECANE J\u0119drzej Graf Polska staje si\u0119 kluczowym zapleczem logistycznym NATO na wschodniej flance. O znaczeniu systemu&hellip;\n","protected":false},"author":2,"featured_media":154028,"comment_status":"","ping_status":"","sticky":false,"template":"","format":"standard","meta":{"footnotes":""},"categories":[12],"tags":[32,33,30828,30827,36,37,27,30825,30829,34,35,4027,28,31,25,5021,30826,42,38,40,39,41,30824,19572,29,30,71,26,5041],"class_list":{"0":"post-154027","1":"post","2":"type-post","3":"status-publish","4":"format-standard","5":"has-post-thumbnail","7":"category-polska","8":"tag-breaking-news","9":"tag-breakingnews","10":"tag-ceps","11":"tag-enhanced-defense-cooperation-agreement","12":"tag-featured-news","13":"tag-featurednews","14":"tag-headlines","15":"tag-inspektorat-wsparcia","16":"tag-iwsz-sz","17":"tag-latest-news","18":"tag-latestnews","19":"tag-logistyka","20":"tag-naglowki","21":"tag-najwazniejsze-artykuly","22":"tag-news","23":"tag-paliwo","24":"tag-pern","25":"tag-pl","26":"tag-poland","27":"tag-polish","28":"tag-polska","29":"tag-polski","30":"tag-powidz","31":"tag-rurociag","32":"tag-top-stories","33":"tag-topstories","34":"tag-usa","35":"tag-wiadomosci","36":"tag-wojsko-polskie"},"share_on_mastodon":{"url":"https:\/\/pubeurope.com\/@pl\/115729540701465976","error":""},"_links":{"self":[{"href":"https:\/\/www.europesays.com\/pl\/wp-json\/wp\/v2\/posts\/154027","targetHints":{"allow":["GET"]}}],"collection":[{"href":"https:\/\/www.europesays.com\/pl\/wp-json\/wp\/v2\/posts"}],"about":[{"href":"https:\/\/www.europesays.com\/pl\/wp-json\/wp\/v2\/types\/post"}],"author":[{"embeddable":true,"href":"https:\/\/www.europesays.com\/pl\/wp-json\/wp\/v2\/users\/2"}],"replies":[{"embeddable":true,"href":"https:\/\/www.europesays.com\/pl\/wp-json\/wp\/v2\/comments?post=154027"}],"version-history":[{"count":0,"href":"https:\/\/www.europesays.com\/pl\/wp-json\/wp\/v2\/posts\/154027\/revisions"}],"wp:featuredmedia":[{"embeddable":true,"href":"https:\/\/www.europesays.com\/pl\/wp-json\/wp\/v2\/media\/154028"}],"wp:attachment":[{"href":"https:\/\/www.europesays.com\/pl\/wp-json\/wp\/v2\/media?parent=154027"}],"wp:term":[{"taxonomy":"category","embeddable":true,"href":"https:\/\/www.europesays.com\/pl\/wp-json\/wp\/v2\/categories?post=154027"},{"taxonomy":"post_tag","embeddable":true,"href":"https:\/\/www.europesays.com\/pl\/wp-json\/wp\/v2\/tags?post=154027"}],"curies":[{"name":"wp","href":"https:\/\/api.w.org\/{rel}","templated":true}]}}