{"id":154037,"date":"2025-12-16T13:48:10","date_gmt":"2025-12-16T13:48:10","guid":{"rendered":"https:\/\/www.europesays.com\/pl\/154037\/"},"modified":"2025-12-16T13:48:10","modified_gmt":"2025-12-16T13:48:10","slug":"niemcy-dwa-wypadki-z-udzialem-polskich-ciezarowek-jeden-z-pojazdow-przewozil-buraki","status":"publish","type":"post","link":"https:\/\/www.europesays.com\/pl\/154037\/","title":{"rendered":"Niemcy. Dwa wypadki z udzia\u0142em polskich ci\u0119\u017car\u00f3wek. Jeden z pojazd\u00f3w przewozi\u0142 buraki"},"content":{"rendered":"<p>W skr\u00f3cie<\/p>\n<ul class=\"typography ids-typeset-body ids-typeset-body--preset-large list ids-list ids-list--unordered ids-list--size-large \" datatype=\"disc\">\n<li class=\"ids-list-item\">\n<p>W Niemczech dosz\u0142o do dw\u00f3ch powa\u017cnych wypadk\u00f3w z udzia\u0142em polskich ci\u0119\u017car\u00f3wek.<\/p>\n<\/li>\n<li class=\"ids-list-item\">\n<p>W jednym z nich drog\u0119 ca\u0142kowicie zablokowa\u0142o ponad 20 ton rozsypanych burak\u00f3w cukrowych.<\/p>\n<\/li>\n<li class=\"ids-list-item\">\n<p>W wyniku zdarze\u0144 dw\u00f3ch kierowc\u00f3w zosta\u0142o rannych, a trasy przez wiele godzin by\u0142y nieprzejezdne.<\/p>\n<\/li>\n<li class=\"ids-list-item\"><\/li>\n<\/ul>\n<p class=\"typography ids-typeset-body ids-typeset-body--preset-large link paragraph ids-paragraph ids-paragraph--default\">Na drodze krajowej nr 19 w pobli\u017cu Bad S\u00fclze (Meklemburgia-Pomorze Przednie) w poniedzia\u0142ek oko\u0142o godziny 20 dosz\u0142o do powa\u017cnego wypadku &#8211; przekaza\u0142a niemiecka policja.<\/p>\n<p class=\"typography ids-typeset-body ids-typeset-body--preset-large link paragraph ids-paragraph ids-paragraph--default\">W ci\u0119\u017car\u00f3wce, kt\u00f3r\u0105 kierowa\u0142 46-letni Polak, p\u0119k\u0142a opona. Gumowe fragmenty uszkodzonej opony\u00a0owin\u0119\u0142y si\u0119 wok\u00f3\u0142 ko\u0142a z ty\u0142u\u00a0i doprowadzi\u0142y do jego zablokowania.<\/p>\n<p class=\"typography ids-typeset-body ids-typeset-body--preset-large link paragraph ids-paragraph ids-paragraph--default\">W wyniku tego ci\u0119\u017car\u00f3wka nagle skr\u0119ci\u0142a w praw\u0105 stron\u0119, wpad\u0142a w po\u015blizg i przewr\u00f3ci\u0142a si\u0119. Z wywr\u00f3conej naczepy na jezdnie wysypa\u0142o si\u0119 ponad 20 ton burak\u00f3w cukrowych. Warzywa zablokowa\u0142y drog\u0119.<\/p>\n<p class=\"typography ids-typeset-body ids-typeset-body--preset-large link paragraph ids-paragraph ids-paragraph--default\">Policja przekaza\u0142a, \u017ce kierowca ci\u0119\u017car\u00f3wki odni\u00f3s\u0142 powa\u017cne, ale nie zagra\u017caj\u0105ce \u017cyciu obra\u017cenia. Zosta\u0142\u00a0przewieziony karetk\u0105 pogotowia do kliniki uniwersyteckiej\u00a0w Rostocku.<\/p>\n<p class=\"typography ids-typeset-body ids-typeset-body--preset-large link paragraph ids-paragraph ids-paragraph--default\">Na miejscu pracowa\u0142y s\u0142u\u017cby porz\u0105dkowe, kt\u00f3re usuwa\u0142y wysypany \u0142adunek. Trasa pozosta\u0142a zablokowana wczesnych godzin porannych. Ca\u0142kowita warto\u015b\u0107 szk\u00f3d materialnych oszacowano na oko\u0142o 70 tys. euro (oko\u0142o 300 tys. z\u0142otych).<\/p>\n<p>Wypadek z udzia\u0142em polskiej ci\u0119\u017car\u00f3wki. Trasa zablokowana<\/p>\n<p class=\"typography ids-typeset-body ids-typeset-body--preset-large link paragraph ids-paragraph ids-paragraph--default\">We wtorek nad ranem, oko\u0142o godziny 3:35, stra\u017c po\u017carna z Porta Westfalica zosta\u0142a wezwana do kolejnego wypadku z udzia\u0142em polskiej ci\u0119\u017car\u00f3wki.<\/p>\n<p class=\"typography ids-typeset-body ids-typeset-body--preset-large link paragraph ids-paragraph ids-paragraph--default\">Do zdarzenia dosz\u0142o na autostradzie A2, mi\u0119dzy Veltheim a Bad Eilsen. Pojazd z naczep\u0105 jecha\u0142 w kierunku Hanoweru i z nieznanych dot\u0105d przyczyn uderzy\u0142 w pas rozdzielaj\u0105cy jezdnie.<\/p>\n<p class=\"typography ids-typeset-body ids-typeset-body--preset-large link paragraph ids-paragraph ids-paragraph--default\">W wyniku zderzenia z betonow\u0105 \u015bcian\u0105 ci\u0119\u017car\u00f3wka przewr\u00f3ci\u0142a si\u0119 na barier\u0119. Kabina kierowcy zatrzyma\u0142a si\u0119 na przeszkodzie, a naczepa cz\u0119\u015bciowo na lewym pasie ruchu w kierunku Dortmundu.<\/p>\n<p class=\"typography ids-typeset-body ids-typeset-body--preset-large link paragraph ids-paragraph ids-paragraph--default\">Pojazd przewozi\u0142\u00a0granulat z tworzyw sztucznych. W wyniku uderzenia cz\u0119\u015b\u0107 \u0142adunku rozsypa\u0142a si\u0119 po jezdni.<\/p>\n<p class=\"typography ids-typeset-body ids-typeset-body--preset-large link paragraph ids-paragraph ids-paragraph--default\">Jak przekaza\u0142a stra\u017c po\u017carna, w wypadku ucierpia\u0142 kierowca, kt\u00f3rego lewa r\u0119ka zosta\u0142a uwi\u0119ziona mi\u0119dzy pojazdem a barierk\u0105 ochronn\u0105. Podczas akcji ratowniczej by\u0142 przytomny. M\u0119\u017cczyzn\u0119 uwolniono i udzielono mu pomocy medycznej. Z obra\u017ceniami zagra\u017caj\u0105cymi \u017cyciu\u00a0zosta\u0142 przewieziony do szpitala w Minden.<\/p>\n<p class=\"typography ids-typeset-body ids-typeset-body--preset-large link paragraph ids-paragraph ids-paragraph--default\">S\u0142u\u017cby przeprowadzi\u0142y akcj\u0119 usuwania zanieczyszcze\u0144 z miejsca wypadku. W kierunku Hanoweru ruch drogowy by\u0142 kierowany jednym pasem. Trasa w stron\u0119 Dortmundu zosta\u0142a ca\u0142kowicie zamkni\u0119ta. Dodano, \u017ce\u00a0nale\u017cy spodziewa\u0107 si\u0119 dalszych utrudnie\u0144 w ruchu na autostradzie A2.<\/p>\n<p>&#8222;DE:KOD&#8221;. Niemcy: Siedem pu\u0142apek na drodzeINTERIA.PL<\/p>\n<p><a class=\"ids-undecorated-link source ids-page-info--source__link\" href=\"https:\/\/www.interia.pl\" rel=\"nofollow noopener\" target=\"_blank\"><img decoding=\"async\" class=\"ids-image-holder__img\" loading=\"lazy\" alt=\"\" title=\"\" height=\"24px\" src=\"https:\/\/www.europesays.com\/pl\/wp-content\/uploads\/2025\/12\/1765870332_919_0009A60QQ5I2TYF7-C202-F4.webp.webp\"\/><\/a><\/p>\n<p>Masz sugestie, uwagi albo widzisz b\u0142\u0105d? Napisz do nas<\/p>\n","protected":false},"excerpt":{"rendered":"W skr\u00f3cie W Niemczech dosz\u0142o do dw\u00f3ch powa\u017cnych wypadk\u00f3w z udzia\u0142em polskich ci\u0119\u017car\u00f3wek. W jednym z nich drog\u0119&hellip;\n","protected":false},"author":2,"featured_media":154038,"comment_status":"","ping_status":"","sticky":false,"template":"","format":"standard","meta":{"footnotes":""},"categories":[14],"tags":[32,33,27,34,35,28,31,25,40,41,80,29,30,26,82,83,84],"class_list":{"0":"post-154037","1":"post","2":"type-post","3":"status-publish","4":"format-standard","5":"has-post-thumbnail","7":"category-swiat","8":"tag-breaking-news","9":"tag-breakingnews","10":"tag-headlines","11":"tag-latest-news","12":"tag-latestnews","13":"tag-naglowki","14":"tag-najwazniejsze-artykuly","15":"tag-news","16":"tag-polish","17":"tag-polski","18":"tag-swiat","19":"tag-top-stories","20":"tag-topstories","21":"tag-wiadomosci","22":"tag-world","23":"tag-world-news","24":"tag-worldnews"},"share_on_mastodon":{"url":"https:\/\/pubeurope.com\/@pl\/115729564224390845","error":""},"_links":{"self":[{"href":"https:\/\/www.europesays.com\/pl\/wp-json\/wp\/v2\/posts\/154037","targetHints":{"allow":["GET"]}}],"collection":[{"href":"https:\/\/www.europesays.com\/pl\/wp-json\/wp\/v2\/posts"}],"about":[{"href":"https:\/\/www.europesays.com\/pl\/wp-json\/wp\/v2\/types\/post"}],"author":[{"embeddable":true,"href":"https:\/\/www.europesays.com\/pl\/wp-json\/wp\/v2\/users\/2"}],"replies":[{"embeddable":true,"href":"https:\/\/www.europesays.com\/pl\/wp-json\/wp\/v2\/comments?post=154037"}],"version-history":[{"count":0,"href":"https:\/\/www.europesays.com\/pl\/wp-json\/wp\/v2\/posts\/154037\/revisions"}],"wp:featuredmedia":[{"embeddable":true,"href":"https:\/\/www.europesays.com\/pl\/wp-json\/wp\/v2\/media\/154038"}],"wp:attachment":[{"href":"https:\/\/www.europesays.com\/pl\/wp-json\/wp\/v2\/media?parent=154037"}],"wp:term":[{"taxonomy":"category","embeddable":true,"href":"https:\/\/www.europesays.com\/pl\/wp-json\/wp\/v2\/categories?post=154037"},{"taxonomy":"post_tag","embeddable":true,"href":"https:\/\/www.europesays.com\/pl\/wp-json\/wp\/v2\/tags?post=154037"}],"curies":[{"name":"wp","href":"https:\/\/api.w.org\/{rel}","templated":true}]}}